{"id":30363,"date":"2018-07-11T17:34:50","date_gmt":"2018-07-11T16:34:50","guid":{"rendered":"https:\/\/www.fotocasa.es\/fotocasa-life\/?p=30363"},"modified":"2020-11-27T13:28:48","modified_gmt":"2020-11-27T12:28:48","slug":"solvia-estima-que-en-2018-la-compraventa-de-vivienda-crecera-un-72","status":"publish","type":"post","link":"https:\/\/www.fotocasa.es\/fotocasa-life\/hipotecas-finanzas\/solvia-estima-que-en-2018-la-compraventa-de-vivienda-crecera-un-72\/","title":{"rendered":"Cada espa\u00f1ol gast\u00f3 una media de 1.358 euros en seguros en 2017, un 1% menos, seg\u00fan Mapfre"},"content":{"rendered":"<p><strong>Cada espa\u00f1ol gast\u00f3 una media de 1.357,8 euros en seguros en 2017<\/strong>, una cifra que supone una ca\u00edda de un 1% respecto a los 1.370,6 euros del ejercicio anterior, seg\u00fan se desprende del informe &#8216;El mercado espa\u00f1ol de seguros&#8217; elaborado por Mapfre.<\/p>\n<p>Concretamente, el mayor gasto correspondi\u00f3 <strong>a <a href=\"https:\/\/www.fotocasa.es\/fotocasa-life\/alquiler\/la-contratacion-de-seguros-de-impago-de-alquiler-crecio-un-30-en-2017-segun-oesa\/\">seguros<\/a> de no vida,<\/strong> a los que se destinaron una media de 728,1 euros, entre otras razones por la obligatoriedad del seguro del autom\u00f3vil. Los seguros de vida acapararon 629,7 euros, frente a los 668,6 euros de 2016.<\/p>\n<p>Por comunidades aut\u00f3nomas, <strong>Madrid, con una media de 1.607 euros por persona<\/strong>, Catalu\u00f1a (1.494 euros), Navarra (1.485 euros) y Arag\u00f3n (1.382 euros) se consolidaron como las que m\u00e1s gastan en productos aseguradores.<\/p>\n<p>Al otro lado de la balanza se sit\u00faan comunidades como Ceuta y Melilla, <strong>con una prima per c\u00e1pita de 658 euros,<\/strong> seguida de Canarias (754 euros), Murcia (798 euros) y Extremadura (810 euros).<\/p>\n<p>&nbsp;<\/p>\n<h3>Datos sobre la industria del seguro<\/h3>\n<p>La industria del seguro ingres\u00f3 en t\u00e9rminos agregados un total de 63.410 millones de euros en 2017, lo que representa una ca\u00edda del 0,7% , debido a la \u00abgran variabilidad\u00bb del segmento de vida. Adem\u00e1s, el sector <strong>represent\u00f3 el 5,45% del Producto Interior Bruto (PIB) de Espa\u00f1a<\/strong>, lo que supone 25 puntos b\u00e1sicos menos que un a\u00f1o antes, cuando alcanz\u00f3 su m\u00e1ximo hist\u00f3rico en el 5,71%.<\/p>\n<p>Seg\u00fan ha explicado el director general del servicio de estudios de Mapfre, Manuel Aguilera, durante la presentaci\u00f3n del documento, el descenso de las primas se debe b\u00e1sicamente a la ca\u00edda de los seguros de vida en un 5,6%, hasta los 29.407 millones de euros, condicionado \u00abfuertemente\u00bb por los bajos tipos de inter\u00e9s.<\/p>\n<p>No obstante, este descenso se compens\u00f3 parcialmente con el incremento del 4% de los seguros de no vida, que acumulan cuatro a\u00f1os consecutivos al alza, cuyas primas ascendieron a 34.003 millones de euros, gracias a la recuperaci\u00f3n de la actividad econ\u00f3mica y a la mayor capacidad de consumo de las empresas y los hogares.<\/p>\n<p>&nbsp;<\/p>\n<h3 class=\"ladillo\">Espa\u00f1a necesita gestionar m\u00e1s ahorros<\/h3>\n<p>El desempe\u00f1o del mercado asegurador espa\u00f1ol se ralentiz\u00f3 en 2017 y <strong>se separ\u00f3 de la tendencia de franca expansi\u00f3n iniciada en 2014<\/strong>. \u00abEste comportamiento se hace patente en el hecho de que los \u00edndices de penetraci\u00f3n, densidad y profundizaci\u00f3n registraron ligeras ca\u00eddas respecto a\u00f1o previo\u00bb, ha subrayado. Esto ha llevado al sector a mantenerse por debajo del promedio de las principales quince econom\u00edas de la Uni\u00f3n Europea (UE).<\/p>\n<p><strong>Para cerrar la brecha de aseguramiento<\/strong>, que se observa m\u00e1s acentuada en el segmento de los seguros de vida, Aguilera cree que en Espa\u00f1a es necesario que se gestionen m\u00e1s ahorros. \u00abClaramente en este pa\u00eds el ahorro a medio y largo plazo es un aspecto que tiene que desarrollarse\u00bb, ha aseverado.<\/p>\n<p>Tal y como ha dicho, la pir\u00e1mide poblacional espa\u00f1ola anticipa uno de los <strong>mayores niveles de longevidad<\/strong> de todo el mundo. \u00abEsto es un problema, sobre todo con el tema de las pensiones\u00bb, ha precisado.<\/p>\n<p>Para el directivo, aunque las pensiones p\u00fablicas son un \u00abpilar fundamental\u00bb, <strong>deber\u00edan completarse mediante la combinaci\u00f3n de un sistema basado en el ahorro individual<\/strong>, que permita lograr los ingresos suficientes para el futuro.<\/p>\n","protected":false},"excerpt":{"rendered":"<p>Cada espa\u00f1ol gast\u00f3 una media de 1.357,8 euros en seguros en 2017, una cifra que supone una ca\u00edda de un 1% respecto a los 1.370,6 euros de 2016.<\/p>\n","protected":false},"author":3,"featured_media":28449,"comment_status":"open","ping_status":"closed","sticky":false,"template":"","format":"standard","meta":{"_lmt_disableupdate":"yes","_lmt_disable":"","footnotes":""},"categories":[6],"tags":[409,2411,247,408],"class_list":["post-30363","post","type-post","status-publish","format-standard","has-post-thumbnail","hentry","category-hipotecas-finanzas","tag-contratar-seguros","tag-seguro","tag-seguros","tag-seguros-del-hogar"],"modified_by":"fotocasa","_links":{"self":[{"href":"https:\/\/www.fotocasa.es\/fotocasa-life\/wp-json\/wp\/v2\/posts\/30363","targetHints":{"allow":["GET"]}}],"collection":[{"href":"https:\/\/www.fotocasa.es\/fotocasa-life\/wp-json\/wp\/v2\/posts"}],"about":[{"href":"https:\/\/www.fotocasa.es\/fotocasa-life\/wp-json\/wp\/v2\/types\/post"}],"author":[{"embeddable":true,"href":"https:\/\/www.fotocasa.es\/fotocasa-life\/wp-json\/wp\/v2\/users\/3"}],"replies":[{"embeddable":true,"href":"https:\/\/www.fotocasa.es\/fotocasa-life\/wp-json\/wp\/v2\/comments?post=30363"}],"version-history":[{"count":0,"href":"https:\/\/www.fotocasa.es\/fotocasa-life\/wp-json\/wp\/v2\/posts\/30363\/revisions"}],"wp:featuredmedia":[{"embeddable":true,"href":"https:\/\/www.fotocasa.es\/fotocasa-life\/wp-json\/wp\/v2\/media\/28449"}],"wp:attachment":[{"href":"https:\/\/www.fotocasa.es\/fotocasa-life\/wp-json\/wp\/v2\/media?parent=30363"}],"wp:term":[{"taxonomy":"category","embeddable":true,"href":"https:\/\/www.fotocasa.es\/fotocasa-life\/wp-json\/wp\/v2\/categories?post=30363"},{"taxonomy":"post_tag","embeddable":true,"href":"https:\/\/www.fotocasa.es\/fotocasa-life\/wp-json\/wp\/v2\/tags?post=30363"}],"curies":[{"name":"wp","href":"https:\/\/api.w.org\/{rel}","templated":true}]}}