{"id":295,"date":"2014-03-25T17:09:58","date_gmt":"2014-03-25T16:09:58","guid":{"rendered":"http:\/\/www.fotocasa.es\/fotocasa-life\/?p=295"},"modified":"2020-11-27T11:34:52","modified_gmt":"2020-11-27T10:34:52","slug":"estilo-etnico-o-como-viajar-sin-salir-de-casa","status":"publish","type":"post","link":"https:\/\/www.fotocasa.es\/fotocasa-life\/hogar\/decoracion\/estilo-etnico-o-como-viajar-sin-salir-de-casa\/","title":{"rendered":"Estilo \u00e9tnico o c\u00f3mo viajar sin salir de casa"},"content":{"rendered":"<p>La democratizaci\u00f3n del uso del avi\u00f3n y la llegada de Internet ha llevado a muchas personas a querer descubrir nuevos mundos y costumbres. De ah\u00ed que el estilo \u00e9tnico se haya hecho tan popular en los \u00faltimos a\u00f1os. \u00c9ste, que se caracteriza por ser ecl\u00e9ctico y muy personal, combina objetos de diferentes lugares, dando un aire multicultural a la estancia sin recargarla. Se trata de mezclar formas, materiales, texturas y colores, de gran cargar cultural, que transporten a lujares lejanos\u2026<\/p>\n<p>&nbsp;<\/p>\n<p><div id=\"attachment_602\" style=\"width: 686px\" class=\"wp-caption aligncenter\"><img loading=\"lazy\" decoding=\"async\" aria-describedby=\"caption-attachment-602\" class=\"size-full wp-image-602\" src=\"https:\/\/www.fotocasa.es\/fotocasa-life\/wp-content\/uploads\/2014\/03\/Estilo-\u00e9tnico_2.jpg\" alt=\"Foto: Maisons du Monde\" width=\"676\" height=\"376\" title=\"-\" srcset=\"https:\/\/www.fotocasa.es\/fotocasa-life\/wp-content\/uploads\/2014\/03\/Estilo-\u00e9tnico_2.jpg 676w, https:\/\/www.fotocasa.es\/fotocasa-life\/wp-content\/uploads\/2014\/03\/Estilo-\u00e9tnico_2-300x167.jpg 300w, https:\/\/www.fotocasa.es\/fotocasa-life\/wp-content\/uploads\/2014\/03\/Estilo-\u00e9tnico_2-150x83.jpg 150w\" sizes=\"auto, (max-width: 676px) 100vw, 676px\" \/><p id=\"caption-attachment-602\" class=\"wp-caption-text\">Foto: Maisons du Monde<\/p><\/div><\/p>\n<p><strong>C\u00f3mo lograrlo<\/strong><br \/>\nComo un estilo propio o combinado con otros como el contempor\u00e1neo, <a title=\"Cocinas minimalistas: practicidad y dise\u00f1o\" href=\"https:\/\/www.fotocasa.es\/fotocasa-life\/hogar\/decoracion\/cocinas-minimalistas-practicidad-y-diseno\/166\/\"><strong>el minimalista<\/strong><\/a> o el r\u00fastico, lograr una decoraci\u00f3n \u00e9tnica es f\u00e1cil si se sabe seleccionar y combinar las distintas piezas, muebles o complementos decorativos. Se trata de elegir aquellos objetos que m\u00e1s fuerza transmitan, que resulten m\u00e1s impactantes o atrayentes y colocarlos en un lugar donde puedan lucirse sin agobiar. Muchas veces son art\u00edculos artesanales que, debido a su versatilidad, se combinan de forma arm\u00f3nica con elementos de otros estilos o incluso piezas de dise\u00f1o, aportando ese toque lejano.<\/p>\n<p><strong style=\"line-height: 1.5em;\">Los muebles<\/strong><\/p>\n<p>Una de las ventajas del estilo \u00e9tnico es lo bien que se complementa con la mayor\u00eda de estilos, por eso resulta muy f\u00e1cil la elecci\u00f3n de mobiliario: desde muebles ex\u00f3ticos, de inspiraci\u00f3n africana, \u00e1rabe, colonial u oriental, hasta otros de l\u00edneas rectas y minimalistas o de aire m\u00e1s r\u00fastico. El sal\u00f3n y los dormitorios suelen ser las estancias en las que m\u00e1s toques \u00e9tnicos se encuentran gracias a las camas, cabeceros, ba\u00fales, mesas de centro, pufs, sillones, escritorios y hasta armarios y vitrinas, entre otras piezas. Estas pueden conseguirse en viajes, pero tambi\u00e9n en tiendas y mercadillos.<\/p>\n<p>&nbsp;<\/p>\n<p><div id=\"attachment_603\" style=\"width: 686px\" class=\"wp-caption aligncenter\"><a href=\"http:\/\/172.16.3.82\/pre_blog\/wp-content\/uploads\/2014\/03\/Estilo-\u00e9tnico_3.jpg\"><img loading=\"lazy\" decoding=\"async\" aria-describedby=\"caption-attachment-603\" class=\"wp-image-603 size-full\" src=\"https:\/\/www.fotocasa.es\/fotocasa-life\/wp-content\/uploads\/2014\/03\/Estilo-\u00e9tnico_3.jpg\" alt=\"Estilo-\u00e9tnico_3\" width=\"676\" height=\"376\" title=\"-\" srcset=\"https:\/\/www.fotocasa.es\/fotocasa-life\/wp-content\/uploads\/2014\/03\/Estilo-\u00e9tnico_3.jpg 676w, https:\/\/www.fotocasa.es\/fotocasa-life\/wp-content\/uploads\/2014\/03\/Estilo-\u00e9tnico_3-300x167.jpg 300w, https:\/\/www.fotocasa.es\/fotocasa-life\/wp-content\/uploads\/2014\/03\/Estilo-\u00e9tnico_3-150x83.jpg 150w\" sizes=\"auto, (max-width: 676px) 100vw, 676px\" \/><\/a><p id=\"caption-attachment-603\" class=\"wp-caption-text\">Foto: Muy Mucho<\/p><\/div><\/p>\n<p><strong>Los colores<\/strong><br \/>\nEl estilo \u00e9tnico se caracteriza por el protagonismo de los tonos tierra. Rojos, naranjas, amarillos, marrones y ocres, se mezclan con los negros, blancos y otros neutros, empleados como color de base. As\u00ed, textiles y otros complementos decorativos se llena de colores fuertes, que permiten resaltar las texturas. En cuanto a los estampados, predominan los tribales y los \u201canimal-print\u201d, combinados siempre con los lisos.<\/p>\n<p><strong>Los materiales<\/strong><br \/>\nLos materiales naturales predominan mayormente en el estilo \u00e9tnico: maderas macizas (de teca, caoba y hasta \u00e9bano), talladas o no, en cabeceros, camas, mesas, sillas, aparadores y armarios; pieles y otros cueros, para tapizados como sillas y cabecero, y hasta alg\u00fan objeto decorativo; lanas, pelo, sedas, yute y otros tejidos de fibras naturales llenan cojines, alfombras y dem\u00e1s complementos textiles; Adem\u00e1s, tambi\u00e9n se encuentra el uso de piedra, barro y el mimbre.<\/p>\n<p>&nbsp;<\/p>\n<p><div id=\"attachment_604\" style=\"width: 686px\" class=\"wp-caption aligncenter\"><a href=\"http:\/\/172.16.3.82\/pre_blog\/wp-content\/uploads\/2014\/03\/Estilo-\u00e9tnico_4.jpg\"><img loading=\"lazy\" decoding=\"async\" aria-describedby=\"caption-attachment-604\" class=\"wp-image-604 size-full\" src=\"https:\/\/www.fotocasa.es\/fotocasa-life\/wp-content\/uploads\/2014\/03\/Estilo-\u00e9tnico_4.jpg\" alt=\"Estilo-\u00e9tnico_4\" width=\"676\" height=\"376\" title=\"-\" srcset=\"https:\/\/www.fotocasa.es\/fotocasa-life\/wp-content\/uploads\/2014\/03\/Estilo-\u00e9tnico_4.jpg 676w, https:\/\/www.fotocasa.es\/fotocasa-life\/wp-content\/uploads\/2014\/03\/Estilo-\u00e9tnico_4-300x167.jpg 300w, https:\/\/www.fotocasa.es\/fotocasa-life\/wp-content\/uploads\/2014\/03\/Estilo-\u00e9tnico_4-150x83.jpg 150w\" sizes=\"auto, (max-width: 676px) 100vw, 676px\" \/><\/a><p id=\"caption-attachment-604\" class=\"wp-caption-text\">Foto: Maisons du Monde<\/p><\/div><\/p>\n<p><strong>Los complementos indispensables<\/strong><br \/>\nLograr una est\u00e9tica \u00e9tnica pasa por colocar y destacar en el lugar adecuado ciertas piezas como jarrones, m\u00e1scaras, cestas, tapices, alfombras de rafia o lana\u2026 Tambi\u00e9n instrumentos musicales poco comunes, cuadros o fotograf\u00edas de lugares lejanos, piezas cer\u00e1micas, esculturas\u2026<\/p>\n<p><strong>La iluminaci\u00f3n<\/strong><br \/>\nComo en cualquier otro estilo, potenciar la entrada de <a title=\"Claves para aprovechar al m\u00e1ximo la luz natural\" href=\"https:\/\/www.fotocasa.es\/fotocasa-life\/hogar\/decoracion\/claves-para-aprovechar-al-maximo-la-luz-natural\/265\/\"><strong>luz natural<\/strong><\/a> es muy importante a la hora de lograr espacios alegres, c\u00e1lidos y vitales. La peculiaridad de la iluminaci\u00f3n en este tipo de ambientes es la suavidad. As\u00ed, para conseguir una luz tenue y agradable se utilizan cortinas o paneles que maticen la luminosidad y velas o l\u00e1mparas de papel o bamb\u00fa, que generen una luz m\u00e1s suave y c\u00e1lida.<\/p>\n<p>&nbsp;<\/p>\n","protected":false},"excerpt":{"rendered":"<p>La democratizaci\u00f3n del uso del avi\u00f3n y la llegada de Internet ha llevado a muchas personas a querer descubrir nuevos mundos y costumbres. De ah\u00ed que el estilo \u00e9tnico se haya hecho tan popular en los \u00faltimos a\u00f1os. \u00c9ste, que se caracteriza por ser ecl\u00e9ctico y muy personal, combina objetos de diferentes lugares, dando un&#8230;<\/p>\n","protected":false},"author":3,"featured_media":607,"comment_status":"open","ping_status":"open","sticky":false,"template":"","format":"standard","meta":{"_lmt_disableupdate":"yes","_lmt_disable":"","footnotes":""},"categories":[4],"tags":[161,178],"class_list":["post-295","post","type-post","status-publish","format-standard","has-post-thumbnail","hentry","category-decoracion","tag-interiorismo","tag-muebles"],"modified_by":"Fotocasa","_links":{"self":[{"href":"https:\/\/www.fotocasa.es\/fotocasa-life\/wp-json\/wp\/v2\/posts\/295","targetHints":{"allow":["GET"]}}],"collection":[{"href":"https:\/\/www.fotocasa.es\/fotocasa-life\/wp-json\/wp\/v2\/posts"}],"about":[{"href":"https:\/\/www.fotocasa.es\/fotocasa-life\/wp-json\/wp\/v2\/types\/post"}],"author":[{"embeddable":true,"href":"https:\/\/www.fotocasa.es\/fotocasa-life\/wp-json\/wp\/v2\/users\/3"}],"replies":[{"embeddable":true,"href":"https:\/\/www.fotocasa.es\/fotocasa-life\/wp-json\/wp\/v2\/comments?post=295"}],"version-history":[{"count":0,"href":"https:\/\/www.fotocasa.es\/fotocasa-life\/wp-json\/wp\/v2\/posts\/295\/revisions"}],"wp:featuredmedia":[{"embeddable":true,"href":"https:\/\/www.fotocasa.es\/fotocasa-life\/wp-json\/wp\/v2\/media\/607"}],"wp:attachment":[{"href":"https:\/\/www.fotocasa.es\/fotocasa-life\/wp-json\/wp\/v2\/media?parent=295"}],"wp:term":[{"taxonomy":"category","embeddable":true,"href":"https:\/\/www.fotocasa.es\/fotocasa-life\/wp-json\/wp\/v2\/categories?post=295"},{"taxonomy":"post_tag","embeddable":true,"href":"https:\/\/www.fotocasa.es\/fotocasa-life\/wp-json\/wp\/v2\/tags?post=295"}],"curies":[{"name":"wp","href":"https:\/\/api.w.org\/{rel}","templated":true}]}}