{"id":29417,"date":"2018-05-30T09:00:54","date_gmt":"2018-05-30T08:00:54","guid":{"rendered":"https:\/\/www.fotocasa.es\/fotocasa-life\/?p=29417"},"modified":"2020-11-27T13:29:33","modified_gmt":"2020-11-27T12:29:33","slug":"viviendas-vestidores-amantes-moda","status":"publish","type":"post","link":"https:\/\/www.fotocasa.es\/fotocasa-life\/hogar\/viviendas-vestidores-amantes-moda\/","title":{"rendered":"Viviendas con vestidores para amantes de la moda"},"content":{"rendered":"<h2>Para que tus armarios no sean un caos, hay que poner en marcha una serie de rutinas. Contar con un vestidor puede ser la soluci\u00f3n a los problemas de desorden.<\/h2>\n<p>Acumulamos ropa. Acumulamos chaquetas, zapatos y complementos de todo tipo&#8230; \u00bfCu\u00e1l es la manera m\u00e1s eficaz de organizarnos? Un vestidor es un espacio espec\u00edficamente dise\u00f1ado para almacenar ropa y hacerlo de manera ordenada, para que toda nuestra ropa luzca y sea f\u00e1cil de localizar.<\/p>\n<p>Hoy nos hemos propuesto encontrar <strong>viviendas estupendas con vestidores pr\u00e1cticos y originales<\/strong>. \u00a1Sigue leyendo para descubrirlas!<\/p>\n<h3><\/h3>\n<h3>Un vestidor para gente chic<\/h3>\n<p><div id=\"attachment_29453\" style=\"width: 700px\" class=\"wp-caption alignnone\"><a href=\"https:\/\/www.fotocasa.es\/vivienda\/barcelona-capital\/aire-acondicionado-calefaccion-terraza-ascensor-amueblado-dreta-de-l-eixample-146665414?RowGrid=7&amp;tti=1&amp;opi=300\" target=\"_blank\" rel=\"noopener noreferrer\"><img loading=\"lazy\" decoding=\"async\" aria-describedby=\"caption-attachment-29453\" class=\"wp-image-29453 size-full\" src=\"https:\/\/www.fotocasa.es\/fotocasa-life\/wp-content\/uploads\/2018\/05\/01-vestidores.jpg\" alt=\"- - - -\" width=\"690\" height=\"443\" title=\"-\" srcset=\"https:\/\/www.fotocasa.es\/fotocasa-life\/wp-content\/uploads\/2018\/05\/01-vestidores.jpg 690w, https:\/\/www.fotocasa.es\/fotocasa-life\/wp-content\/uploads\/2018\/05\/01-vestidores-300x193.jpg 300w, https:\/\/www.fotocasa.es\/fotocasa-life\/wp-content\/uploads\/2018\/05\/01-vestidores-150x96.jpg 150w\" sizes=\"auto, (max-width: 690px) 100vw, 690px\" \/><\/a><p id=\"caption-attachment-29453\" class=\"wp-caption-text\">Foto: fotocasa<\/p><\/div><\/p>\n<p>Cualquier amante de la ropa y del estilo <a href=\"https:\/\/www.fotocasa.es\/vivienda\/barcelona-capital\/aire-acondicionado-calefaccion-terraza-ascensor-amueblado-dreta-de-l-eixample-146665414?RowGrid=7&amp;tti=1&amp;opi=300\" target=\"_blank\" rel=\"noopener noreferrer\">podr\u00eda enamorarse de este piso en Barcelona<\/a>. Se trata de una vivienda lujosa, con todas las comodidades posibles, y con unas dimensiones de 210 metros cuadrados. El sal\u00f3n recibidor conduce a diferentes zonas y ambientes. Los dos dormitorios m\u00e1s amplios de la casa cuentan <strong>con vestidor y ba\u00f1o, adem\u00e1s de un dise\u00f1o de lo m\u00e1s elegante<\/strong>.<\/p>\n<p>&nbsp;<\/p>\n<h3>Un vestidor en un piso muy peque\u00f1o<\/h3>\n<p><div id=\"attachment_29452\" style=\"width: 700px\" class=\"wp-caption alignnone\"><a href=\"https:\/\/www.fotocasa.es\/vivienda\/madrid-capital\/calefaccion-ascensor-amueblado-avenida-de-la-ciudad-de-barcelona-146861396?RowGrid=6&amp;tti=1&amp;opi=300\" target=\"_blank\" rel=\"noopener noreferrer\"><img loading=\"lazy\" decoding=\"async\" aria-describedby=\"caption-attachment-29452\" class=\"wp-image-29452 size-full\" src=\"https:\/\/www.fotocasa.es\/fotocasa-life\/wp-content\/uploads\/2018\/05\/02-vestidores.jpg\" alt=\"- - - -\" width=\"690\" height=\"477\" title=\"-\" srcset=\"https:\/\/www.fotocasa.es\/fotocasa-life\/wp-content\/uploads\/2018\/05\/02-vestidores.jpg 690w, https:\/\/www.fotocasa.es\/fotocasa-life\/wp-content\/uploads\/2018\/05\/02-vestidores-300x207.jpg 300w, https:\/\/www.fotocasa.es\/fotocasa-life\/wp-content\/uploads\/2018\/05\/02-vestidores-150x104.jpg 150w\" sizes=\"auto, (max-width: 690px) 100vw, 690px\" \/><\/a><p id=\"caption-attachment-29452\" class=\"wp-caption-text\">Foto: fotocasa<\/p><\/div><\/p>\n<p>Para tener vestidor no es necesario contar con una vivienda de grandes dimensiones. <a href=\"https:\/\/www.fotocasa.es\/vivienda\/madrid-capital\/calefaccion-ascensor-amueblado-avenida-de-la-ciudad-de-barcelona-146861396?RowGrid=6&amp;tti=1&amp;opi=300\" target=\"_blank\" rel=\"noopener noreferrer\">Este piso<\/a>, de hecho, <strong>tiene tan solo 69 metros cuadrados<\/strong>. Se encuentra situado en Madrid, cuenta con sal\u00f3n comedor, cuarto de ba\u00f1o con plato de ducha y zona de vestidor, ideal para organizar tu ropa aprovechando el espacio al m\u00e1ximo.<\/p>\n<p>&nbsp;<\/p>\n<h3>Un vestidor completamente integrado<\/h3>\n<p><div id=\"attachment_29451\" style=\"width: 700px\" class=\"wp-caption alignnone\"><a href=\"https:\/\/www.fotocasa.es\/vivienda\/catarroja\/ascensor-catarroja-146623020?RowGrid=1&amp;tti=1&amp;opi=300\" target=\"_blank\" rel=\"noopener noreferrer\"><img loading=\"lazy\" decoding=\"async\" aria-describedby=\"caption-attachment-29451\" class=\"wp-image-29451 size-full\" src=\"https:\/\/www.fotocasa.es\/fotocasa-life\/wp-content\/uploads\/2018\/05\/03-vestidores.jpg\" alt=\"- - - -\" width=\"690\" height=\"281\" title=\"-\" srcset=\"https:\/\/www.fotocasa.es\/fotocasa-life\/wp-content\/uploads\/2018\/05\/03-vestidores.jpg 690w, https:\/\/www.fotocasa.es\/fotocasa-life\/wp-content\/uploads\/2018\/05\/03-vestidores-300x122.jpg 300w, https:\/\/www.fotocasa.es\/fotocasa-life\/wp-content\/uploads\/2018\/05\/03-vestidores-150x61.jpg 150w\" sizes=\"auto, (max-width: 690px) 100vw, 690px\" \/><\/a><p id=\"caption-attachment-29451\" class=\"wp-caption-text\">Foto: fotocasa<\/p><\/div><\/p>\n<p>Si te gustan los muebles y las estancias discretas, esta vivienda\u00a0<a href=\"https:\/\/www.fotocasa.es\/vivienda\/catarroja\/ascensor-catarroja-146623020?RowGrid=1&amp;tti=1&amp;opi=300\" target=\"_blank\" rel=\"noopener noreferrer\">situada en Catarroja (Valencia) de 110 metros cuadrados<\/a>\u00a0podr\u00eda ser justamente lo que buscas. Consta de tres habitaciones y una de ellas, adem\u00e1s de ba\u00f1o completo,<strong> disfruta de vestidor<\/strong>. La casa est\u00e1 reci\u00e9n reformada, as\u00ed que se trata de una oportunidad de oro para hacerse con un piso en muy buen estado por un precio razonable.<\/p>\n<p>&nbsp;<\/p>\n<h3>Un vestidor muy organizado<\/h3>\n<p><div id=\"attachment_29449\" style=\"width: 700px\" class=\"wp-caption alignnone\"><a href=\"https:\/\/www.fotocasa.es\/vivienda\/donostia-san-sebastian\/calefaccion-ascensor-internet-elkano-146973357?RowGrid=3&amp;tti=1&amp;opi=300\" target=\"_blank\" rel=\"noopener noreferrer\"><img loading=\"lazy\" decoding=\"async\" aria-describedby=\"caption-attachment-29449\" class=\"wp-image-29449 size-full\" src=\"https:\/\/www.fotocasa.es\/fotocasa-life\/wp-content\/uploads\/2018\/05\/04-vestidores.jpg\" alt=\"- - - -\" width=\"690\" height=\"381\" title=\"-\" srcset=\"https:\/\/www.fotocasa.es\/fotocasa-life\/wp-content\/uploads\/2018\/05\/04-vestidores.jpg 690w, https:\/\/www.fotocasa.es\/fotocasa-life\/wp-content\/uploads\/2018\/05\/04-vestidores-300x166.jpg 300w, https:\/\/www.fotocasa.es\/fotocasa-life\/wp-content\/uploads\/2018\/05\/04-vestidores-150x83.jpg 150w\" sizes=\"auto, (max-width: 690px) 100vw, 690px\" \/><\/a><p id=\"caption-attachment-29449\" class=\"wp-caption-text\">Foto: fotocasa<\/p><\/div><\/p>\n<p>V\u00e1monos ahora a <a href=\"https:\/\/www.fotocasa.es\/vivienda\/donostia-san-sebastian\/calefaccion-ascensor-internet-elkano-146973357?RowGrid=3&amp;tti=1&amp;opi=300\" target=\"_blank\" rel=\"noopener noreferrer\">Donostia<\/a>. En la c\u00e9ntrica calle Elkano encontramos este piso de 115 metros cuadrados. Se encuentra ubicado en un edificio se\u00f1orial y consta de cinco balcones, dos habitaciones amplias y un dormitorio principal con vestidor y ba\u00f1o. El vestidor consta de infinidad de espacio, <strong>estanter\u00edas y cajones para organizar tu ropa, zapatos y complementos<\/strong> como en una boutique.<\/p>\n<p>&nbsp;<\/p>\n<h3>Un vestidor compartido<\/h3>\n<p><div id=\"attachment_29448\" style=\"width: 700px\" class=\"wp-caption alignnone\"><a href=\"https:\/\/www.fotocasa.es\/vivienda\/ames\/calefaccion-parking-jardin-terraza-trastero-raices-144576322?RowGrid=7&amp;tti=1&amp;opi=300\" target=\"_blank\" rel=\"noopener noreferrer\"><img loading=\"lazy\" decoding=\"async\" aria-describedby=\"caption-attachment-29448\" class=\"wp-image-29448 size-full\" src=\"https:\/\/www.fotocasa.es\/fotocasa-life\/wp-content\/uploads\/2018\/05\/05-vestidores.jpg\" alt=\"- - - -\" width=\"690\" height=\"284\" title=\"-\" srcset=\"https:\/\/www.fotocasa.es\/fotocasa-life\/wp-content\/uploads\/2018\/05\/05-vestidores.jpg 690w, https:\/\/www.fotocasa.es\/fotocasa-life\/wp-content\/uploads\/2018\/05\/05-vestidores-300x123.jpg 300w, https:\/\/www.fotocasa.es\/fotocasa-life\/wp-content\/uploads\/2018\/05\/05-vestidores-150x62.jpg 150w\" sizes=\"auto, (max-width: 690px) 100vw, 690px\" \/><\/a><p id=\"caption-attachment-29448\" class=\"wp-caption-text\">Foto: fotocasa<\/p><\/div><\/p>\n<p><a href=\"https:\/\/www.fotocasa.es\/vivienda\/ames\/calefaccion-parking-jardin-terraza-trastero-raices-144576322?RowGrid=7&amp;tti=1&amp;opi=300\" target=\"_blank\" rel=\"noopener noreferrer\">Se encuentra a tan solo 8 minutos de Santiago de Compostela<\/a> y es una vivienda unifamiliar, actualmente en promoci\u00f3n. Tiene una superficie construida de m\u00e1s de 250 metros cuadrados. En la segunda planta encontramos los tres dormitorios, <strong>con vestidor compartido, dos ba\u00f1os y terraza<\/strong>. Se trata de un espacio compartido, estupendo para almacenar y organizar nuestra ropa.<\/p>\n<p>&nbsp;<\/p>\n<h3>Un vestidor muy bien aprovechado<\/h3>\n<p><div id=\"attachment_29447\" style=\"width: 700px\" class=\"wp-caption alignnone\"><a href=\"https:\/\/www.fotocasa.es\/vivienda\/granada-capital\/aire-acondicionado-calefaccion-terraza-trastero-de-san-cecilio-19-144812027?RowGrid=1&amp;tti=1&amp;opi=300\" target=\"_blank\" rel=\"noopener noreferrer\"><img loading=\"lazy\" decoding=\"async\" aria-describedby=\"caption-attachment-29447\" class=\"wp-image-29447 size-full\" src=\"https:\/\/www.fotocasa.es\/fotocasa-life\/wp-content\/uploads\/2018\/05\/06-vestidores.jpg\" alt=\"- - - -\" width=\"690\" height=\"300\" title=\"-\" srcset=\"https:\/\/www.fotocasa.es\/fotocasa-life\/wp-content\/uploads\/2018\/05\/06-vestidores.jpg 690w, https:\/\/www.fotocasa.es\/fotocasa-life\/wp-content\/uploads\/2018\/05\/06-vestidores-300x130.jpg 300w, https:\/\/www.fotocasa.es\/fotocasa-life\/wp-content\/uploads\/2018\/05\/06-vestidores-150x65.jpg 150w\" sizes=\"auto, (max-width: 690px) 100vw, 690px\" \/><\/a><p id=\"caption-attachment-29447\" class=\"wp-caption-text\">Foto: fotocasa<\/p><\/div><\/p>\n<p>Es un <a href=\"https:\/\/www.fotocasa.es\/vivienda\/otura\/calefaccion-jardin-terraza-trastero-patio-piscina-pedro-temnomry-145554323?RowGrid=14&amp;tti=1&amp;opi=300\" target=\"_blank\" rel=\"noopener noreferrer\">chalet con cuatro habitaciones situado en Otura (Granada)<\/a>, con tres ba\u00f1os, 143 metros cuadrados construidos y nada m\u00e1s y nada menos que 718 metros de terreno. La habitaci\u00f3n principal, en suite, consta de un <strong>vestidor amplio y elegante para guardar la ropa, los accesorios y los zapatos<\/strong>. Se trata de un rinc\u00f3n muy bien aprovechado, al que seguro que sacas mucho partido.<\/p>\n","protected":false},"excerpt":{"rendered":"<p>\u00bfNecesitas poner un vestidor en tu vida? Hoy te proponemos viviendas con vestidores para amantes de la moda que necesiten organizarse.<\/p>\n","protected":false},"author":3,"featured_media":29450,"comment_status":"open","ping_status":"closed","sticky":false,"template":"","format":"standard","meta":{"_lmt_disableupdate":"yes","_lmt_disable":"","footnotes":""},"categories":[2285],"tags":[2072],"class_list":["post-29417","post","type-post","status-publish","format-standard","has-post-thumbnail","hentry","category-hogar","tag-vestidor"],"modified_by":"fotocasa","_links":{"self":[{"href":"https:\/\/www.fotocasa.es\/fotocasa-life\/wp-json\/wp\/v2\/posts\/29417","targetHints":{"allow":["GET"]}}],"collection":[{"href":"https:\/\/www.fotocasa.es\/fotocasa-life\/wp-json\/wp\/v2\/posts"}],"about":[{"href":"https:\/\/www.fotocasa.es\/fotocasa-life\/wp-json\/wp\/v2\/types\/post"}],"author":[{"embeddable":true,"href":"https:\/\/www.fotocasa.es\/fotocasa-life\/wp-json\/wp\/v2\/users\/3"}],"replies":[{"embeddable":true,"href":"https:\/\/www.fotocasa.es\/fotocasa-life\/wp-json\/wp\/v2\/comments?post=29417"}],"version-history":[{"count":0,"href":"https:\/\/www.fotocasa.es\/fotocasa-life\/wp-json\/wp\/v2\/posts\/29417\/revisions"}],"wp:featuredmedia":[{"embeddable":true,"href":"https:\/\/www.fotocasa.es\/fotocasa-life\/wp-json\/wp\/v2\/media\/29450"}],"wp:attachment":[{"href":"https:\/\/www.fotocasa.es\/fotocasa-life\/wp-json\/wp\/v2\/media?parent=29417"}],"wp:term":[{"taxonomy":"category","embeddable":true,"href":"https:\/\/www.fotocasa.es\/fotocasa-life\/wp-json\/wp\/v2\/categories?post=29417"},{"taxonomy":"post_tag","embeddable":true,"href":"https:\/\/www.fotocasa.es\/fotocasa-life\/wp-json\/wp\/v2\/tags?post=29417"}],"curies":[{"name":"wp","href":"https:\/\/api.w.org\/{rel}","templated":true}]}}