{"id":29010,"date":"2018-05-09T10:00:00","date_gmt":"2018-05-09T09:00:00","guid":{"rendered":"https:\/\/www.fotocasa.es\/fotocasa-life\/?p=29010"},"modified":"2020-11-27T13:29:49","modified_gmt":"2020-11-27T12:29:49","slug":"como-poner-tu-terraza-al-dia","status":"publish","type":"post","link":"https:\/\/www.fotocasa.es\/fotocasa-life\/hogar\/decoracion\/como-poner-tu-terraza-al-dia\/","title":{"rendered":"C\u00f3mo poner tu terraza al d\u00eda"},"content":{"rendered":"<h2><span style=\"font-weight: 400;\">Las terrazas animan el coraz\u00f3n y el d\u00eda a d\u00eda en general. Son remansos de paz, tanto en ciudad como en el campo. <\/span><\/h2>\n<p><span style=\"font-weight: 400;\">Por eso, con la llegada del buen tiempo toca ponerse manos a la obra y empezar a prepararlas para poder disfrutarlas con familiares y amigos. Habitissimo te ofrece <\/span><b>6 claves para poner tu <a href=\"https:\/\/www.fotocasa.es\/fotocasa-life\/compraventa\/viviendas-con-terrazas-encantadoras\/\">terraza<\/a> al d\u00eda y empezar a aprovecharla cuanto antes.<\/b><\/p>\n<p>&nbsp;<\/p>\n<h3><b>Revisa tus paredes<\/b><\/h3>\n<p><img loading=\"lazy\" decoding=\"async\" class=\"alignnone wp-image-29013 size-full\" src=\"https:\/\/www.fotocasa.es\/fotocasa-life\/wp-content\/uploads\/2018\/05\/terraza-01.jpg\" alt=\"Revisa tus paredes\" width=\"980\" height=\"654\" title=\"-\" srcset=\"https:\/\/www.fotocasa.es\/fotocasa-life\/wp-content\/uploads\/2018\/05\/terraza-01.jpg 980w, https:\/\/www.fotocasa.es\/fotocasa-life\/wp-content\/uploads\/2018\/05\/terraza-01-300x200.jpg 300w, https:\/\/www.fotocasa.es\/fotocasa-life\/wp-content\/uploads\/2018\/05\/terraza-01-150x100.jpg 150w, https:\/\/www.fotocasa.es\/fotocasa-life\/wp-content\/uploads\/2018\/05\/terraza-01-768x513.jpg 768w\" sizes=\"auto, (max-width: 980px) 100vw, 980px\" \/><\/p>\n<p><span style=\"font-weight: 400;\">No s\u00f3lo ser\u00e1 necesario darles una mano de pintura, que siempre es bueno. Quiz\u00e1 sea necesario, sobre todo si ha sido una temporada de grandes lluvias, <strong>revisar los problemas de humedades<\/strong>. Es posible que el foco no sean las lluvias. As\u00ed, si crees que puedes tener problemas con alguna tuber\u00eda o algo as\u00ed, no dudes en llamar a un fontanero para que revise bien tu instalaci\u00f3n. <\/span><\/p>\n<p><span style=\"font-weight: 400;\">Una vez encuentres el foco del problema, ponte a pintar. Utiliza siempre pintura acr\u00edlica espec\u00edfica para zonas exteriores. Estas pinturas poseen acabados el\u00e1sticos y una alta permeabilidad, por lo que la humedad que se atrapa en el interior de los muros no sale al exterior. En cuanto a los colores, cuesti\u00f3n de gustos. <strong>Es cierto que el blanco siempre da m\u00e1s luz<\/strong> y hace los espacios m\u00e1s limpios visualmente. No obstante, tambi\u00e9n se puede arriesgar con colores m\u00e1s llamativos, <a href=\"https:\/\/www.fotocasa.es\/fotocasa-life\/hogar\/decoracion\/como-poner-tu-terraza-al-dia\/\/\">aptos para la primavera y el verano<\/a>, como el azul o el verde.<\/span><\/p>\n<p>&nbsp;<\/p>\n<h3><b>Revisa los muebles de exterior<\/b><\/h3>\n<p><img loading=\"lazy\" decoding=\"async\" class=\"size-full wp-image-29012\" src=\"https:\/\/www.fotocasa.es\/fotocasa-life\/wp-content\/uploads\/2018\/05\/terraza-02.jpg\" alt=\"- - - -\" width=\"980\" height=\"652\" title=\"-\" srcset=\"https:\/\/www.fotocasa.es\/fotocasa-life\/wp-content\/uploads\/2018\/05\/terraza-02.jpg 980w, https:\/\/www.fotocasa.es\/fotocasa-life\/wp-content\/uploads\/2018\/05\/terraza-02-300x200.jpg 300w, https:\/\/www.fotocasa.es\/fotocasa-life\/wp-content\/uploads\/2018\/05\/terraza-02-150x100.jpg 150w, https:\/\/www.fotocasa.es\/fotocasa-life\/wp-content\/uploads\/2018\/05\/terraza-02-768x511.jpg 768w\" sizes=\"auto, (max-width: 980px) 100vw, 980px\" \/><\/p>\n<p><span style=\"font-weight: 400;\">Si cuentas con muebles en tu exterior es posible que est\u00e9n da\u00f1ados por el sol o por la lluvia. En el caso de los muebles de pl\u00e1stico, si han sido abrasados por el sol, poco puedes hacer. Quiz\u00e1 colocar alguna soluci\u00f3n textil para minimizar da\u00f1os visuales. <\/span><\/p>\n<p><span style=\"font-weight: 400;\">No obstante, <\/span><span style=\"font-weight: 400;\">si los muebles son de madera o mimbre, <strong>siempre se pueden barnizar<\/strong> para que recuperen su estado original<\/span><span style=\"font-weight: 400;\">. En los muebles de madera, por ejemplo, limpia con agua y un pa\u00f1o h\u00famedo. Una vez est\u00e9n completamente secos, aplica un aceite espec\u00edfico para madera tipo teca. Ver\u00e1s que el resultado es un mobiliario completamente nuevo que parece reci\u00e9n comprado. <\/span><\/p>\n<p>&nbsp;<\/p>\n<h3><b>Mantener el moho a raya<\/b><\/h3>\n<p><img loading=\"lazy\" decoding=\"async\" class=\"alignnone wp-image-29014 size-full\" src=\"https:\/\/www.fotocasa.es\/fotocasa-life\/wp-content\/uploads\/2018\/05\/terraza-03.jpg\" alt=\"Mantener el moho a raya\" width=\"980\" height=\"653\" title=\"-\" srcset=\"https:\/\/www.fotocasa.es\/fotocasa-life\/wp-content\/uploads\/2018\/05\/terraza-03.jpg 980w, https:\/\/www.fotocasa.es\/fotocasa-life\/wp-content\/uploads\/2018\/05\/terraza-03-300x200.jpg 300w, https:\/\/www.fotocasa.es\/fotocasa-life\/wp-content\/uploads\/2018\/05\/terraza-03-150x100.jpg 150w, https:\/\/www.fotocasa.es\/fotocasa-life\/wp-content\/uploads\/2018\/05\/terraza-03-768x512.jpg 768w\" sizes=\"auto, (max-width: 980px) 100vw, 980px\" \/><\/p>\n<p><span style=\"font-weight: 400;\">El moho verde o verd\u00edn aparece cuando el agua es absorbida por las baldosas y es retenida en las cavidades interiores de las mismas. Acostumbra a salir en las <a href=\"https:\/\/www.fotocasa.es\/fotocasa-life\/hogar\/decoracion\/ideas-decorar-terraza-primavera\/\">terrazas<\/a> m\u00e1s h\u00famedas, esas que cuentan con menos sobra. Normalmente las terrazas que est\u00e1n orientadas al norte son las que m\u00e1s verd\u00edn acumulan. <strong>Es antiest\u00e9tico y poco salubre, por tanto, lo mejor es acabar con \u00e9l.<\/strong><\/span><\/p>\n<p><span style=\"font-weight: 400;\">Si la superficie es muy grande, no lo dudes, mejor llamar a un especialista. No obstante, puede ser que el verd\u00edn aparezca \u00fanicamente en una peque\u00f1a zona de la terraza. En este caso, hay soluciones caseras que podr\u00e1s poner en pr\u00e1ctica t\u00fa mismo. Por ejemplo, puedes verter vinagre muy caliente (rebajado con un poco de agua). Rasca con un cepillo de cerdas met\u00e1licas y retira en la medida de lo posible el moho. <strong>Una vez libre de verd\u00edn, usa productos espec\u00edficos para repelerlo y evitarlo.<\/strong><\/span><\/p>\n<p>&nbsp;<\/p>\n<h3><b>Suelo desgastados<\/b><\/h3>\n<p><img loading=\"lazy\" decoding=\"async\" class=\"size-full wp-image-29015\" src=\"https:\/\/www.fotocasa.es\/fotocasa-life\/wp-content\/uploads\/2018\/05\/terraza-04.jpg\" alt=\"- - - -\" width=\"980\" height=\"744\" title=\"-\" srcset=\"https:\/\/www.fotocasa.es\/fotocasa-life\/wp-content\/uploads\/2018\/05\/terraza-04.jpg 980w, https:\/\/www.fotocasa.es\/fotocasa-life\/wp-content\/uploads\/2018\/05\/terraza-04-300x228.jpg 300w, https:\/\/www.fotocasa.es\/fotocasa-life\/wp-content\/uploads\/2018\/05\/terraza-04-150x114.jpg 150w, https:\/\/www.fotocasa.es\/fotocasa-life\/wp-content\/uploads\/2018\/05\/terraza-04-768x583.jpg 768w\" sizes=\"auto, (max-width: 980px) 100vw, 980px\" \/><\/p>\n<p><span style=\"font-weight: 400;\"><strong>Puede que tu suelo est\u00e9 un poco desgastado<\/strong>. Quiz\u00e1 no tengas tiempo (ni dinero) para meterte en costosas obras y cambiar el pavimento exterior. No te preocupes, a\u00fan est\u00e1s a tiempo de solucionar el problema de cara al verano. Usa materiales f\u00e1ciles de colocar, como el composite. <\/span><\/p>\n<p><span style=\"font-weight: 400;\"><strong>Los suelos de composite imitan la madera<\/strong>, son de lo m\u00e1s sencillos a la hora de instalar y dan un resultado perfecto. Adem\u00e1s, si quieres crear dos ambientes puedes usar c\u00e9sped artificial para algunas zonas. Ambas soluciones no requieren que retires el suelo anterior. Un poco de limpieza extra para colocar el nuevo pavimento (o c\u00e9sped) y listo.<\/span><\/p>\n<p>&nbsp;<\/p>\n<h3><b>Crea una zona donde relajarte<\/b><\/h3>\n<p><img loading=\"lazy\" decoding=\"async\" class=\"alignnone wp-image-29016 size-full\" src=\"https:\/\/www.fotocasa.es\/fotocasa-life\/wp-content\/uploads\/2018\/05\/terraza-05.jpg\" alt=\"Crea una zona donde relajarte\" width=\"980\" height=\"653\" title=\"-\" srcset=\"https:\/\/www.fotocasa.es\/fotocasa-life\/wp-content\/uploads\/2018\/05\/terraza-05.jpg 980w, https:\/\/www.fotocasa.es\/fotocasa-life\/wp-content\/uploads\/2018\/05\/terraza-05-300x200.jpg 300w, https:\/\/www.fotocasa.es\/fotocasa-life\/wp-content\/uploads\/2018\/05\/terraza-05-150x100.jpg 150w, https:\/\/www.fotocasa.es\/fotocasa-life\/wp-content\/uploads\/2018\/05\/terraza-05-768x512.jpg 768w\" sizes=\"auto, (max-width: 980px) 100vw, 980px\" \/><\/p>\n<p><span style=\"font-weight: 400;\">El relax es casi obligado en una terraza. Si no cuentas con demasiados muebles siempre puedes apostar por un <strong>rinc\u00f3n nuevo en el que colocar un banco de obra<\/strong>, unos cuantos cojines bien coloridos y una mesa baja, y as\u00ed lograr\u00e1s ese chill out con el que sue\u00f1as desde hace mucho tiempo. <\/span><\/p>\n<p><span style=\"font-weight: 400;\"><strong>S\u00ed, tambi\u00e9n puedes optar por muebles de madera u otros materiale<\/strong>s, piensa que el PVC es el m\u00e1s econ\u00f3mico pero tambi\u00e9n se desgasta antes con el sol. Muebles de mimbre, madera o forja dan excelentes resultados en exteriores. <\/span><\/p>\n<p>&nbsp;<\/p>\n<h3><b>Una buena sombra<\/b><\/h3>\n<p><img loading=\"lazy\" decoding=\"async\" class=\"size-full wp-image-29017\" src=\"https:\/\/www.fotocasa.es\/fotocasa-life\/wp-content\/uploads\/2018\/05\/terraza-06.jpg\" alt=\"- - - -\" width=\"980\" height=\"692\" title=\"-\" srcset=\"https:\/\/www.fotocasa.es\/fotocasa-life\/wp-content\/uploads\/2018\/05\/terraza-06.jpg 980w, https:\/\/www.fotocasa.es\/fotocasa-life\/wp-content\/uploads\/2018\/05\/terraza-06-300x212.jpg 300w, https:\/\/www.fotocasa.es\/fotocasa-life\/wp-content\/uploads\/2018\/05\/terraza-06-150x106.jpg 150w, https:\/\/www.fotocasa.es\/fotocasa-life\/wp-content\/uploads\/2018\/05\/terraza-06-768x542.jpg 768w\" sizes=\"auto, (max-width: 980px) 100vw, 980px\" \/><\/p>\n<p><span style=\"font-weight: 400;\">Y si ya tienes una zona para relajarte, <strong>oc\u00fapate ahora de la sombra<\/strong>. En este punto, tambi\u00e9n hay varias soluciones. Soluciones, adem\u00e1s, para todo tipo de bolsillos. Puedes optar por una <\/span><span style=\"font-weight: 400;\">sombrilla<\/span><span style=\"font-weight: 400;\"> (las hay realmente peque\u00f1as para las terrazas m\u00e1s enanas). <\/span><\/p>\n<p><span style=\"font-weight: 400;\">Un producto que se vende bastante bien y que da buenos resultados son los <\/span><span style=\"font-weight: 400;\">toldos vela<\/span><span style=\"font-weight: 400;\">. Tambi\u00e9n los <\/span><span style=\"font-weight: 400;\">avances tipo porche<\/span><span style=\"font-weight: 400;\"> pueden ser muy buena opci\u00f3n.<strong> No obstante, si tienes espacio, l\u00e1nzate a los <\/strong><\/span><strong>cenadores<\/strong><span style=\"font-weight: 400;\">. No hay nada m\u00e1s elegante y con m\u00e1s clase que un cenador, ya sea de madera o de aluminio.<\/span><\/p>\n","protected":false},"excerpt":{"rendered":"<p>Llega el verano y hay que ponerse manos a la obra para poner al d\u00eda la terraza. Habitissimo te da las claves para llegar a tiempo. <\/p>\n","protected":false},"author":24,"featured_media":29018,"comment_status":"open","ping_status":"closed","sticky":false,"template":"","format":"standard","meta":{"_lmt_disableupdate":"yes","_lmt_disable":"","footnotes":""},"categories":[4],"tags":[2541,671,2435,487,2436,2476],"class_list":["post-29010","post","type-post","status-publish","format-standard","has-post-thumbnail","hentry","category-decoracion","tag-aticos-con-terraza","tag-decoracion-de-terrazas","tag-decoracion-terraza","tag-terraza","tag-terraza-de-verano","tag-terraza-decoracion"],"modified_by":"fotocasa","_links":{"self":[{"href":"https:\/\/www.fotocasa.es\/fotocasa-life\/wp-json\/wp\/v2\/posts\/29010","targetHints":{"allow":["GET"]}}],"collection":[{"href":"https:\/\/www.fotocasa.es\/fotocasa-life\/wp-json\/wp\/v2\/posts"}],"about":[{"href":"https:\/\/www.fotocasa.es\/fotocasa-life\/wp-json\/wp\/v2\/types\/post"}],"author":[{"embeddable":true,"href":"https:\/\/www.fotocasa.es\/fotocasa-life\/wp-json\/wp\/v2\/users\/24"}],"replies":[{"embeddable":true,"href":"https:\/\/www.fotocasa.es\/fotocasa-life\/wp-json\/wp\/v2\/comments?post=29010"}],"version-history":[{"count":0,"href":"https:\/\/www.fotocasa.es\/fotocasa-life\/wp-json\/wp\/v2\/posts\/29010\/revisions"}],"wp:featuredmedia":[{"embeddable":true,"href":"https:\/\/www.fotocasa.es\/fotocasa-life\/wp-json\/wp\/v2\/media\/29018"}],"wp:attachment":[{"href":"https:\/\/www.fotocasa.es\/fotocasa-life\/wp-json\/wp\/v2\/media?parent=29010"}],"wp:term":[{"taxonomy":"category","embeddable":true,"href":"https:\/\/www.fotocasa.es\/fotocasa-life\/wp-json\/wp\/v2\/categories?post=29010"},{"taxonomy":"post_tag","embeddable":true,"href":"https:\/\/www.fotocasa.es\/fotocasa-life\/wp-json\/wp\/v2\/tags?post=29010"}],"curies":[{"name":"wp","href":"https:\/\/api.w.org\/{rel}","templated":true}]}}