{"id":28367,"date":"2018-04-11T09:00:34","date_gmt":"2018-04-11T08:00:34","guid":{"rendered":"https:\/\/www.fotocasa.es\/fotocasa-life\/?p=28367"},"modified":"2020-11-27T13:30:12","modified_gmt":"2020-11-27T12:30:12","slug":"ideas-de-almacenamiento-para-una-cocina-funcional-y-con-estilo","status":"publish","type":"post","link":"https:\/\/www.fotocasa.es\/fotocasa-life\/hogar\/decoracion\/ideas-de-almacenamiento-para-una-cocina-funcional-y-con-estilo\/","title":{"rendered":"Ideas de almacenamiento para una cocina funcional y con estilo"},"content":{"rendered":"<h2><span style=\"font-weight: 400;\">La cocina es, dentro del conjunto del hogar, el paradigma del orden y la inspiraci\u00f3n. <\/span><\/h2>\n<p><span style=\"font-weight: 400;\"><strong>Los elementos que forman parte de su dise\u00f1o interact\u00faan de un modo arm\u00f3nico<\/strong>. Sirviendo al sentido pr\u00e1ctico y el plano est\u00e9tico a partes iguales. Alcanzar un planteamiento funcional y con estilo es una cuesti\u00f3n compleja que tiene mucho que ver con las soluciones de almacenamiento elegidas. La organizaci\u00f3n es una cuesti\u00f3n b\u00e1sica en una habitaci\u00f3n concebida como espacio de trabajo que, con el tiempo, se ha reconvertido en escenario de encuentro.<\/span><\/p>\n<p><span style=\"font-weight: 400;\">Las posibilidades en t\u00e9rminos de\u00a0<\/span><a href=\"https:\/\/www.homify.es\/expertos\/disenadores-de-cocinas\" target=\"_blank\" rel=\"noopener\"><span style=\"font-weight: 400;\">dise\u00f1o de cocinas<\/span><\/a><span style=\"font-weight: 400;\"> responden, en buena medida, a cuestiones tales como el espacio disponible o la distribuci\u00f3n. Sin embargo, tecnicismos al margen, es posible orquestar cada uno de sus recursos <strong>de modo que el resultado sea altamente atractivo<\/strong>. <\/span><\/p>\n<p><span style=\"font-weight: 400;\">\u00bfQuieres saber c\u00f3mo conseguirlo? \u00a1Toma nota de estas ideas de almacenamiento para una <a href=\"https:\/\/www.fotocasa.es\/fotocasa-life\/curiosidades\/8-viviendas-con-cocinas-de-estrella-michelin\/\">cocina<\/a> funcional y llena de estilo!<\/span><\/p>\n<p>&nbsp;<\/p>\n<div><a href=\"https:\/\/www.homify.es\/foto\/61970\/work\" target=\"_blank\" rel=\"noopener noreferrer\"><img decoding=\"async\" src=\"https:\/\/images.homify.com\/images\/a_0,c_fill,f_auto,h_980,q_auto,w_980\/v1437510937\/p\/photo\/image\/61970\/02_EL_01\/fotos-de-cocinas-de-estilo-moderno-de-versat.jpg\" alt=\"WORK: Cocinas de estilo moderno de Versat\" title=\"-\"><\/a><\/div>\n<div style=\"color: #86848b;\"><small><a style=\"text-decoration: none; color: #86848b;\" href=\"https:\/\/www.homify.es\/proyectos\/7514\/work\" target=\"_blank\" rel=\"noopener noreferrer\"> WORK <\/a>de<a style=\"text-decoration: none; color: #86848b;\" href=\"https:\/\/www.homify.es\/expertos\/5167\/versat\" target=\"_blank\" rel=\"noopener noreferrer\"> Versat <\/a><\/small><\/div>\n<h3><\/h3>\n<h3><b>Cocinas con isla<\/b><\/h3>\n<p><span style=\"font-weight: 400;\">Las<\/span><a href=\"https:\/\/www.homify.es\/espacios\/casas-estilo-moderno\/\" target=\"_blank\" rel=\"noopener\"> <span style=\"font-weight: 400;\">casas modernas<\/span><\/a><span style=\"font-weight: 400;\"> han hecho del <\/span><i><span style=\"font-weight: 400;\">open concept<\/span><\/i><span style=\"font-weight: 400;\"> una de sus se\u00f1as de identidad. La integraci\u00f3n de espacios est\u00e1 a la orden del d\u00eda en unas construcciones que, si bien no siempre cuentan con unas dimensiones generosas, son ricas en elementos creativos y soluciones llenas de estilo. <\/span><\/p>\n<p><span style=\"font-weight: 400;\">Las <a href=\"https:\/\/www.fotocasa.es\/fotocasa-life\/hogar\/reforma-isla-de-cocina\/\">cocinas con isla<\/a> son una f\u00f3rmula perfecta para <strong>difuminar los l\u00edmites espaciales<\/strong> con buenas dosis de encanto. Aprovechar las \u00a0mismas para incluir estantes, armarios o cajones es una receta perfecta para solventar las necesidades de almacenamiento en una cocina funcional y con estilo.<\/span><\/p>\n<p>&nbsp;<\/p>\n<div><a href=\"https:\/\/www.homify.es\/foto\/1698240\/hexatile-decor-patchwork-lisboa-17-6x20-1\" target=\"_blank\" rel=\"noopener noreferrer\"><img decoding=\"async\" src=\"https:\/\/images.homify.com\/images\/a_0,c_fill,f_auto,h_980,q_auto,w_980\/v1478795701\/p\/photo\/image\/1698240\/hexatile_lisboa_brillo_kitchen\/fotos-de-cocinas-de-estilo-rustico-de-equipe-ceramicas.jpg\" alt=\"Hexatile Decor Patchwork Lisboa 17,6x20,1: Cocinas de estilo r\u00fastico de Equipe Ceramicas\" title=\"-\"><\/a><\/div>\n<div style=\"color: #86848b;\"><small><a style=\"text-decoration: none; color: #86848b;\" href=\"https:\/\/www.homify.es\/proyectos\/3641\/hexatile\" target=\"_blank\" rel=\"noopener noreferrer\"> Hexatile Decor Patchwork Lisboa 17,6&#215;20,1 <\/a>de<a style=\"text-decoration: none; color: #86848b;\" href=\"https:\/\/www.homify.es\/expertos\/2599\/equipe-ceramicas\" target=\"_blank\" rel=\"noopener noreferrer\"> Equipe Ceramicas <\/a><\/small><\/div>\n<h3><\/h3>\n<h3><b>Estantes a la vista<\/b><\/h3>\n<p><span style=\"font-weight: 400;\">Est\u00e1n presentes en multitud de espacios dentro del hogar. Y en la\u00a0<\/span><a href=\"https:\/\/www.homify.es\/espacios\/cocinas\" target=\"_blank\" rel=\"noopener noreferrer\"><span style=\"font-weight: 400;\">cocina<\/span><\/a><span style=\"font-weight: 400;\">, no iba a ser menos. Como soluciones de almacenamiento,<strong> las estanter\u00edas constituyen una herramienta de lo m\u00e1s seductora<\/strong>. Gracias, entre otras cosas, a la multitud de materiales y formas en que puedes integrarlas en el dise\u00f1o de este espacio. <\/span><\/p>\n<p><span style=\"font-weight: 400;\">En acero inoxidable, cristal, madera, ocupando toda la pared, en composiciones de varios estantes\u2026 Las posibilidades son infinitas. Y su potencial para crear cocinas funcionales y con estilo \u00a1tambi\u00e9n!<\/span><\/p>\n<p>&nbsp;<\/p>\n<div><a href=\"https:\/\/www.homify.es\/foto\/967875\/cajon-especiero\" target=\"_blank\" rel=\"noopener noreferrer\"><img decoding=\"async\" src=\"https:\/\/images.homify.com\/images\/a_0,c_fill,f_auto,h_980,q_auto,w_980\/v1443812695\/p\/photo\/image\/967875\/deulonder-deulonderstore-cocina-kitchen-especieros\/fotos-de-cocinas-de-estilo-moderno-en-metalico-plateado-de-deulonder-arquitectura-domestica.jpg\" alt=\"Caj\u00f3n especiero: Cocinas de estilo moderno de DEULONDER arquitectura domestica\" title=\"-\"><\/a><\/div>\n<div style=\"color: #86848b;\"><small><a style=\"text-decoration: none; color: #86848b;\" href=\"https:\/\/www.homify.es\/proyectos\/131637\/organizacion-interior-porque-los-detalles-importan\" target=\"_blank\" rel=\"noopener noreferrer\"> Caj\u00f3n especiero <\/a>de<a style=\"text-decoration: none; color: #86848b;\" href=\"https:\/\/www.homify.es\/expertos\/84056\/deulonder-arquitectura-domestica\" target=\"_blank\" rel=\"noopener noreferrer\"> DEULONDER arquitectura domestica <\/a><\/small><\/div>\n<h3><\/h3>\n<h3><b>Muebles compartimentados<\/b><\/h3>\n<p><span style=\"font-weight: 400;\"><strong>Cajones y armarios son piezas clave en cualquier cocina que se precie<\/strong>. Pero \u00bfsabes sacarles todo su potencial? Apostar por soluciones compartimentadas es una manera perfecta de garantizar la organizaci\u00f3n interior de estos elementos. Que, de otro modo, corren el riesgo de quedar desaprovechados. <\/span><\/p>\n<p><span style=\"font-weight: 400;\">Tienes propuestas interesantes para almacenar los cubiertos. As\u00ed como armarios que esconden completas bater\u00edas de <a href=\"https:\/\/www.fotocasa.es\/fotocasa-life\/hogar\/decoracion\/6-ideas-elegir-encimera-la-cocina\/\">cocina<\/a> en un mueble esquinero. <strong>Todas son opciones ideales para mantener un orden perfecto<\/strong>.<\/span><\/p>\n<p>&nbsp;<\/p>\n<div><a href=\"https:\/\/www.homify.es\/foto\/1406149\/reforma-en-la-barceloneta\" target=\"_blank\" rel=\"noopener noreferrer\"><img decoding=\"async\" src=\"https:\/\/images.homify.com\/images\/a_0,c_fill,f_auto,h_980,q_auto,w_980\/v1458203979\/p\/photo\/image\/1406149\/7\/fotos-de-cocinas-de-estilo-moderno-de-oak-2000.jpg\" alt=\"Reforma en la Barceloneta: Cocinas de estilo moderno de OAK 2000\" title=\"-\"><\/a><\/div>\n<div style=\"color: #86848b;\"><small><a style=\"text-decoration: none; color: #86848b;\" href=\"https:\/\/www.homify.es\/proyectos\/209190\/reforma-en-la-barceloneta\" target=\"_blank\" rel=\"noopener noreferrer\"> Reforma en la Barceloneta <\/a>de<a style=\"text-decoration: none; color: #86848b;\" href=\"https:\/\/www.homify.es\/expertos\/197515\/oak-2000\" target=\"_blank\" rel=\"noopener noreferrer\"> OAK 2000 <\/a><\/small><\/div>\n<p>&nbsp;<\/p>\n<h3><b>Armarios a distintas alturas<\/b><\/h3>\n<p><span style=\"font-weight: 400;\">El\u00a0<\/span><a href=\"https:\/\/www.homify.es\/expertos\/muebles-y-accesorios\/\" target=\"_blank\" rel=\"noopener noreferrer\"><span style=\"font-weight: 400;\">mobiliario<\/span><\/a><span style=\"font-weight: 400;\"> ocupa buena parte del protagonismo en el dise\u00f1o de la cocina. Contar con piezas adaptadas y suficientes para garantizar una organizaci\u00f3n perfecta es la mejor f\u00f3rmula para conseguir una cocina funcional y con estilo. <strong>Apuesta por una disposici\u00f3n meditada<\/strong>. Colocando cada armario o mueble a la altura perfecta para que los elementos de su interior sean accesibles. Y est\u00e9n siempre disponibles para cuando sean requeridos.<\/span><\/p>\n<p><span style=\"font-weight: 400;\">Si tienes una cocina peque\u00f1a, siempre puedes ponerte en contacto con un carpintero profesional para un dise\u00f1o de muebles a medida. No solo optimizar\u00e1s el espacio, sino que imprimir\u00e1s car\u00e1cter a la composici\u00f3n.<\/span><\/p>\n<p>&nbsp;<\/p>\n<div><a href=\"https:\/\/www.homify.es\/foto\/447777\/porta-temperos\" target=\"_blank\" rel=\"noopener noreferrer\"><img decoding=\"async\" src=\"https:\/\/images.homify.com\/image\/upload\/a_0,c_fill,f_auto,h_980,q_auto,w_980\/v1438992215\/p\/photo\/image\/447777\/dani_testoni_final_14.jpg\" alt=\"Cocina de estilo de Natali de Mello - Arquitetura e Arte\" title=\"-\"><\/a><\/div>\n<div style=\"color: #86848b;\"><small><a style=\"text-decoration: none; color: #86848b;\" href=\"https:\/\/www.homify.es\/proyectos\/48626\/apartamento-saude-sp\" target=\"_blank\" rel=\"noopener noreferrer\"> Porta-temperos <\/a>de<a style=\"text-decoration: none; color: #86848b;\" href=\"https:\/\/www.homify.es\/expertos\/40535\/natali-de-mello-arquitetura-e-arte\" target=\"_blank\" rel=\"noopener noreferrer\"> Natali de Mello &#8211; Arquitetura e Arte <\/a><\/small><\/div>\n<p>&nbsp;<\/p>\n<h3><b>Soluciones originales<\/b><\/h3>\n<p><span style=\"font-weight: 400;\">La\u00a0<\/span><a href=\"https:\/\/www.homify.es\/libros_de_ideas\/3982889\/20-ideas-fantasticas-para-mantener-el-orden-en-la-cocina\" target=\"_blank\" rel=\"noopener noreferrer\"><span style=\"font-weight: 400;\">organizaci\u00f3n de la cocina<\/span><\/a><span style=\"font-weight: 400;\"> deja margen a la creatividad. Y es, precisamente, la imaginaci\u00f3n, la responsable de aportar buenas dosis de estilo al espacio. Una pared imantada, por ejemplo, es un recurso atractivo y original. <\/span><\/p>\n<p><span style=\"font-weight: 400;\">Colocada junto al fregadero o en la zona de cocina, propiamente dicha, te permitir\u00e1 tener a mano \u00fatiles como cuchillos y otras herramientas. E incluso con las especias con las que aromatizar tus recetas.<\/span><\/p>\n<p>&nbsp;<\/p>\n<div><a href=\"https:\/\/www.homify.es\/foto\/1467076\/a-coruna-for-rent\" target=\"_blank\" rel=\"noopener noreferrer\"><img decoding=\"async\" src=\"https:\/\/images.homify.com\/images\/a_0,c_fill,f_auto,h_980,q_auto,w_980\/v1461085445\/p\/photo\/image\/1467076\/ACORU%C3%91A_11\/fotos-de-cocinas-de-estilo-moderno-de-egue-y-seta.jpg\" alt=\"A Coru\u00f1a for rent!: Cocinas de estilo moderno de Egue y Seta\" title=\"-\"><\/a><\/div>\n<div style=\"color: #86848b;\"><small><a style=\"text-decoration: none; color: #86848b;\" href=\"https:\/\/www.homify.es\/proyectos\/261303\/a-coruna-for-rent\" target=\"_blank\" rel=\"noopener noreferrer\"> A Coru\u00f1a for rent! <\/a>de<a style=\"text-decoration: none; color: #86848b;\" href=\"https:\/\/www.homify.es\/expertos\/1004\/egue-y-seta\" target=\"_blank\" rel=\"noopener noreferrer\"> Egue y Seta <\/a><\/small><\/div>\n<p>&nbsp;<\/p>\n<h3><b>Detalles de estilo<\/b><\/h3>\n<p><span style=\"font-weight: 400;\">\u00bfRecuerdas esa pasi\u00f3n infantil por dejar volar tu talento creador en muebles y paredes? Es posible que tu naturaleza art\u00edstica se haya mitigado con el paso de los a\u00f1os. Pero si tienes alma picassiana, <strong>contar con una pared de pizarra en tu cocina<\/strong> es una buena manera de salvar la situaci\u00f3n. <\/span><\/p>\n<p><span style=\"font-weight: 400;\">Este tipo de recursos no contribuyen demasiado a la organizaci\u00f3n de la estancia. Pero resultan extremadamente pr\u00e1cticos para anotar la lista de la compra, recados para el resto de la familia. O para lanzarte mensajes inspiradores para cuando llegue el momento de ponerse ante los fogones.<\/span><\/p>\n<p>&nbsp;<\/p>\n<div><a href=\"https:\/\/www.homify.es\/foto\/777239\/temporada-otono-invierno-2015\" target=\"_blank\" rel=\"noopener noreferrer\"><img decoding=\"async\" src=\"https:\/\/images.homify.com\/image\/upload\/a_0,c_fill,f_auto,h_980,q_auto,w_980\/v1438097932\/p\/photo\/image\/777239\/Villatte0569.jpg\" alt=\"Cocina de estilo de VILLATTE - La Maison\" title=\"-\"><\/a><\/div>\n<div style=\"color: #86848b;\"><small> de<a style=\"text-decoration: none; color: #86848b;\" href=\"https:\/\/www.homify.es\/expertos\/87027\/villatte-la-maison\" target=\"_blank\" rel=\"noopener noreferrer\"> VILLATTE &#8211; La Maison <\/a><\/small><\/div>\n<p>&nbsp;<\/p>\n<h3><b>Muebles auxiliares<\/b><\/h3>\n<p><span style=\"font-weight: 400;\">Las ideas de almacenamiento para la cocina no siempre tienen cabida en la misma. De hecho, hay veces que <strong>las necesidades organizativas trascienden de los muros<\/strong> de esta habitaci\u00f3n. Y colonizan los espacios contiguos. <\/span><\/p>\n<p><span style=\"font-weight: 400;\">Integrar muebles auxiliares con estilo en la composici\u00f3n te ayudar\u00e1 a mejorar la operatividad de tu cocina. Y, si las dimensiones no lo permiten, siempre puedes apostar por <strong>piezas capaces de acoplarse en cualquier ambiente<\/strong> de la casa. Y servir a las necesidades de almacenamiento de tu templo culinario.<\/span><\/p>\n<p><span style=\"font-weight: 400;\">\u00bfQuieres conocer m\u00e1s propuestas al respecto? \u00a1Sigue leyendo!<\/span><a href=\"https:\/\/www.homify.es\/libros_de_ideas\/162614\/muebles-auxiliares-que-hacen-mas-comoda-la-cocina\" target=\"_blank\" rel=\"noopener\"> <i><span style=\"font-weight: 400;\">Muebles auxiliares que hacen m\u00e1s c\u00f3moda la cocina<\/span><\/i><\/a><i><span style=\"font-weight: 400;\">.<\/span><\/i><\/p>\n","protected":false},"excerpt":{"rendered":"<p>\u00bfQuieres sacar m\u00e1s provecho a tu cocina? Toma nota de estas ideas de almacenamiento para una cocina funcional y llena de estilo.<\/p>\n","protected":false},"author":25,"featured_media":28379,"comment_status":"open","ping_status":"closed","sticky":false,"template":"","format":"standard","meta":{"_lmt_disableupdate":"yes","_lmt_disable":"","footnotes":""},"categories":[4],"tags":[52,980,979,2225,1575,769,1804],"class_list":["post-28367","post","type-post","status-publish","format-standard","has-post-thumbnail","hentry","category-decoracion","tag-cocinas","tag-cocinas-funcionales","tag-cocinas-practicas","tag-cocinas-semiabiertas","tag-complementos-para-cocinas","tag-decoracion-de-cocinas","tag-reformas-cocinas"],"modified_by":"Albert PC","_links":{"self":[{"href":"https:\/\/www.fotocasa.es\/fotocasa-life\/wp-json\/wp\/v2\/posts\/28367","targetHints":{"allow":["GET"]}}],"collection":[{"href":"https:\/\/www.fotocasa.es\/fotocasa-life\/wp-json\/wp\/v2\/posts"}],"about":[{"href":"https:\/\/www.fotocasa.es\/fotocasa-life\/wp-json\/wp\/v2\/types\/post"}],"author":[{"embeddable":true,"href":"https:\/\/www.fotocasa.es\/fotocasa-life\/wp-json\/wp\/v2\/users\/25"}],"replies":[{"embeddable":true,"href":"https:\/\/www.fotocasa.es\/fotocasa-life\/wp-json\/wp\/v2\/comments?post=28367"}],"version-history":[{"count":0,"href":"https:\/\/www.fotocasa.es\/fotocasa-life\/wp-json\/wp\/v2\/posts\/28367\/revisions"}],"wp:featuredmedia":[{"embeddable":true,"href":"https:\/\/www.fotocasa.es\/fotocasa-life\/wp-json\/wp\/v2\/media\/28379"}],"wp:attachment":[{"href":"https:\/\/www.fotocasa.es\/fotocasa-life\/wp-json\/wp\/v2\/media?parent=28367"}],"wp:term":[{"taxonomy":"category","embeddable":true,"href":"https:\/\/www.fotocasa.es\/fotocasa-life\/wp-json\/wp\/v2\/categories?post=28367"},{"taxonomy":"post_tag","embeddable":true,"href":"https:\/\/www.fotocasa.es\/fotocasa-life\/wp-json\/wp\/v2\/tags?post=28367"}],"curies":[{"name":"wp","href":"https:\/\/api.w.org\/{rel}","templated":true}]}}