{"id":27731,"date":"2018-03-08T11:21:26","date_gmt":"2018-03-08T10:21:26","guid":{"rendered":"https:\/\/www.fotocasa.es\/fotocasa-life\/?p=27731"},"modified":"2020-11-27T13:30:43","modified_gmt":"2020-11-27T12:30:43","slug":"8-viviendas-con-cocinas-de-estrella-michelin","status":"publish","type":"post","link":"https:\/\/www.fotocasa.es\/fotocasa-life\/curiosidades\/8-viviendas-con-cocinas-de-estrella-michelin\/","title":{"rendered":"7 viviendas con cocinas de estrella Michelin"},"content":{"rendered":"<h2><span style=\"font-weight: 400;\">La cocina suele ser el coraz\u00f3n de cualquier casa. Si adem\u00e1s sus inquilinos son amantes del buen comer, la apreciar\u00e1n esta estancia como los que m\u00e1s.<\/span><\/h2>\n<p><span style=\"font-weight: 400;\">Pero para hacer buenos platos, adem\u00e1s de tener buenas manos, es conveniente contar con un buen equipamiento. <strong>Islas de cocina amplias, buenos fogones<\/strong> y a ser posible, vistas que nos permitan disfrutar de una copa de buen vino mientras preparamos un suculento guiso. <\/span><\/p>\n<p><span style=\"font-weight: 400;\">Todas estas cocinas te gustar\u00e1n tanto como las casas en las que se encuentran ubicadas. \u00bfTe apetece echarles un vistazo?<\/span><\/p>\n<p>&nbsp;<\/p>\n<h3>Un chalet en Pozuelo de Alarc\u00f3n<\/h3>\n<p><div id=\"attachment_27735\" style=\"width: 700px\" class=\"wp-caption alignnone\"><a href=\"https:\/\/www.fotocasa.es\/vivienda\/pozuelo-de-alarcon\/aire-acondicionado-calefaccion-parking-jardin-terraza-trastero-patio-piscina-no-amueblado-somosaguas-143501663?RowGrid=8&amp;tti=1&amp;opi=300\"><img loading=\"lazy\" decoding=\"async\" aria-describedby=\"caption-attachment-27735\" class=\"wp-image-27735 size-full\" src=\"https:\/\/www.fotocasa.es\/fotocasa-life\/wp-content\/uploads\/2018\/03\/cocinas-02.jpg\" alt=\"Un chalet en Pozuelo de Alarc\u00f3n\" width=\"690\" height=\"449\" title=\"-\" srcset=\"https:\/\/www.fotocasa.es\/fotocasa-life\/wp-content\/uploads\/2018\/03\/cocinas-02.jpg 690w, https:\/\/www.fotocasa.es\/fotocasa-life\/wp-content\/uploads\/2018\/03\/cocinas-02-300x195.jpg 300w, https:\/\/www.fotocasa.es\/fotocasa-life\/wp-content\/uploads\/2018\/03\/cocinas-02-150x98.jpg 150w\" sizes=\"auto, (max-width: 690px) 100vw, 690px\" \/><\/a><p id=\"caption-attachment-27735\" class=\"wp-caption-text\">Foto: fotocasa<\/p><\/div><\/p>\n<p>Cualquier cocinera o cocinero estar\u00eda encantado de preparar sus platos aqu\u00ed. Esta cocina s\u00faper moderna <a href=\"https:\/\/www.fotocasa.es\/vivienda\/pozuelo-de-alarcon\/aire-acondicionado-calefaccion-parking-jardin-terraza-trastero-patio-piscina-no-amueblado-somosaguas-143501663?RowGrid=8&amp;tti=1&amp;opi=300\" target=\"_blank\" rel=\"noopener noreferrer\">se encuentra en un chalet en Pozuelo de Alarc\u00f3n<\/a>, situado en una lujosa urbanizaci\u00f3n. Y no es para menos.<\/p>\n<p><strong>La cocina se integra con un jard\u00edn muy elegante<\/strong>, lo que sin duda nos ofrecer\u00e1 unas vistas estupendas mientras preparamos un suculento asado. O chocamos nuestras copas de vino entre preparativo y preparativo.<\/p>\n<p>&nbsp;<\/p>\n<h3><strong>Un chalet en Sant Gervasi, Barcelona<\/strong><\/h3>\n<p><div id=\"attachment_27733\" style=\"width: 700px\" class=\"wp-caption alignnone\"><a href=\"https:\/\/www.fotocasa.es\/vivienda\/barcelona-capital\/aire-acondicionado-calefaccion-parking-terraza-trastero-ascensor-piscina-amueblado-television-piscina-sant-gervasi-i-la-bonanova-139568183?RowGrid=7&amp;tti=1&amp;opi=300\"><img loading=\"lazy\" decoding=\"async\" aria-describedby=\"caption-attachment-27733\" class=\"wp-image-27733 size-full\" src=\"https:\/\/www.fotocasa.es\/fotocasa-life\/wp-content\/uploads\/2018\/03\/cocinas-01.jpg\" alt=\"cocinas\" width=\"690\" height=\"451\" title=\"-\" srcset=\"https:\/\/www.fotocasa.es\/fotocasa-life\/wp-content\/uploads\/2018\/03\/cocinas-01.jpg 690w, https:\/\/www.fotocasa.es\/fotocasa-life\/wp-content\/uploads\/2018\/03\/cocinas-01-300x196.jpg 300w, https:\/\/www.fotocasa.es\/fotocasa-life\/wp-content\/uploads\/2018\/03\/cocinas-01-150x98.jpg 150w\" sizes=\"auto, (max-width: 690px) 100vw, 690px\" \/><\/a><p id=\"caption-attachment-27733\" class=\"wp-caption-text\">Foto: fotocasa<\/p><\/div><\/p>\n<p>Si buscas una casa espectacular, que a su vez tenga una cocina de ensue\u00f1o, <a href=\"https:\/\/www.fotocasa.es\/vivienda\/barcelona-capital\/aire-acondicionado-calefaccion-parking-terraza-trastero-ascensor-piscina-amueblado-television-piscina-sant-gervasi-i-la-bonanova-139568183?RowGrid=7&amp;tti=1&amp;opi=300\" target=\"_blank\" rel=\"noopener noreferrer\">este chalet situado en Sant Gervasi<\/a> te gustar\u00e1. Se encuentra ubicado en la ciudad de Barcelona y es, como puedes imaginar, una vivienda amplia y lujosa.<\/p>\n<p>Consta de 5 dormitorios muy amplios, 6 cuartos de ba\u00f1o completos y una de las joyas de la corona es, l\u00f3gicamente, la cocina. <strong>Se trata de un gran espacio, tipo office, semiabierto y con isla<\/strong>. Lo que sin duda es estupendo para aquellos que disfrutan de la vida entre fogones. Incluye, adem\u00e1s, una ventana pasaplatos. Y est\u00e1 sobradamente equipada con todos los electrodom\u00e9sticos que uno pueda necesitar.<\/p>\n<p>&nbsp;<\/p>\n<h3>Un chalet en La Moraleja, Madrid<\/h3>\n<p><div id=\"attachment_27738\" style=\"width: 700px\" class=\"wp-caption alignnone\"><a href=\"https:\/\/www.fotocasa.es\/vivienda\/alcobendas\/la-moraleja-aire-acondicionado-calefaccion-parking-jardin-terraza-trastero-zona-comunitaria-piscina-la-moraleja-distrito-145242767?RowGrid=3&amp;tti=1&amp;opi=300\"><img loading=\"lazy\" decoding=\"async\" aria-describedby=\"caption-attachment-27738\" class=\"wp-image-27738 size-full\" src=\"https:\/\/www.fotocasa.es\/fotocasa-life\/wp-content\/uploads\/2018\/03\/04-cocinas.jpg\" alt=\"cocinas\" width=\"690\" height=\"447\" title=\"-\" srcset=\"https:\/\/www.fotocasa.es\/fotocasa-life\/wp-content\/uploads\/2018\/03\/04-cocinas.jpg 690w, https:\/\/www.fotocasa.es\/fotocasa-life\/wp-content\/uploads\/2018\/03\/04-cocinas-300x194.jpg 300w, https:\/\/www.fotocasa.es\/fotocasa-life\/wp-content\/uploads\/2018\/03\/04-cocinas-150x97.jpg 150w\" sizes=\"auto, (max-width: 690px) 100vw, 690px\" \/><\/a><p id=\"caption-attachment-27738\" class=\"wp-caption-text\">Foto: fotocasa<\/p><\/div><\/p>\n<p>Vanguardista y de lujo. Estas son las dos palabra que mejor describen las caracter\u00edsticas de esta cocina y de la casa en su conjunto. <a href=\"https:\/\/www.fotocasa.es\/vivienda\/alcobendas\/la-moraleja-aire-acondicionado-calefaccion-parking-jardin-terraza-trastero-zona-comunitaria-piscina-la-moraleja-distrito-145242767?RowGrid=3&amp;tti=1&amp;opi=300\" target=\"_blank\" rel=\"noopener noreferrer\">Esta mansi\u00f3n, situada en Alcobendas<\/a>, consta de una cocina de aut\u00e9ntica vanguardia. En el espacio predominan los blancos, las l\u00edneas rectas y los espacios grandes. Ning\u00fan amante de la cocina gourmet podr\u00eda resistirse a unos fogones as\u00ed.<\/p>\n<p>&nbsp;<\/p>\n<h3>Materia prima de calidad en A Coru\u00f1a<\/h3>\n<p><a href=\"https:\/\/www.fotocasa.es\/vivienda\/a-coruna-capital\/calefaccion-parking-jardin-terraza-trastero-piscina-internet-elvina-a-zapateira-142346946?RowGrid=14&amp;tti=1&amp;opi=300\"><img loading=\"lazy\" decoding=\"async\" class=\"alignnone size-full wp-image-27739\" src=\"https:\/\/www.fotocasa.es\/fotocasa-life\/wp-content\/uploads\/2018\/03\/cocinas-05.jpg\" alt=\"- - - -\" width=\"690\" height=\"480\" title=\"-\" srcset=\"https:\/\/www.fotocasa.es\/fotocasa-life\/wp-content\/uploads\/2018\/03\/cocinas-05.jpg 690w, https:\/\/www.fotocasa.es\/fotocasa-life\/wp-content\/uploads\/2018\/03\/cocinas-05-300x209.jpg 300w, https:\/\/www.fotocasa.es\/fotocasa-life\/wp-content\/uploads\/2018\/03\/cocinas-05-150x104.jpg 150w\" sizes=\"auto, (max-width: 690px) 100vw, 690px\" \/><\/a><\/p>\n<p>Los amantes del marisco y del buen comer apreciar\u00e1n <a href=\"https:\/\/www.fotocasa.es\/vivienda\/a-coruna-capital\/calefaccion-parking-jardin-terraza-trastero-piscina-internet-elvina-a-zapateira-142346946?RowGrid=14&amp;tti=1&amp;opi=300\" target=\"_blank\" rel=\"noopener noreferrer\">este chalet en A Coru\u00f1a<\/a>. La casa se encuentra ubicada en A Zapateira y aunque tiene un dise\u00f1o vanguardista ni minimalista como los anteriores, <strong>su cocina tiene unos acabados de excelente calidad.<\/strong> Superficies de trabajo amplias y una buena iluminaci\u00f3n, con acceso directo al jard\u00edn, para cocinar en un ambiente agradable y acogedor.<\/p>\n<p>&nbsp;<\/p>\n<h3>Al calor de Granada<\/h3>\n<p><div id=\"attachment_27740\" style=\"width: 700px\" class=\"wp-caption alignnone\"><a href=\"https:\/\/www.fotocasa.es\/vivienda\/granada-capital\/calefaccion-jardin-terraza-trastero-carrera-del-darro-145348730?RowGrid=5&amp;tti=1&amp;opi=300\"><img loading=\"lazy\" decoding=\"async\" aria-describedby=\"caption-attachment-27740\" class=\"wp-image-27740 size-full\" src=\"https:\/\/www.fotocasa.es\/fotocasa-life\/wp-content\/uploads\/2018\/03\/06-cocinas.jpg\" alt=\"cocinas\" width=\"690\" height=\"448\" title=\"-\" srcset=\"https:\/\/www.fotocasa.es\/fotocasa-life\/wp-content\/uploads\/2018\/03\/06-cocinas.jpg 690w, https:\/\/www.fotocasa.es\/fotocasa-life\/wp-content\/uploads\/2018\/03\/06-cocinas-300x195.jpg 300w, https:\/\/www.fotocasa.es\/fotocasa-life\/wp-content\/uploads\/2018\/03\/06-cocinas-150x97.jpg 150w\" sizes=\"auto, (max-width: 690px) 100vw, 690px\" \/><\/a><p id=\"caption-attachment-27740\" class=\"wp-caption-text\">Foto: fotocasa<\/p><\/div><\/p>\n<p>Si bien no es excesivamente grande, no dejar\u00edamos escapar esta cocina granadina por nada del mundo. Se encuentra ubicada en un enclave inmejorable, <a href=\"https:\/\/www.fotocasa.es\/vivienda\/granada-capital\/calefaccion-jardin-terraza-trastero-carrera-del-darro-145348730?RowGrid=5&amp;tti=1&amp;opi=300\" target=\"_blank\" rel=\"noopener noreferrer\">con unas vistas espectaculares a la Alhambra<\/a>. <strong>La casa, que fue restaurada hace poco, consta de una cocina sencilla<\/strong>, pero nueva, con isla en la parte central y espacio suficiente como para cocinar los mejores alimentos de la huerta granadina.<\/p>\n<p>&nbsp;<\/p>\n<h3>Cocina con ornamento en Sevilla<\/h3>\n<p><div id=\"attachment_27741\" style=\"width: 700px\" class=\"wp-caption alignnone\"><a href=\"https:\/\/www.fotocasa.es\/vivienda\/gelves\/aire-acondicionado-calefaccion-parking-jardin-terraza-trastero-piscina-gelves-144027835?RowGrid=5&amp;tti=1&amp;opi=300\"><img loading=\"lazy\" decoding=\"async\" aria-describedby=\"caption-attachment-27741\" class=\"wp-image-27741 size-full\" src=\"https:\/\/www.fotocasa.es\/fotocasa-life\/wp-content\/uploads\/2018\/03\/07-cocinas.jpg\" alt=\"cocinas\" width=\"690\" height=\"433\" title=\"-\" srcset=\"https:\/\/www.fotocasa.es\/fotocasa-life\/wp-content\/uploads\/2018\/03\/07-cocinas.jpg 690w, https:\/\/www.fotocasa.es\/fotocasa-life\/wp-content\/uploads\/2018\/03\/07-cocinas-300x188.jpg 300w, https:\/\/www.fotocasa.es\/fotocasa-life\/wp-content\/uploads\/2018\/03\/07-cocinas-150x94.jpg 150w\" sizes=\"auto, (max-width: 690px) 100vw, 690px\" \/><\/a><p id=\"caption-attachment-27741\" class=\"wp-caption-text\">Foto: fotocasa<\/p><\/div><\/p>\n<p>Los chefs amantes del ornamento tienen una oportunidad interesante en Sevilla. <a href=\"https:\/\/www.fotocasa.es\/vivienda\/gelves\/aire-acondicionado-calefaccion-parking-jardin-terraza-trastero-piscina-gelves-144027835?RowGrid=5&amp;tti=1&amp;opi=300\" target=\"_blank\" rel=\"noopener noreferrer\">Es un chalet situado en Mairena de Aljarafe<\/a>. Se trata de una casa muy acogedora, a la que no falta ning\u00fan detalle decorativo. <strong>Tampoco en la cocina<\/strong>. No es ampl\u00edsima, pero tiene todo lo que un buen cocinero puede necesitar, incluidos unos fogones en isla y espacio suficiente como para trabajar bien con los alimentos.<\/p>\n<p>&nbsp;<\/p>\n<h3>Mirando a los mejores chefs, en Donostia<\/h3>\n<p><div id=\"attachment_27742\" style=\"width: 700px\" class=\"wp-caption alignnone\"><a href=\"https:\/\/www.fotocasa.es\/vivienda\/donostia-san-sebastian\/parking-terraza-trastero-piscina-igeldo-143364690?RowGrid=3&amp;tti=1&amp;opi=300\"><img loading=\"lazy\" decoding=\"async\" aria-describedby=\"caption-attachment-27742\" class=\"wp-image-27742 size-full\" src=\"https:\/\/www.fotocasa.es\/fotocasa-life\/wp-content\/uploads\/2018\/03\/cocinas-06.jpg\" alt=\"cocinas\" width=\"690\" height=\"402\" title=\"-\" srcset=\"https:\/\/www.fotocasa.es\/fotocasa-life\/wp-content\/uploads\/2018\/03\/cocinas-06.jpg 690w, https:\/\/www.fotocasa.es\/fotocasa-life\/wp-content\/uploads\/2018\/03\/cocinas-06-300x175.jpg 300w, https:\/\/www.fotocasa.es\/fotocasa-life\/wp-content\/uploads\/2018\/03\/cocinas-06-150x87.jpg 150w\" sizes=\"auto, (max-width: 690px) 100vw, 690px\" \/><\/a><p id=\"caption-attachment-27742\" class=\"wp-caption-text\">Foto: fotocasa<\/p><\/div><\/p>\n<p>El Pa\u00eds Vasco es uno de los lugares de Espa\u00f1a con m\u00e1s tradici\u00f3n culinaria. Cuna de grandes chefs como Juan Mari y Elena Arzak,\u00a0Mart\u00edn Berasategui o Pedro Subijana, entre muchos otros. As\u00ed que no pod\u00edamos dejar escapar la ocasi\u00f3n de <a href=\"https:\/\/www.fotocasa.es\/vivienda\/donostia-san-sebastian\/parking-terraza-trastero-piscina-igeldo-143364690?RowGrid=3&amp;tti=1&amp;opi=300\">encontrar una buena cocina en este precioso enclave<\/a>, que es Donostia. Lo mejor de esta bella casa es, sin lugar a dudas, sus vistas al mar. <strong>La cocina es bonita y acogedora<\/strong>. Un lugar perfecto para disfrutar de la mejor gastronom\u00eda, tanto dentro como fuera del hogar.<\/p>\n","protected":false},"excerpt":{"rendered":"<p>Son viviendas de lujo y tienen cocinas de lujo. Te mostramos 8 viviendas que constan de una cocina digna de cualquier estrella Michelin.<\/p>\n","protected":false},"author":3,"featured_media":27734,"comment_status":"open","ping_status":"closed","sticky":false,"template":"","format":"standard","meta":{"_lmt_disableupdate":"yes","_lmt_disable":"","footnotes":""},"categories":[2452],"tags":[659,52,2225,1574,1486],"class_list":["post-27731","post","type-post","status-publish","format-standard","has-post-thumbnail","hentry","category-curiosidades","tag-casas-de-lujo","tag-cocinas","tag-cocinas-semiabiertas","tag-mobiliario-de-cocinas","tag-viviendas"],"modified_by":"Fotocasa","_links":{"self":[{"href":"https:\/\/www.fotocasa.es\/fotocasa-life\/wp-json\/wp\/v2\/posts\/27731","targetHints":{"allow":["GET"]}}],"collection":[{"href":"https:\/\/www.fotocasa.es\/fotocasa-life\/wp-json\/wp\/v2\/posts"}],"about":[{"href":"https:\/\/www.fotocasa.es\/fotocasa-life\/wp-json\/wp\/v2\/types\/post"}],"author":[{"embeddable":true,"href":"https:\/\/www.fotocasa.es\/fotocasa-life\/wp-json\/wp\/v2\/users\/3"}],"replies":[{"embeddable":true,"href":"https:\/\/www.fotocasa.es\/fotocasa-life\/wp-json\/wp\/v2\/comments?post=27731"}],"version-history":[{"count":0,"href":"https:\/\/www.fotocasa.es\/fotocasa-life\/wp-json\/wp\/v2\/posts\/27731\/revisions"}],"wp:featuredmedia":[{"embeddable":true,"href":"https:\/\/www.fotocasa.es\/fotocasa-life\/wp-json\/wp\/v2\/media\/27734"}],"wp:attachment":[{"href":"https:\/\/www.fotocasa.es\/fotocasa-life\/wp-json\/wp\/v2\/media?parent=27731"}],"wp:term":[{"taxonomy":"category","embeddable":true,"href":"https:\/\/www.fotocasa.es\/fotocasa-life\/wp-json\/wp\/v2\/categories?post=27731"},{"taxonomy":"post_tag","embeddable":true,"href":"https:\/\/www.fotocasa.es\/fotocasa-life\/wp-json\/wp\/v2\/tags?post=27731"}],"curies":[{"name":"wp","href":"https:\/\/api.w.org\/{rel}","templated":true}]}}