{"id":2727,"date":"2014-07-29T10:50:40","date_gmt":"2014-07-29T08:50:40","guid":{"rendered":"https:\/\/www.fotocasa.es\/fotocasa-life\/?p=2727"},"modified":"2020-11-27T11:33:48","modified_gmt":"2020-11-27T10:33:48","slug":"sp-asegura-el-final-de-la-caida-de-los-precios-para-2015","status":"publish","type":"post","link":"https:\/\/www.fotocasa.es\/fotocasa-life\/compraventa\/sp-asegura-el-final-de-la-caida-de-los-precios-para-2015\/","title":{"rendered":"S&#038;P asegura el final de la ca\u00edda de los precios para 2015"},"content":{"rendered":"<p>El desplome de los precios de la vivienda registrado en Espa\u00f1a en los \u00faltimos a\u00f1os podr\u00eda llegar a su fin el pr\u00f3ximo a\u00f1o, cuando el sector inmobiliario experimente una moderada recuperaci\u00f3n como consecuencia de la mejora de la\u00a0econom\u00eda y el creciente inter\u00e9s de los inversores extranjeros. Esta es la conclusi\u00f3n de la agencia <a title=\"Standard &amp; Poor&#039;s \" href=\"https:\/\/www.spglobal.com\/ratings\/en\/\" target=\"_blank\" rel=\"noopener noreferrer\"><strong>Standard &amp; Poor&#8217;s<\/strong><\/a>, que tambi\u00e9n\u00a0advierte que la reactivaci\u00f3n del &#8216;ladrillo&#8217; se ver\u00e1 limitada por el exceso de viviendas a la venta y la p\u00e9rdida de poblaci\u00f3n prevista.<\/p>\n<p>La calificadora de riesgos vaticina un descenso del 2% de los precios de la vivienda en Espa\u00f1a a lo largo de 2014, frente al retroceso del 4,6% de 2013. Adem\u00e1s, asegura que la ca\u00edda de los precios llegar\u00e1 a su fin en\u00a02015, fecha en la que espera una <a title=\"\u00bfQu\u00e9 hay de cierto sobre la recuperaci\u00f3n del sector inmobiliario?\" href=\"https:\/\/www.fotocasa.es\/fotocasa-life\/compraventa\/recuperacion-del-sector-inmobiliario\/\"><strong>estabilizaci\u00f3n de los\u00a0precios<\/strong><\/a>, que prev\u00e9 registren una subida del 2% en 2016.<\/p>\n<p>\u00abPensamos que los precios continuar\u00e1n bajando ligeramente este a\u00f1o para tocar fondo en 2015 y comenzar a subir en 2016\u00bb, se\u00f1alan los autores del informe, que destacan la mejora \u00abm\u00e1s r\u00e1pido de lo previsto\u00bb de los fundamentales de la econom\u00eda espa\u00f1ola, lo que permitir\u00e1 un descenso \u00abm\u00e1s r\u00e1pido\u00bb del desempleo.<\/p>\n<p>De hecho, la agencia ha revisado recientemente al alza sus proyecciones de crecimiento para Espa\u00f1a hasta el 1,3% este a\u00f1o y el 1,8% los dos siguientes, lo que se sit\u00faa notablemente por encima de las perspectivas asignadas a la media de la eurozona.<\/p>\n<p>Asimismo, la calificadora de riesgos conf\u00eda en que la tasa de paro de Espa\u00f1a cierre 2014 en el 25,2% y desde ah\u00ed disminuya paulatinamente al 24% en 2015 y el 22% en 2016.<\/p>\n<p>&nbsp;<\/p>\n<p><strong>La p\u00e9rdida de poblaci\u00f3n amenaza la recuperaci\u00f3n<\/strong><\/p>\n<p>A pesar de las mejores perspectivas, S&amp;P se\u00f1ala que, a largo plazo, el sector de la vivienda en Espa\u00f1a se ver\u00e1 lastrado por el <a title=\"40.000 viviendas vac\u00edas de bancos por vender\" href=\"https:\/\/www.fotocasa.es\/fotocasa-life\/compraventa\/40-000-viviendas-vacias-de-bancos-por-vender\/\"><strong>&#8216;stock&#8217; de viviendas<\/strong><\/a> a la venta, aunque conf\u00eda en que \u00ablos inversores extranjeros contribuir\u00e1n a poner un suelo a los precios\u00bb.<\/p>\n<p>Sin embargo, de cara al futuro, la agencia alerta de que las tendencias demogr\u00e1ficas en Espa\u00f1a representan una amenaza para la recuperaci\u00f3n del mercado de la vivienda en Espa\u00f1a. \u00abUn descenso de poblaci\u00f3n limitar\u00eda claramente el potencial de crecimiento de la demanda de vivienda en la pr\u00f3xima d\u00e9cada\u00bb, advierte.<\/p>\n","protected":false},"excerpt":{"rendered":"<p>El desplome de los precios de la vivienda registrado en Espa\u00f1a en los \u00faltimos a\u00f1os podr\u00eda llegar a su fin el pr\u00f3ximo a\u00f1o, cuando el sector inmobiliario experimente una moderada recuperaci\u00f3n como consecuencia de la mejora de la\u00a0econom\u00eda y el creciente inter\u00e9s de los inversores extranjeros. Esta es la conclusi\u00f3n de la agencia Standard &amp;&#8230;<\/p>\n","protected":false},"author":3,"featured_media":1476,"comment_status":"open","ping_status":"open","sticky":false,"template":"","format":"standard","meta":{"_lmt_disableupdate":"yes","_lmt_disable":"","footnotes":""},"categories":[3],"tags":[1072,118,646,165,207,998,316,245,687],"class_list":["post-2727","post","type-post","status-publish","format-standard","has-post-thumbnail","hentry","category-compraventa","tag-construccion-de-viviendas","tag-economia","tag-estabilizacion-de-los-precios","tag-inversores-internacionales","tag-precio-de-la-vivienda","tag-precio-medio-venta","tag-sp","tag-sector-inmobiliario","tag-standard-poors"],"modified_by":"Albert PC","_links":{"self":[{"href":"https:\/\/www.fotocasa.es\/fotocasa-life\/wp-json\/wp\/v2\/posts\/2727","targetHints":{"allow":["GET"]}}],"collection":[{"href":"https:\/\/www.fotocasa.es\/fotocasa-life\/wp-json\/wp\/v2\/posts"}],"about":[{"href":"https:\/\/www.fotocasa.es\/fotocasa-life\/wp-json\/wp\/v2\/types\/post"}],"author":[{"embeddable":true,"href":"https:\/\/www.fotocasa.es\/fotocasa-life\/wp-json\/wp\/v2\/users\/3"}],"replies":[{"embeddable":true,"href":"https:\/\/www.fotocasa.es\/fotocasa-life\/wp-json\/wp\/v2\/comments?post=2727"}],"version-history":[{"count":0,"href":"https:\/\/www.fotocasa.es\/fotocasa-life\/wp-json\/wp\/v2\/posts\/2727\/revisions"}],"wp:featuredmedia":[{"embeddable":true,"href":"https:\/\/www.fotocasa.es\/fotocasa-life\/wp-json\/wp\/v2\/media\/1476"}],"wp:attachment":[{"href":"https:\/\/www.fotocasa.es\/fotocasa-life\/wp-json\/wp\/v2\/media?parent=2727"}],"wp:term":[{"taxonomy":"category","embeddable":true,"href":"https:\/\/www.fotocasa.es\/fotocasa-life\/wp-json\/wp\/v2\/categories?post=2727"},{"taxonomy":"post_tag","embeddable":true,"href":"https:\/\/www.fotocasa.es\/fotocasa-life\/wp-json\/wp\/v2\/tags?post=2727"}],"curies":[{"name":"wp","href":"https:\/\/api.w.org\/{rel}","templated":true}]}}