{"id":26871,"date":"2018-01-25T12:09:52","date_gmt":"2018-01-25T11:09:52","guid":{"rendered":"https:\/\/www.fotocasa.es\/fotocasa-life\/?p=26871"},"modified":"2020-11-27T13:31:26","modified_gmt":"2020-11-27T12:31:26","slug":"bbva-dice-que-espana-creceria-mas-de-un-3-en-2018-sin-el-impacto-de-la-crisis-catalana","status":"publish","type":"post","link":"https:\/\/www.fotocasa.es\/fotocasa-life\/hipotecas-finanzas\/bbva-dice-que-espana-creceria-mas-de-un-3-en-2018-sin-el-impacto-de-la-crisis-catalana\/","title":{"rendered":"BBVA dice que Espa\u00f1a crecer\u00eda m\u00e1s de un 3% en 2018 sin el impacto de la crisis catalana"},"content":{"rendered":"<p>BBVA Research estima que la econom\u00eda espa\u00f1ola <strong>podr\u00eda haber continuado creciendo por encima del 3% en 2018.<\/strong> En lugar del avance del PIB de entre el 2,5% y el 3% que prev\u00e9 el consenso de organismos y servicios de estudios, si no tuviese el impacto de la crisis pol\u00edtica en Catalu\u00f1a que cifra entre dos y cuatro d\u00e9cimas del PIB a medio plazo. Aunque con un impacto \u00ablimitado\u00bb todav\u00eda en el empleo.<\/p>\n<p>As\u00ed lo se\u00f1ala en un art\u00edculo el economista jefe para Espa\u00f1a en BBVA Research, Miguel Cardoso. Quien explica que la mayor incertidumbre derivada del desaf\u00edo independentista en Catalu\u00f1a <strong>ha supuesto un deterioro relativo en la evoluci\u00f3n de variables financieras<\/strong>. Una ca\u00edda del gasto intensa especialmente en Catalu\u00f1a. Pero \u00ablimitada en el tiempo\u00bb. Y un comportamiento negativo del sector tur\u00edstico.<\/p>\n<p>Cardoso ve posible que, si la incertidumbre es temporal, el favorable entorno internacional <strong>compense en parte el impacto de la <a href=\"https:\/\/www.fotocasa.es\/fotocasa-life\/hipotecas-finanzas\/bbva-research-no-descarta-elevar-la-prevision-pib-2018-la-incertidumbre-cataluna-acaba-pronto\/\">crisis en Catalu\u00f1a en el PIB espa\u00f1ol<\/a><\/strong>. Pero, en todo caso, se\u00f1ala que en lugar de un crecimiento entre el 2,5% y el 3% como prev\u00e9 el consenso, Espa\u00f1a podr\u00eda haber continuado creciendo.<strong> Y hacerlo por encima del 3%.<\/strong><\/p>\n<p>El servicio de estudios de la entidad mantuvo en su informe &#8216;Situaci\u00f3n Espa\u00f1a&#8217;<strong> publicado en enero sus previsiones de crecimiento del PIB en el 2,5% para 2018<\/strong>. Y estimaba que la recuperaci\u00f3n continuar\u00eda en 2019 con un alza del 2,3%. Con una creaci\u00f3n de alrededor de 860.000 puestos de trabajo en los dos pr\u00f3ximos a\u00f1os. El FMI ha rebajado su previsi\u00f3n de crecimiento al 2,4%. Y al 2,1% el PIB en 2018 y 2019 por la crisis en Catalu\u00f1a.<\/p>\n<p>&nbsp;<\/p>\n<h3>Impacto en el empleo<\/h3>\n<p>\u00abDesgraciadamente, lo m\u00e1s probable es que haya personas que pierdan su puesto de trabajo. O no lo encuentren como consecuencia de estos eventos\u00bb, advierte Cardoso. Quien se\u00f1ala que, aunque no sea \u00abevidente\u00bb, es probable que <strong>la mayor incertidumbre est\u00e9 reduciendo la capacidad de crecimiento<\/strong> de la econom\u00eda espa\u00f1ola.<\/p>\n<p>En este sentido, recuerda que la semana posterior al 1 de octubre del a\u00f1o pasado, el Ibex-35 cay\u00f3 un 2% frente al cierre del 27 de septiembre. Mientras que el \u00edndice Eurostoxx aument\u00f3 alrededor de un 2%. <strong>Esta brecha se mantuvo durante todo el cuarto trimestre.<\/strong><\/p>\n<p>Asimismo, la evoluci\u00f3n de la prima de riesgo del bono soberano espa\u00f1ol a 10 a\u00f1os tuvo un comportamiento diferencialmente negativo respecto a la portuguesa. Y, durante octubre y noviembre, tambi\u00e9n frente a la italiana. \u00abEn un entorno de estabilidad, se puede pensar que las condiciones de financiaci\u00f3n de la econom\u00eda espa\u00f1ola ser\u00edan hoy m\u00e1s favorables. Y la percepci\u00f3n externa m\u00e1s positiva\u00bb, a\u00f1ade el economista jefe de BBVA Research. <strong>Que estima un coste de entre 0,2 y 0,4 puntos porcentuales del PIB a medio plazo.<\/strong><\/p>\n<h3><\/h3>\n<h3>\u00abNormalizaci\u00f3n\u00bb en gasto<\/h3>\n<p>Sin embargo, matiza que tambi\u00e9n se observa una \u00abnormalizaci\u00f3n\u00bb de los patrones de gasto a partir del mes de noviembre. En l\u00ednea con la mejora en la percepci\u00f3n sobre la incertidumbre. A diferencia del \u00abdecepcionante\u00bb comportamiento de indicadores relacionados con el sector tur\u00edstico.<\/p>\n<p>BBVA Research apunta que, no obstante, es \u00abdif\u00edcil\u00bb separar la parte del deterioro que se debe a factores estructurales relacionados con el agotamiento que presentaban ciertas regiones. De los atentados terroristas del mes de agosto. <strong>O de los eventos observados en Catalu\u00f1a a partir del primero de octubre.<\/strong><\/p>\n<p>En cualquier caso, se\u00f1ala que el impacto sobre la creaci\u00f3n de empleo parece todav\u00eda \u00ablimitado\u00bb. Lo que podr\u00eda ser el resultado de un comportamiento conservador por parte de los empresarios. <strong>Quienes habr\u00edan esperado a observar si la ca\u00edda en la demanda era permanente o temporal.<\/strong><\/p>\n<p>Adem\u00e1s, durante los \u00faltimos meses <strong>se ha registrado una mejora en las expectativas<\/strong> sobre la econom\u00eda europea. Lo que se evidencia en la producci\u00f3n industrial. Que desde agosto y hasta noviembre ha crecido a un ritmo anualizado del 9%. \u00abLa mayor contribuci\u00f3n al crecimiento de las exportaciones de bienes podr\u00eda terminar compensando el efecto negativo de la incertidumbre\u00bb, a\u00f1ade Cardoso.<\/p>\n","protected":false},"excerpt":{"rendered":"<p>El BBVA afirma que Espa\u00f1a podr\u00eda crecer m\u00e1s de un 3% en 2018, sin el impacto que ha tenido la crisis pol\u00edtica en Catalu\u00f1a.<\/p>\n","protected":false},"author":3,"featured_media":26873,"comment_status":"open","ping_status":"closed","sticky":false,"template":"","format":"standard","meta":{"_lmt_disableupdate":"yes","_lmt_disable":"","footnotes":""},"categories":[6],"tags":[355,2567,1020],"class_list":["post-26871","post","type-post","status-publish","format-standard","has-post-thumbnail","hentry","category-hipotecas-finanzas","tag-bbva","tag-cataluna","tag-economia-espanola"],"modified_by":"Albert PC","_links":{"self":[{"href":"https:\/\/www.fotocasa.es\/fotocasa-life\/wp-json\/wp\/v2\/posts\/26871","targetHints":{"allow":["GET"]}}],"collection":[{"href":"https:\/\/www.fotocasa.es\/fotocasa-life\/wp-json\/wp\/v2\/posts"}],"about":[{"href":"https:\/\/www.fotocasa.es\/fotocasa-life\/wp-json\/wp\/v2\/types\/post"}],"author":[{"embeddable":true,"href":"https:\/\/www.fotocasa.es\/fotocasa-life\/wp-json\/wp\/v2\/users\/3"}],"replies":[{"embeddable":true,"href":"https:\/\/www.fotocasa.es\/fotocasa-life\/wp-json\/wp\/v2\/comments?post=26871"}],"version-history":[{"count":0,"href":"https:\/\/www.fotocasa.es\/fotocasa-life\/wp-json\/wp\/v2\/posts\/26871\/revisions"}],"wp:featuredmedia":[{"embeddable":true,"href":"https:\/\/www.fotocasa.es\/fotocasa-life\/wp-json\/wp\/v2\/media\/26873"}],"wp:attachment":[{"href":"https:\/\/www.fotocasa.es\/fotocasa-life\/wp-json\/wp\/v2\/media?parent=26871"}],"wp:term":[{"taxonomy":"category","embeddable":true,"href":"https:\/\/www.fotocasa.es\/fotocasa-life\/wp-json\/wp\/v2\/categories?post=26871"},{"taxonomy":"post_tag","embeddable":true,"href":"https:\/\/www.fotocasa.es\/fotocasa-life\/wp-json\/wp\/v2\/tags?post=26871"}],"curies":[{"name":"wp","href":"https:\/\/api.w.org\/{rel}","templated":true}]}}