{"id":26422,"date":"2018-01-10T22:56:10","date_gmt":"2018-01-10T21:56:10","guid":{"rendered":"https:\/\/www.fotocasa.es\/fotocasa-life\/?p=26422"},"modified":"2021-02-04T10:05:50","modified_gmt":"2021-02-04T09:05:50","slug":"la-economia-espanola-crecera-un-24-este-ano-segun-caixabank","status":"publish","type":"post","link":"https:\/\/www.fotocasa.es\/fotocasa-life\/hipotecas-finanzas\/la-economia-espanola-crecera-un-24-este-ano-segun-caixabank\/","title":{"rendered":"La econom\u00eda espa\u00f1ola crecer\u00e1 un 2,4% este a\u00f1o, seg\u00fan CaixaBank"},"content":{"rendered":"<p><strong>CaixaBank Research prev\u00e9 que el PIB de Espa\u00f1a crecer\u00e1 un 2,4% este a\u00f1o<\/strong>. Lo que supone una moderaci\u00f3n respecto a los incrementos de m\u00e1s del 3% registrados en los \u00faltimos tres a\u00f1os. Aunque ha remarcado que sigue siendo de los crecimientos m\u00e1s elevados de las <a href=\"https:\/\/www.fotocasa.es\/fotocasa-life\/hipotecas-finanzas\/el-ine-revisa-al-alza-una-decima-el-crecimiento-de-la-economia-espanola-en-2016-hasta-el-33\/\">econom\u00edas<\/a> avanzadas.<\/p>\n<p>En el Informe Mensual de enero, el servicio de estudios de CaixaBank indica que <strong>la previsi\u00f3n de crecimiento del 2,4% cuenta con el mantenimiento<\/strong> de un ritmo de avance sostenido de la demanda interna. Pese a que probablemente ser\u00e1 \u00abun poco m\u00e1s contenida\u00bb que el de los \u00faltimos a\u00f1os.<\/p>\n<p>Por otra parte, los avances en competitividad experimentados en los \u00faltimos a\u00f1os, junto con la buena evoluci\u00f3n prevista de la econom\u00eda mundial, apoyar\u00e1n la buena marcha del sector exterior. Que compensar\u00e1, como m\u00ednimo parcialmente, la desaceleraci\u00f3n prevista de la demanda interna.<\/p>\n<p>En referencia al mercado de trabajo, CaixaBank Research estima que, de cara a este a\u00f1o, el menor crecimiento esperado del PIB se traducir\u00e1 en una ligera desaceleraci\u00f3n en la creaci\u00f3n de empleo. Y, en concreto, estima que aumentar\u00e1 en un 2,1%. <strong>Lo que implica unos 350.000 empleados m\u00e1s.<\/strong><\/p>\n<p>La positiva evoluci\u00f3n del empleo <strong>permitir\u00e1 que la tasa de paro se siga reduciendo<\/strong>. Y se sit\u00fae en el 15,4% este a\u00f1o. Una cifra que la entidad ha remarcado que queda lejos del 26% registrado en 2013.<\/p>\n<p>CaixaBank Research ha indicado que este a\u00f1o est\u00e1 previsto que la inflaci\u00f3n se modere hasta el 1,6%. Cuatro d\u00e9cimas por debajo del incremento de 2017. El 2% de media.<\/p>\n<p>Esta ralentizaci\u00f3n, que se observa desde marzo de 2017, est\u00e1 previsto que se prolongue durante el primer trimestre del a\u00f1o. A consecuencia de los efectos de base de la energ\u00eda. Mientras que se prev\u00e9 que la inflaci\u00f3n subyacente (ajena a las fluctuaciones de la energ\u00eda) aumente de manera gradual. A medida que se incremente la utilizaci\u00f3n de los recursos productivos de la econom\u00eda.<\/p>\n<p>&nbsp;<\/p>\n<h3>D\u00e9ficit p\u00fablico<\/h3>\n<p>La buena marcha de la econom\u00eda y el entorno de bajos tipos de inter\u00e9s han impulsado la reducci\u00f3n del d\u00e9ficit p\u00fablico. Y la entidad estima que, muy probablemente, <strong>se cumplir\u00e1 el objetivo de d\u00e9ficit del 3,1%.<\/strong>\u00a0El pactado con la Comisi\u00f3n Europea para 2017.<\/p>\n<p>De cara a 2018, el ciclo econ\u00f3mico favorable y una menor presi\u00f3n de la carga de intereses continuar\u00e1n facilitando la correcci\u00f3n del d\u00e9ficit. De forma que Espa\u00f1a <strong>saldr\u00e1 del protocolo de d\u00e9ficit excesivo<\/strong> este a\u00f1o, con un d\u00e9ficit que se situar\u00e1 previsiblemente en el 2,5% del PIB. Lo que representa una disminuci\u00f3n de seis d\u00e9cimas del PIB en relaci\u00f3n con el cierre del a\u00f1o pasado.<\/p>\n<p><strong>La entidad prev\u00e9 que el sector inmobiliario consolide su fase expansiva este a\u00f1o<\/strong>. Y que la tendencia al alza de los precios de la vivienda se mantenga en los pr\u00f3ximos trimestres. A la vez que tambi\u00e9n cuenta con buenas perspectivas para el cr\u00e9dito bancario gracias a la reducci\u00f3n de la morosidad, la mejora de la actividad econ\u00f3mica y el mercado laboral y de las ventas de carteras de activos dudosos.<\/p>\n","protected":false},"excerpt":{"rendered":"<p>La econom\u00eda espa\u00f1ola crecer\u00e1 un 2,4%, seg\u00fan CaixaBank. Esto supone una moderaci\u00f3n respecto a los incrementos de m\u00e1s del 3% de los \u00faltimos tres a\u00f1os.<\/p>\n","protected":false},"author":3,"featured_media":26453,"comment_status":"open","ping_status":"closed","sticky":false,"template":"","format":"standard","meta":{"_lmt_disableupdate":"yes","_lmt_disable":"","footnotes":""},"categories":[6],"tags":[118,1020,1277,992],"class_list":["post-26422","post","type-post","status-publish","format-standard","has-post-thumbnail","hentry","category-hipotecas-finanzas","tag-economia","tag-economia-espanola","tag-reactivacion-economia","tag-situacion-de-la-economia"],"modified_by":null,"_links":{"self":[{"href":"https:\/\/www.fotocasa.es\/fotocasa-life\/wp-json\/wp\/v2\/posts\/26422","targetHints":{"allow":["GET"]}}],"collection":[{"href":"https:\/\/www.fotocasa.es\/fotocasa-life\/wp-json\/wp\/v2\/posts"}],"about":[{"href":"https:\/\/www.fotocasa.es\/fotocasa-life\/wp-json\/wp\/v2\/types\/post"}],"author":[{"embeddable":true,"href":"https:\/\/www.fotocasa.es\/fotocasa-life\/wp-json\/wp\/v2\/users\/3"}],"replies":[{"embeddable":true,"href":"https:\/\/www.fotocasa.es\/fotocasa-life\/wp-json\/wp\/v2\/comments?post=26422"}],"version-history":[{"count":0,"href":"https:\/\/www.fotocasa.es\/fotocasa-life\/wp-json\/wp\/v2\/posts\/26422\/revisions"}],"wp:featuredmedia":[{"embeddable":true,"href":"https:\/\/www.fotocasa.es\/fotocasa-life\/wp-json\/wp\/v2\/media\/26453"}],"wp:attachment":[{"href":"https:\/\/www.fotocasa.es\/fotocasa-life\/wp-json\/wp\/v2\/media?parent=26422"}],"wp:term":[{"taxonomy":"category","embeddable":true,"href":"https:\/\/www.fotocasa.es\/fotocasa-life\/wp-json\/wp\/v2\/categories?post=26422"},{"taxonomy":"post_tag","embeddable":true,"href":"https:\/\/www.fotocasa.es\/fotocasa-life\/wp-json\/wp\/v2\/tags?post=26422"}],"curies":[{"name":"wp","href":"https:\/\/api.w.org\/{rel}","templated":true}]}}