{"id":26359,"date":"2018-01-09T12:17:38","date_gmt":"2018-01-09T11:17:38","guid":{"rendered":"https:\/\/www.fotocasa.es\/fotocasa-life\/?p=26359"},"modified":"2020-11-27T13:31:51","modified_gmt":"2020-11-27T12:31:51","slug":"el-pp-dice-que-espana-crecio-un-31-en-2017","status":"publish","type":"post","link":"https:\/\/www.fotocasa.es\/fotocasa-life\/hipotecas-finanzas\/el-pp-dice-que-espana-crecio-un-31-en-2017\/","title":{"rendered":"El Gobierno dice que Espa\u00f1a creci\u00f3 un 3,1% en 2017"},"content":{"rendered":"<p>El presidente del Gobierno, <a href=\"https:\/\/www.fotocasa.es\/fotocasa-life\/hipotecas-finanzas\/rajoy-revisara-al-alza-la-prevision-de-pib-hasta-el-28-o-3-si-vuelve-la-normalidad-a-cataluna\/\">Mariano Rajoy<\/a>, ha afirmado este martes que<strong> la etapa expansiva actual de la econom\u00eda espa\u00f1ola<\/strong> \u00abpuede ser la m\u00e1s larga de nuestra historia\u00bb. Ya que la econom\u00eda crece de forma \u00abfuerte, equilibrada, sostenible y con fundamentos s\u00f3lidos\u00bb. Tambi\u00e9n ha se\u00f1alado que la econom\u00eda espa\u00f1ola creci\u00f3 un 3,1% durante el a\u00f1o pasado.<\/p>\n<p>As\u00ed lo ha afirmado Rajoy durante su intervenci\u00f3n en la inauguraci\u00f3n de la VIII edici\u00f3n del foro &#8216;Spain Investors Day&#8217;, que re\u00fane este martes y mi\u00e9rcoles a unos 170 inversores internacionales. Y a 39 empresas cotizadas. Ha destacado que <strong>Espa\u00f1a cre\u00f3 611.000 puestos de trabajo.<\/strong>\u00a0Y registr\u00f3 un crecimiento estimado del 3,1%.<\/p>\n<p>El presidente del Gobierno ha se\u00f1alado que las perspectivas son \u00abmuy prometedoras\u00bb. Por lo que si se conforma un Gobierno catal\u00e1n que acate \u00abel orden constitucional y de derecho\u00bb, el crecimiento podr\u00eda ser \u00abmuy superior\u00bb al de los \u00faltimos a\u00f1os.<\/p>\n<p>Rajoy ha repasado los principales indicadores econ\u00f3micos. Y ha subrayado que la econom\u00eda espa\u00f1ola es hoy \u00abmucho m\u00e1s competitiva\u00bb que antes de la crisis. Lo que contribuye a una recuperaci\u00f3n \u00abconsolidada\u00bb. Y ofrece unas <strong>perspectivas de crecimiento que \u00abson buenas en el medio plazo\u00bb.<\/strong><\/p>\n<p>&nbsp;<\/p>\n<h3>Rajoy considera que Espa\u00f1a seguir\u00e1 creciendo por encima de la zona euro<\/h3>\n<p>En concreto, ha asegurado que Espa\u00f1a est\u00e1 en condiciones de seguir creciendo por encima de la zona euro y pa\u00edses como Estados Unidos, Canad\u00e1 o Jap\u00f3n, con un crecimiento medio del 2,5% hasta 2020. Cuando la tasa de paro se reducir\u00e1 al 11%. Y se situar\u00e1 \u00abcerca\u00bb del equilibrio presupuestario.<\/p>\n<p>La deuda p\u00fablica bajar\u00e1 entonces al 91%. Y seguir\u00e1 presentado un super\u00e1vit de cuenta corriente del 2%, ha apuntado Rajoy. Tambi\u00e9n ha insistido en que ello requerir\u00e1 seguir aplicando la \u00abf\u00f3rmula\u00bb de los \u00faltimos a\u00f1os. <strong>Basada en la estabilidad presupuestaria y las reformas, pese al dif\u00edcil entorno pol\u00edtico.<\/strong><\/p>\n<p>No obstante, Rajoy ha advertido de que la inestabilidad pol\u00edtica en Catalu\u00f1a constituye la \u00ab\u00fanica sombra\u00bb que se cierne sobre la econom\u00eda. Lo que llev\u00f3 al Gobierno a rebajar su previsi\u00f3n de crecimiento para 2018 del 2,6% al 2,3%. Ahora conf\u00eda en que \u00abpronto\u00bb se conforme un Ejecutivo catal\u00e1n que \u00abacate el orden constitucional y de derecho. <strong>Y la situaci\u00f3n pol\u00edtica se normalice\u00bb.<\/strong><\/p>\n<p>En ese contexto que espera que suceda, ha asegurado, el crecimiento \u00abprobablemente\u00bb podr\u00eda ser \u00abmuy superior\u00bb a las cifras de los \u00faltimos a\u00f1os. Y los catalanes ser\u00e1n \u00ablos m\u00e1s beneficiados\u00bb. <strong>\u00abSin seguridad jur\u00eddica no cabe prosperidad econ\u00f3mica\u00bb<\/strong>, ha enfatizado.<\/p>\n","protected":false},"excerpt":{"rendered":"<p>Seg\u00fan el gobierno de Mariano Rajoy, Espa\u00f1a creci\u00f3 hasta un 3,1% en 2017. El gobierno indica que la econom\u00eda crece de manera fuerte y equilibrada.<\/p>\n","protected":false},"author":3,"featured_media":23727,"comment_status":"open","ping_status":"closed","sticky":false,"template":"","format":"standard","meta":{"_lmt_disableupdate":"yes","_lmt_disable":"","footnotes":""},"categories":[6],"tags":[118,1137,449],"class_list":["post-26359","post","type-post","status-publish","format-standard","has-post-thumbnail","hentry","category-hipotecas-finanzas","tag-economia","tag-espana","tag-gobierno-de-espana"],"modified_by":"Albert PC","_links":{"self":[{"href":"https:\/\/www.fotocasa.es\/fotocasa-life\/wp-json\/wp\/v2\/posts\/26359","targetHints":{"allow":["GET"]}}],"collection":[{"href":"https:\/\/www.fotocasa.es\/fotocasa-life\/wp-json\/wp\/v2\/posts"}],"about":[{"href":"https:\/\/www.fotocasa.es\/fotocasa-life\/wp-json\/wp\/v2\/types\/post"}],"author":[{"embeddable":true,"href":"https:\/\/www.fotocasa.es\/fotocasa-life\/wp-json\/wp\/v2\/users\/3"}],"replies":[{"embeddable":true,"href":"https:\/\/www.fotocasa.es\/fotocasa-life\/wp-json\/wp\/v2\/comments?post=26359"}],"version-history":[{"count":0,"href":"https:\/\/www.fotocasa.es\/fotocasa-life\/wp-json\/wp\/v2\/posts\/26359\/revisions"}],"wp:featuredmedia":[{"embeddable":true,"href":"https:\/\/www.fotocasa.es\/fotocasa-life\/wp-json\/wp\/v2\/media\/23727"}],"wp:attachment":[{"href":"https:\/\/www.fotocasa.es\/fotocasa-life\/wp-json\/wp\/v2\/media?parent=26359"}],"wp:term":[{"taxonomy":"category","embeddable":true,"href":"https:\/\/www.fotocasa.es\/fotocasa-life\/wp-json\/wp\/v2\/categories?post=26359"},{"taxonomy":"post_tag","embeddable":true,"href":"https:\/\/www.fotocasa.es\/fotocasa-life\/wp-json\/wp\/v2\/tags?post=26359"}],"curies":[{"name":"wp","href":"https:\/\/api.w.org\/{rel}","templated":true}]}}