{"id":26167,"date":"2017-12-29T23:56:32","date_gmt":"2017-12-29T22:56:32","guid":{"rendered":"https:\/\/www.fotocasa.es\/fotocasa-life\/?p=26167"},"modified":"2020-11-27T13:32:00","modified_gmt":"2020-11-27T12:32:00","slug":"el-ipc-reduce-su-tasa-interanual-cinco-decimas-en-diciembre-hasta-el-12","status":"publish","type":"post","link":"https:\/\/www.fotocasa.es\/fotocasa-life\/hipotecas-finanzas\/el-ipc-reduce-su-tasa-interanual-cinco-decimas-en-diciembre-hasta-el-12\/","title":{"rendered":"El IPC reduce su tasa interanual cinco d\u00e9cimas en diciembre hasta el 1,2%"},"content":{"rendered":"<p>El <strong>\u00cdndice de Precios de Consumo (IPC) subi\u00f3 un 0,1% en diciembre<\/strong> <a href=\"https:\/\/www.fotocasa.es\/fotocasa-life\/hipotecas-finanzas\/el-ipc-eleva-su-tasa-interanual-al-17-en-noviembre-una-decima-mas-de-lo-esperado\/\">en relaci\u00f3n al mes anterior<\/a>. Pero redujo su tasa interanual cinco d\u00e9cimas, hasta el 1,2%. Es su nivel m\u00e1s bajo del a\u00f1o, seg\u00fan el indicador adelantado publicado este viernes por el Instituto Nacional de Estad\u00edstica (INE).<\/p>\n<p>De este modo, de confirmarse este dato, los precios terminan 2017 por debajo del incremento salarial pactado en convenio (1,43% hasta noviembre). Aunque por encima de lo que subieron los sueldos de los empleados p\u00fablicos este a\u00f1o (1%). <strong>Y del aumento que experimentaron las pensiones (0,25%)<\/strong>, con las consiguientes p\u00e9rdidas de poder adquisitivo.<\/p>\n<p>Estad\u00edstica se\u00f1ala que en la <strong>evoluci\u00f3n interanual del IPC de diciembre<\/strong> influy\u00f3 la subida de los precios de los carburantes (gasoil y gasolina). Que es inferior a la registrada en 2016.<\/p>\n<p>La tasa interanual de diciembre es la decimosexta tasa positiva que encadena el IPC interanual. E implica que los precios <strong>son hoy un 1,2% superiores a los de hace un a\u00f1o<\/strong>.<\/p>\n<p><strong>El IPC interanual arranc\u00f3 2017 en el 3%<\/strong>, su tasa m\u00e1s alta desde octubre de 2012. En febrero se repiti\u00f3 el mismo porcentaje, pero en marzo, por primera vez en siete meses, la inflaci\u00f3n recort\u00f3 su tasa interanual hasta el 2,3%.<\/p>\n<p>&nbsp;<\/p>\n<h3><strong>La tasa anual del IPCA disminuir\u00eda cinco d\u00e9cimas respecto al mes anterior<\/strong><\/h3>\n<p>Tras varias subidas y bajadas posteriores,<strong> el IPC interanual se situ\u00f3 en agosto en el 1,6%<\/strong>. Una d\u00e9cima m\u00e1s que en julio. Luego escal\u00f3 hasta el 1,8% en septiembre, para posteriormente bajar al 1,6% en octubre. Y subir al 1,7% en noviembre.<\/p>\n<p>En el \u00faltimo mes del a\u00f1o, el \u00cdndice de Precios de Consumo Armonizado (IPCA) situ\u00f3 su tasa interanual en el 1,3%. Si este dato se confirma,<strong> la tasa anual del IPCA disminuir\u00eda cinco d\u00e9cimas<\/strong> respecto al mes anterior.<\/p>\n<p>En t\u00e9rminos mensuales, <strong>el IPC subi\u00f3 un 0,1% en diciembre<\/strong>. El mismo incremento que se registr\u00f3 en el mes de diciembre de 0,1%. Y por debajo del 0,6% registrado en diciembre de 2016. El INE publicar\u00e1 los datos definitivos del IPC de diciembre el pr\u00f3ximo 12 de enero.<\/p>\n","protected":false},"excerpt":{"rendered":"<p>Se reduce en diciembre la tasa interanual del IPC hasta cinco d\u00e9cimas, hasta el 1,2%. Se trata del nivel m\u00e1s bajo del a\u00f1o.<\/p>\n","protected":false},"author":3,"featured_media":26190,"comment_status":"open","ping_status":"closed","sticky":false,"template":"","format":"standard","meta":{"_lmt_disableupdate":"yes","_lmt_disable":"","footnotes":""},"categories":[6],"tags":[1373,538],"class_list":["post-26167","post","type-post","status-publish","format-standard","has-post-thumbnail","hentry","category-hipotecas-finanzas","tag-indice-de-precios-de-consumo","tag-ipc"],"modified_by":"Albert PC","_links":{"self":[{"href":"https:\/\/www.fotocasa.es\/fotocasa-life\/wp-json\/wp\/v2\/posts\/26167","targetHints":{"allow":["GET"]}}],"collection":[{"href":"https:\/\/www.fotocasa.es\/fotocasa-life\/wp-json\/wp\/v2\/posts"}],"about":[{"href":"https:\/\/www.fotocasa.es\/fotocasa-life\/wp-json\/wp\/v2\/types\/post"}],"author":[{"embeddable":true,"href":"https:\/\/www.fotocasa.es\/fotocasa-life\/wp-json\/wp\/v2\/users\/3"}],"replies":[{"embeddable":true,"href":"https:\/\/www.fotocasa.es\/fotocasa-life\/wp-json\/wp\/v2\/comments?post=26167"}],"version-history":[{"count":0,"href":"https:\/\/www.fotocasa.es\/fotocasa-life\/wp-json\/wp\/v2\/posts\/26167\/revisions"}],"wp:featuredmedia":[{"embeddable":true,"href":"https:\/\/www.fotocasa.es\/fotocasa-life\/wp-json\/wp\/v2\/media\/26190"}],"wp:attachment":[{"href":"https:\/\/www.fotocasa.es\/fotocasa-life\/wp-json\/wp\/v2\/media?parent=26167"}],"wp:term":[{"taxonomy":"category","embeddable":true,"href":"https:\/\/www.fotocasa.es\/fotocasa-life\/wp-json\/wp\/v2\/categories?post=26167"},{"taxonomy":"post_tag","embeddable":true,"href":"https:\/\/www.fotocasa.es\/fotocasa-life\/wp-json\/wp\/v2\/tags?post=26167"}],"curies":[{"name":"wp","href":"https:\/\/api.w.org\/{rel}","templated":true}]}}