{"id":26119,"date":"2017-12-27T22:47:34","date_gmt":"2017-12-27T21:47:34","guid":{"rendered":"https:\/\/www.fotocasa.es\/fotocasa-life\/?p=26119"},"modified":"2020-11-27T13:32:03","modified_gmt":"2020-11-27T12:32:03","slug":"el-pib-crecio-un-31-en-2017-segun-el-banco-de-espana","status":"publish","type":"post","link":"https:\/\/www.fotocasa.es\/fotocasa-life\/hipotecas-finanzas\/el-pib-crecio-un-31-en-2017-segun-el-banco-de-espana\/","title":{"rendered":"El PIB creci\u00f3 un 3,1% en 2017, seg\u00fan el Banco de Espa\u00f1a"},"content":{"rendered":"<p>El Banco de Espa\u00f1a estima que la econom\u00eda espa\u00f1ola <strong>va a finalizar el ejercicio 2017 con un crecimiento del 3,1%<\/strong>. Son dos d\u00e9cimas menos que el a\u00f1o anterior, tras avanzar otro 0,8% en el cuarto trimestre. Lo mismo que en el trimestre anterior, gracias al fortalecimiento de los mercados de exportaci\u00f3n. Esto habr\u00eda contrarrestado los efectos adversos derivados del aumento de la <a href=\"https:\/\/www.fotocasa.es\/fotocasa-life\/compraventa\/el-precio-de-la-vivienda-subio-un-4-interanual-en-noviembre-y-cataluna-echa-el-freno\/\">incertidumbre por la situaci\u00f3n pol\u00edtica en Catalu\u00f1a<\/a>.<\/p>\n<p>Seg\u00fan el informe trimestral de la econom\u00eda espa\u00f1ola del organismo supervisor, estos efectos adversos se habr\u00edan concentrado especialmente en esta comunidad aut\u00f3noma. Desde el punto de vista de los componentes de demanda, el impacto negativo de la incertidumbre <strong>se habr\u00eda manifestado sobre todo en el gasto privado interno y en las exportaciones tur\u00edsticas<\/strong>.<\/p>\n<p>Por el lado de la oferta, los indicadores, tanto cualitativos como cuantitativos, referidos a la industria manufacturera han mostrado una trayectoria m\u00e1s favorable que los relativos a los servicios. Lo que resulta coherente con un mejor comportamiento del componente externo de la demanda frente al interno.<\/p>\n<p>En concreto, tanto el consumo privado como la inversi\u00f3n en bienes de equipo habr\u00edan reducido sus ritmos de avance en los \u00faltimos meses del a\u00f1o. Mientras que, por el contrario, la informaci\u00f3n disponible apunta a <strong>un posible fortalecimiento de la inversi\u00f3n en construcci\u00f3n<\/strong>.<\/p>\n<p>\u00abLos datos referidos al comercio de bienes apuntan a que la contribuci\u00f3n de la demanda exterior neta al crecimiento del PIB habr\u00eda sido positiva\u00bb, destaca el Banco de Espa\u00f1a. Se calcula que la contribuci\u00f3n de la demanda nacional habr\u00eda sido del 0,6% en el cuarto trimestre, dos d\u00e9cimas menos. <strong>Mientras que la de la demanda exterior habr\u00eda sido del 0,1%<\/strong>.<\/p>\n<p>Con estos datos del cuarto trimestre, el Banco de Espa\u00f1a calcula que la econom\u00eda espa\u00f1ola registrar\u00e1 un crecimiento del 3,1% este a\u00f1o. En l\u00ednea con la previsi\u00f3n oficial del Gobierno, lo que supone dos d\u00e9cimas menos que el a\u00f1o pasado.<\/p>\n<p>La demanda nacional aportar\u00e1 un 2,6% al PIB. Mientras que la demanda exterior el 0,5% restante, en tanto que el empleo registrar\u00e1 un alza del 2,9% en el conjunto del ejercicio, una d\u00e9cima menos que en 2016, <strong>en tanto que el IPC presentar\u00e1 una media del 2%<\/strong>, frente al -0,2% del a\u00f1o pasado.<\/p>\n<h3><\/h3>\n<h3>El empleo se acelera y suben los salarios<\/h3>\n<p>En t\u00e9rminos de empleo, esta variable habr\u00eda crecido un 3,2% entre octubre y diciembre. Lo que supone tres d\u00e9cimas m\u00e1s que el avance del 2,9% registrado tanto en el segundo como en el tercer trimestre. Y su mayor nivel desde el primer trimestre de 2016. <strong>Mientras, el IPC habr\u00eda bajado una d\u00e9cima, hasta el 1,7%, en el \u00faltimo trimestre del a\u00f1o<\/strong>.<\/p>\n<p>La informaci\u00f3n disponible revela que el empleo, en t\u00e9rminos de puestos de trabajo equivalentes a tiempo completo, mantendr\u00eda su tasa de crecimiento intertrimestral en el 0,8% en el cuarto trimestre. Cerrando as\u00ed la brecha que durante los \u00faltimos trimestres hab\u00eda mantenido con respecto al crecimiento de los afiliados. En el caso de la econom\u00eda de mercado, <strong>el ritmo de expansi\u00f3n del empleo se moderar\u00eda una d\u00e9cima, hasta el 0,8%<\/strong>.<\/p>\n<p>Por lo que respecta a los salarios, el organismo se\u00f1ala que la informaci\u00f3n concerniente a los convenios colectivos registrados entre enero y noviembre, que abarca a 6,9 millones de trabajadores, <strong>apunta a un aumento de las tarifas salariales en 2017 del 1,4%<\/strong>. M\u00e1s de cuatro d\u00e9cimas superior a la subida pactada para 2016.<\/p>\n<p>La mayor\u00eda de los asalariados con convenio cerrado para 2017 tiene un convenio plurianual firmado en a\u00f1os anteriores, con un incremento de las tarifas salariales del 1,3%. Por su parte, los convenios firmados en el presente a\u00f1o experimentaron<strong> un \u00abgran avance\u00bb a lo largo del segundo semestre<\/strong>. Superando los 2,3 millones de asalariados en noviembre. En estos convenios, la subida salarial pactada es algo mayor, del 1,8%.<\/p>\n<p>&nbsp;<\/p>\n<h3><strong>La econom\u00eda crecer\u00e1 un 2,4% en 2018<\/strong><\/h3>\n<p>A medio plazo, el Banco de Espa\u00f1a espera una continuaci\u00f3n de la fase expansiva. Favorecida por los avances observados en el proceso de reconducci\u00f3n de los desequilibrios de la econom\u00eda, si bien se prev\u00e9 que <strong>el crecimiento del PIB pierda cierta intensidad en los pr\u00f3ximos a\u00f1os<\/strong>.<\/p>\n<p>Esta desaceleraci\u00f3n vendr\u00eda motivada por la orientaci\u00f3n neutral de la pol\u00edtica fiscal frente al tono expansivo mostrado en los \u00faltimos a\u00f1os. Y por el moderado impacto adicional de la relajaci\u00f3n de la pol\u00edtica monetaria sobre las condiciones de financiaci\u00f3n de los agentes.<\/p>\n<p>En concreto, de acuerdo con las proyecciones m\u00e1s recientes, que se corresponden con la contribuci\u00f3n del Banco de Espa\u00f1a al ejercicio de proyecciones del Eurosistema antes mencionado, el PIB crecer\u00eda un 2,4% en 2018 y un 2,1% tanto en 2019 como en 2020. Mientras que <strong>el componente subyacente de la inflaci\u00f3n tender\u00eda a repuntar gradualmente hasta el 1,8% en 2020<\/strong>.<\/p>\n<p>El alza del 2,4% del PIB previsto para el pr\u00f3ximo a\u00f1o se sit\u00faa una d\u00e9cima por encima de la estimaci\u00f3n realizada por el Gobierno, que rebaj\u00f3 del 2,6% al 2,3% su previsi\u00f3n para 2018 al calcular un impacto de 5.000 millones por la incertidumbre derivada de la crisis pol\u00edtica en Catalu\u00f1a. Si bien ya ha anunciado que es posible que <strong>eleve esta previsi\u00f3n al 2,8% o el 3% si se calma la tensi\u00f3n pol\u00edtica en la regi\u00f3n<\/strong>.<\/p>\n","protected":false},"excerpt":{"rendered":"<p>El Banco de Espa\u00f1a ha confirmado que el PIB creci\u00f3 un 3,1% este 2017.Dos d\u00e9cimas menos que el a\u00f1o anterior, tras avanzar otro 0,8% en el cuarto trimestre<\/p>\n","protected":false},"author":3,"featured_media":26122,"comment_status":"open","ping_status":"closed","sticky":false,"template":"","format":"standard","meta":{"_lmt_disableupdate":"yes","_lmt_disable":"","footnotes":""},"categories":[6],"tags":[29,2567,333,195],"class_list":["post-26119","post","type-post","status-publish","format-standard","has-post-thumbnail","hentry","category-hipotecas-finanzas","tag-banco-de-espana","tag-cataluna","tag-empleo","tag-pib"],"modified_by":"Albert PC","_links":{"self":[{"href":"https:\/\/www.fotocasa.es\/fotocasa-life\/wp-json\/wp\/v2\/posts\/26119","targetHints":{"allow":["GET"]}}],"collection":[{"href":"https:\/\/www.fotocasa.es\/fotocasa-life\/wp-json\/wp\/v2\/posts"}],"about":[{"href":"https:\/\/www.fotocasa.es\/fotocasa-life\/wp-json\/wp\/v2\/types\/post"}],"author":[{"embeddable":true,"href":"https:\/\/www.fotocasa.es\/fotocasa-life\/wp-json\/wp\/v2\/users\/3"}],"replies":[{"embeddable":true,"href":"https:\/\/www.fotocasa.es\/fotocasa-life\/wp-json\/wp\/v2\/comments?post=26119"}],"version-history":[{"count":0,"href":"https:\/\/www.fotocasa.es\/fotocasa-life\/wp-json\/wp\/v2\/posts\/26119\/revisions"}],"wp:featuredmedia":[{"embeddable":true,"href":"https:\/\/www.fotocasa.es\/fotocasa-life\/wp-json\/wp\/v2\/media\/26122"}],"wp:attachment":[{"href":"https:\/\/www.fotocasa.es\/fotocasa-life\/wp-json\/wp\/v2\/media?parent=26119"}],"wp:term":[{"taxonomy":"category","embeddable":true,"href":"https:\/\/www.fotocasa.es\/fotocasa-life\/wp-json\/wp\/v2\/categories?post=26119"},{"taxonomy":"post_tag","embeddable":true,"href":"https:\/\/www.fotocasa.es\/fotocasa-life\/wp-json\/wp\/v2\/tags?post=26119"}],"curies":[{"name":"wp","href":"https:\/\/api.w.org\/{rel}","templated":true}]}}