{"id":25976,"date":"2017-12-19T09:07:31","date_gmt":"2017-12-19T08:07:31","guid":{"rendered":"https:\/\/www.fotocasa.es\/fotocasa-life\/?p=25976"},"modified":"2020-11-27T13:32:12","modified_gmt":"2020-11-27T12:32:12","slug":"los-espanoles-gastaran-450-euros-en-2017-un-15-mas-que-en-2014-y-la-misma-cifra-que-en-2016","status":"publish","type":"post","link":"https:\/\/www.fotocasa.es\/fotocasa-life\/hipotecas-finanzas\/los-espanoles-gastaran-450-euros-en-2017-un-15-mas-que-en-2014-y-la-misma-cifra-que-en-2016\/","title":{"rendered":"Los espa\u00f1oles gastar\u00e1n una media de 450 euros en Navidad"},"content":{"rendered":"<p>Los espa\u00f1oles gastar\u00e1n<strong>\u00a0450 euros de media estas Navidades<\/strong>. Lo que supone un incremento del 15% desde 2014. Y el mismo importe que en 2016, seg\u00fan el bar\u00f3metro de consumo del Observatorio Cetelem.<\/p>\n<p>Del estudio tambi\u00e9n se desprende que <strong>dos de cada diez consumidores (20%) tiene un presupuesto m\u00e1s elevado<\/strong> para las compras de <a href=\"https:\/\/www.fotocasa.es\/fotocasa-life\/hogar\/decoracion\/ideas-para-decorar-la-mesa-en-navidad\/\">Navidad<\/a>. Lo que representa dos puntos m\u00e1s que el a\u00f1o anterior. Y diez m\u00e1s que en 2014.<\/p>\n<p>Por otro lado, el 57,4% de los espa\u00f1oles encuestados se\u00f1ala que <strong>contar\u00e1n con el mismo disponible que en 2016<\/strong>, mientras que el porcentaje de aquellos que manifiestan contar con menos presupuesto que a\u00f1os anteriores sigue una tendencia a la baja desde 2014. Pasando del 37,2% al 22,5% en 2017.<\/p>\n<p>Segmentando por tramos de importe, el Observatorio destaca que el <strong>19% de espa\u00f1oles tiene pensado destinar unos 1.430 euros<\/strong> a comprar en estas fechas.<\/p>\n<p>Por productos, la intenci\u00f3n de compra de art\u00edculos de ropa (64,6%) destaca entre el resto de opciones, seguido de perfumes (40,1%), calzado y complementos (39,7%), juguetes (39,7%), y libros (32,3%).<\/p>\n<p>Los responsables del estudio se\u00f1alan que el ranking de productos es el mismo que en 2016. <strong>Con intenciones de compras \u00abligeramente inferiores\u00bb.<\/strong><\/p>\n<p>Tambi\u00e9n aportan que la intenci\u00f3n de compra de productos o servicios &#8216;no t\u00edpicamente navide\u00f1os&#8217;, como los <strong>complementos y decoraci\u00f3n<\/strong> (11,7%) y tratamientos de salud y belleza (12,3%), aumentan con respecto al a\u00f1o anterior.<\/p>\n","protected":false},"excerpt":{"rendered":"<p>En Navidad, los espa\u00f1oles gastar\u00e1n una media de 450 euros, lo que supone un incremento del 15% en el presupuesto desde 2014.<\/p>\n","protected":false},"author":3,"featured_media":25984,"comment_status":"open","ping_status":"closed","sticky":false,"template":"","format":"standard","meta":{"_lmt_disableupdate":"yes","_lmt_disable":"","footnotes":""},"categories":[6],"tags":[78,1415,1141],"class_list":["post-25976","post","type-post","status-publish","format-standard","has-post-thumbnail","hentry","category-hipotecas-finanzas","tag-consumo","tag-consumo-de-los-hogares","tag-navidad"],"modified_by":"Albert PC","_links":{"self":[{"href":"https:\/\/www.fotocasa.es\/fotocasa-life\/wp-json\/wp\/v2\/posts\/25976","targetHints":{"allow":["GET"]}}],"collection":[{"href":"https:\/\/www.fotocasa.es\/fotocasa-life\/wp-json\/wp\/v2\/posts"}],"about":[{"href":"https:\/\/www.fotocasa.es\/fotocasa-life\/wp-json\/wp\/v2\/types\/post"}],"author":[{"embeddable":true,"href":"https:\/\/www.fotocasa.es\/fotocasa-life\/wp-json\/wp\/v2\/users\/3"}],"replies":[{"embeddable":true,"href":"https:\/\/www.fotocasa.es\/fotocasa-life\/wp-json\/wp\/v2\/comments?post=25976"}],"version-history":[{"count":0,"href":"https:\/\/www.fotocasa.es\/fotocasa-life\/wp-json\/wp\/v2\/posts\/25976\/revisions"}],"wp:featuredmedia":[{"embeddable":true,"href":"https:\/\/www.fotocasa.es\/fotocasa-life\/wp-json\/wp\/v2\/media\/25984"}],"wp:attachment":[{"href":"https:\/\/www.fotocasa.es\/fotocasa-life\/wp-json\/wp\/v2\/media?parent=25976"}],"wp:term":[{"taxonomy":"category","embeddable":true,"href":"https:\/\/www.fotocasa.es\/fotocasa-life\/wp-json\/wp\/v2\/categories?post=25976"},{"taxonomy":"post_tag","embeddable":true,"href":"https:\/\/www.fotocasa.es\/fotocasa-life\/wp-json\/wp\/v2\/tags?post=25976"}],"curies":[{"name":"wp","href":"https:\/\/api.w.org\/{rel}","templated":true}]}}