{"id":2597,"date":"2014-07-23T13:45:07","date_gmt":"2014-07-23T11:45:07","guid":{"rendered":"https:\/\/www.fotocasa.es\/fotocasa-life\/?p=2597"},"modified":"2020-11-27T11:33:49","modified_gmt":"2020-11-27T10:33:49","slug":"una-casa-de-lujo-en-una-urbanizacion-exclusiva","status":"publish","type":"post","link":"https:\/\/www.fotocasa.es\/fotocasa-life\/hogar\/decoracion\/una-casa-de-lujo-en-una-urbanizacion-exclusiva\/","title":{"rendered":"Una casa de lujo en una urbanizaci\u00f3n exclusiva"},"content":{"rendered":"<p>PUBLIRREPORTAJE<\/p>\n<p>\u00bfQui\u00e9n no ha so\u00f1ado con disfrutar de una vivienda de lujo? Como <a title=\"fotocasa\" href=\"http:\/\/www.fotocasa.es\/vivienda\/pozuelo-de-alarcon\/aire-acondicionado-calefaccion-parking-jardin-terraza-trastero-zona-comunitaria-ascensor-patio-piscina-parking-television-internet-de-los-lagos-2-131360198?opi=3&amp;tti=1&amp;pagination=1&amp;RowGrid=1&amp;dpi=3\"><strong>este chalet adosado<\/strong><\/a>, ubicado en La Finca, la urbanizaci\u00f3n m\u00e1s exclusiva y segura de Europa, situada en Pozuelo de Alarc\u00f3n. Con seguridad 24h, se trata de una urbanizaci\u00f3n cerrada, que dispone de colegios y servicios cercanos. Un sue\u00f1o hecho realidad, a la venta por <strong>1.500.000\u20ac<\/strong>.<\/p>\n<p>&nbsp;<\/p>\n<p><div id=\"attachment_2601\" style=\"width: 686px\" class=\"wp-caption aligncenter\"><a href=\"http:\/\/www.fotocasa.es\/vivienda\/pozuelo-de-alarcon\/aire-acondicionado-calefaccion-parking-jardin-terraza-trastero-zona-comunitaria-ascensor-patio-piscina-parking-television-internet-de-los-lagos-2-131360198\"><img loading=\"lazy\" decoding=\"async\" aria-describedby=\"caption-attachment-2601\" class=\"wp-image-2601 size-full\" src=\"https:\/\/www.fotocasa.es\/fotocasa-life\/wp-content\/uploads\/2014\/07\/lafinca_1.jpg\" alt=\"la finca\" width=\"676\" height=\"376\" title=\"-\" srcset=\"https:\/\/www.fotocasa.es\/fotocasa-life\/wp-content\/uploads\/2014\/07\/lafinca_1.jpg 676w, https:\/\/www.fotocasa.es\/fotocasa-life\/wp-content\/uploads\/2014\/07\/lafinca_1-300x167.jpg 300w, https:\/\/www.fotocasa.es\/fotocasa-life\/wp-content\/uploads\/2014\/07\/lafinca_1-150x83.jpg 150w\" sizes=\"auto, (max-width: 676px) 100vw, 676px\" \/><\/a><p id=\"caption-attachment-2601\" class=\"wp-caption-text\">Foto: Jaime Valcarce Consulting Inmobiliario<\/p><\/div><\/p>\n<p>La vivienda, de 610\u00a0m2 y 120 m2 de jard\u00edn, se compone de 3 pisos. En la planta baja se encuentra el hall, un dormitorio de invitados con ba\u00f1o completo, la cocina totalmente equipada, comedor y sal\u00f3n de acceso directo al jard\u00edn y piscina privada.<\/p>\n<p>&nbsp;<\/p>\n<p><div id=\"attachment_2607\" style=\"width: 686px\" class=\"wp-caption aligncenter\"><a href=\"http:\/\/www.fotocasa.es\/vivienda\/pozuelo-de-alarcon\/aire-acondicionado-calefaccion-parking-jardin-terraza-trastero-zona-comunitaria-ascensor-patio-piscina-parking-television-internet-de-los-lagos-2-131360198\"><img loading=\"lazy\" decoding=\"async\" aria-describedby=\"caption-attachment-2607\" class=\"wp-image-2607 size-full\" src=\"https:\/\/www.fotocasa.es\/fotocasa-life\/wp-content\/uploads\/2014\/07\/lafinca_7.jpg\" alt=\"la finca\" width=\"676\" height=\"376\" title=\"-\" srcset=\"https:\/\/www.fotocasa.es\/fotocasa-life\/wp-content\/uploads\/2014\/07\/lafinca_7.jpg 676w, https:\/\/www.fotocasa.es\/fotocasa-life\/wp-content\/uploads\/2014\/07\/lafinca_7-300x167.jpg 300w, https:\/\/www.fotocasa.es\/fotocasa-life\/wp-content\/uploads\/2014\/07\/lafinca_7-150x83.jpg 150w\" sizes=\"auto, (max-width: 676px) 100vw, 676px\" \/><\/a><p id=\"caption-attachment-2607\" class=\"wp-caption-text\">Foto: Jaime Valcarce Consulting Inmobiliario<\/p><\/div><\/p>\n<p>En la primera planta se hallan 3 dormitorios y dos ba\u00f1os, mientras que en la segunda est\u00e1 el dormitorio principal, que incluye un gran vestidor y un ba\u00f1o.<\/p>\n<p>&nbsp;<\/p>\n<p><div id=\"attachment_2605\" style=\"width: 686px\" class=\"wp-caption aligncenter\"><a href=\"http:\/\/www.fotocasa.es\/vivienda\/pozuelo-de-alarcon\/aire-acondicionado-calefaccion-parking-jardin-terraza-trastero-zona-comunitaria-ascensor-patio-piscina-parking-television-internet-de-los-lagos-2-131360198\"><img loading=\"lazy\" decoding=\"async\" aria-describedby=\"caption-attachment-2605\" class=\"wp-image-2605 size-full\" src=\"https:\/\/www.fotocasa.es\/fotocasa-life\/wp-content\/uploads\/2014\/07\/lafinca_5.jpg\" alt=\"la finca\" width=\"676\" height=\"376\" title=\"-\" srcset=\"https:\/\/www.fotocasa.es\/fotocasa-life\/wp-content\/uploads\/2014\/07\/lafinca_5.jpg 676w, https:\/\/www.fotocasa.es\/fotocasa-life\/wp-content\/uploads\/2014\/07\/lafinca_5-300x167.jpg 300w, https:\/\/www.fotocasa.es\/fotocasa-life\/wp-content\/uploads\/2014\/07\/lafinca_5-150x83.jpg 150w\" sizes=\"auto, (max-width: 676px) 100vw, 676px\" \/><\/a><p id=\"caption-attachment-2605\" class=\"wp-caption-text\">Foto: Jaime Valcarce Consulting Inmobiliario<\/p><\/div><\/p>\n<p>Adem\u00e1s, la vivienda cuenta con un s\u00f3tano con 4 plazas de garaje, un gran sal\u00f3n y un ba\u00f1o. La superficie de esta planta ofrece la posibilidad de montar el dormitorio de servicio. Para mayor comodidad, se puede acceder a todas las plantas por ascensor.<\/p>\n<p>&nbsp;<\/p>\n<p><div id=\"attachment_2603\" style=\"width: 686px\" class=\"wp-caption aligncenter\"><a href=\"http:\/\/www.fotocasa.es\/vivienda\/pozuelo-de-alarcon\/aire-acondicionado-calefaccion-parking-jardin-terraza-trastero-zona-comunitaria-ascensor-patio-piscina-parking-television-internet-de-los-lagos-2-131360198\"><img loading=\"lazy\" decoding=\"async\" aria-describedby=\"caption-attachment-2603\" class=\"wp-image-2603 size-full\" src=\"https:\/\/www.fotocasa.es\/fotocasa-life\/wp-content\/uploads\/2014\/07\/lafinca_3.jpg\" alt=\"la finca\" width=\"676\" height=\"376\" title=\"-\" srcset=\"https:\/\/www.fotocasa.es\/fotocasa-life\/wp-content\/uploads\/2014\/07\/lafinca_3.jpg 676w, https:\/\/www.fotocasa.es\/fotocasa-life\/wp-content\/uploads\/2014\/07\/lafinca_3-300x167.jpg 300w, https:\/\/www.fotocasa.es\/fotocasa-life\/wp-content\/uploads\/2014\/07\/lafinca_3-150x83.jpg 150w\" sizes=\"auto, (max-width: 676px) 100vw, 676px\" \/><\/a><p id=\"caption-attachment-2603\" class=\"wp-caption-text\">Foto: Jaime Valcarce Consulting Inmobiliario<\/p><\/div><\/p>\n<p><strong>\u201cNo vendemos casas, vendemos hogares\u201d<\/strong><\/p>\n<p>\u201cEn <a title=\"Jaime Valcarce Consulting Inmobiliario\" href=\"http:\/\/www.jaimevalcarce.es\/\" target=\"_blank\" rel=\"noopener noreferrer\"><strong>Jaime Valcarce Consulting Inmobiliario<\/strong><\/a> somos conscientes de la importancia que tiene nuestro trabajo; para nosotros no es solo un negocio; se trata de encontrar el lugar en el que nuestros clientes pasar\u00e1n buena parte de su vida y, por ello, la b\u00fasqueda debe ser personalizada, adecuada a las necesidades y los gustos de cada uno. Encontrar un hogar para una persona y su familia es una gran responsabilidad\u201d, aseguran.<\/p>\n<p>\u201cCada operaci\u00f3n inmobiliaria es \u00fanica, por este motivo empleamos rigor, seriedad, discreci\u00f3n, capacidad resolutiva, profesionalidad, sentido com\u00fan y el conocimiento legal y fiscal necesarios que nos han caracterizado durante todo nuestra trayectoria profesional\u201d, afirman desde Jaime Valcarce Consulting Inmobiliario.<\/p>\n<p>&nbsp;<\/p>\n","protected":false},"excerpt":{"rendered":"<p>PUBLIRREPORTAJE \u00bfQui\u00e9n no ha so\u00f1ado con disfrutar de una vivienda de lujo? Como este chalet adosado, ubicado en La Finca, la urbanizaci\u00f3n m\u00e1s exclusiva y segura de Europa, situada en Pozuelo de Alarc\u00f3n. Con seguridad 24h, se trata de una urbanizaci\u00f3n cerrada, que dispone de colegios y servicios cercanos. Un sue\u00f1o hecho realidad, a la&#8230;<\/p>\n","protected":false},"author":3,"featured_media":2600,"comment_status":"open","ping_status":"open","sticky":false,"template":"","format":"standard","meta":{"_lmt_disableupdate":"yes","_lmt_disable":"","footnotes":""},"categories":[4],"tags":[659,472],"class_list":["post-2597","post","type-post","status-publish","format-standard","has-post-thumbnail","hentry","category-decoracion","tag-casas-de-lujo","tag-publirreportaje"],"modified_by":"Administrador","_links":{"self":[{"href":"https:\/\/www.fotocasa.es\/fotocasa-life\/wp-json\/wp\/v2\/posts\/2597","targetHints":{"allow":["GET"]}}],"collection":[{"href":"https:\/\/www.fotocasa.es\/fotocasa-life\/wp-json\/wp\/v2\/posts"}],"about":[{"href":"https:\/\/www.fotocasa.es\/fotocasa-life\/wp-json\/wp\/v2\/types\/post"}],"author":[{"embeddable":true,"href":"https:\/\/www.fotocasa.es\/fotocasa-life\/wp-json\/wp\/v2\/users\/3"}],"replies":[{"embeddable":true,"href":"https:\/\/www.fotocasa.es\/fotocasa-life\/wp-json\/wp\/v2\/comments?post=2597"}],"version-history":[{"count":0,"href":"https:\/\/www.fotocasa.es\/fotocasa-life\/wp-json\/wp\/v2\/posts\/2597\/revisions"}],"wp:featuredmedia":[{"embeddable":true,"href":"https:\/\/www.fotocasa.es\/fotocasa-life\/wp-json\/wp\/v2\/media\/2600"}],"wp:attachment":[{"href":"https:\/\/www.fotocasa.es\/fotocasa-life\/wp-json\/wp\/v2\/media?parent=2597"}],"wp:term":[{"taxonomy":"category","embeddable":true,"href":"https:\/\/www.fotocasa.es\/fotocasa-life\/wp-json\/wp\/v2\/categories?post=2597"},{"taxonomy":"post_tag","embeddable":true,"href":"https:\/\/www.fotocasa.es\/fotocasa-life\/wp-json\/wp\/v2\/tags?post=2597"}],"curies":[{"name":"wp","href":"https:\/\/api.w.org\/{rel}","templated":true}]}}