{"id":25841,"date":"2017-12-11T16:06:52","date_gmt":"2017-12-11T15:06:52","guid":{"rendered":"https:\/\/www.fotocasa.es\/fotocasa-life\/?p=25841"},"modified":"2020-11-27T13:32:16","modified_gmt":"2020-11-27T12:32:16","slug":"el-precio-de-la-vivienda-subio-un-4-interanual-en-noviembre-y-cataluna-echa-el-freno","status":"publish","type":"post","link":"https:\/\/www.fotocasa.es\/fotocasa-life\/compraventa\/el-precio-de-la-vivienda-subio-un-4-interanual-en-noviembre-y-cataluna-echa-el-freno\/","title":{"rendered":"El precio de la vivienda subi\u00f3 un 4% interanual en noviembre y Catalu\u00f1a echa el freno"},"content":{"rendered":"<p><strong>El precio de la vivienda terminada (nueva y usada) aument\u00f3 un 4% en noviembre<\/strong> en relaci\u00f3n al mismo mes del a\u00f1o pasado, tres d\u00e9cimas menos que en octubre, pero acumula un descenso del 38,9% desde los m\u00e1ximos alcanzados en 2007, seg\u00fan el \u00edndice Tinsa IMIE.<\/p>\n<p>Entre enero y noviembre de este a\u00f1o el <a href=\"https:\/\/www.fotocasa.es\/fotocasa-life\/compraventa\/el-precio-de-la-vivienda-libre-modera-su-crecimiento-al-27-en-el-tercer-trimestre\/\">precio de la vivienda<\/a> <strong>subi\u00f3 un 4,1%, frente al avance del 1,8%<\/strong> que experiment\u00f3 en los once primeros meses de 2016.<\/p>\n<p>Los mayores incrementos interanuales registrados en noviembre en el precio de la vivienda se dieron en Baleares y Canarias (+6,8%) y en las capitales y grandes ciudades, con un aumento del 5,9% respecto a noviembre de 2016.<\/p>\n<p><strong>\u00abSe mantiene el tono positivo en el mercado de vivienda,<\/strong> siendo el crecimiento moderado de precios la nota predominante\u00bb, ha destacado el director del Servicio de Estudios de Tinsa, Jorge Ripoll, quien tambi\u00e9n ha subrayado que la evoluci\u00f3n de los precios en Catalu\u00f1a se fren\u00f3 en noviembre por la situaci\u00f3n pol\u00edtica y a la espera de las elecciones del 21 de diciembre.<\/p>\n<p>En concreto, los datos apuntan a una <strong>ralentizaci\u00f3n notable en el ritmo de aumento de los precios de la vivienda<\/strong> <strong>en Catalu\u00f1a<\/strong>. Mientras que en el acumulado hasta octubre crec\u00edan a una tasa del 6,5%, en los once primeros meses este avance se reduc\u00eda a la mitad (+3,3%). Seg\u00fan los expertos, habr\u00e1 que seguir la evoluci\u00f3n de Catalu\u00f1a en las pr\u00f3ximas semanas para ver si se trata de una tendencia o de un dato puntual.<\/p>\n<p>Adem\u00e1s de en las capitales y grandes ciudades y Baleares y Canarias, <strong>tambi\u00e9n subieron los precios en tasa interanual<\/strong> en las poblaciones m\u00e1s peque\u00f1as (resto de municipios), con un alza del 2,6% en noviembre; en las \u00e1reas metropolitanas (+1,3%) y en la costa mediterr\u00e1nea (+1,1%).<\/p>\n<p>Entre enero y noviembre, el precio medio de la vivienda en Espa\u00f1a se elev\u00f3 un 4,1%, situ\u00e1ndose por encima de este incremento Baleares y Canarias (+7,1%) y las capitales y grandes ciudades (+5,9%). Por su parte, las viviendas de las \u00e1reas metropolitanas acumulan en el a\u00f1o un avance de precios del 2,5%, mientras que las de la costa mediterr\u00e1nea han subido un 2,2% y las del resto de municipios, un 1,8%.<\/p>\n<p>&nbsp;<\/p>\n<p><strong>Variaci\u00f3n desde m\u00e1ximos<\/strong><\/p>\n<p>Seg\u00fan este informe, el<strong> ajuste acumulado del precio medio en Espa\u00f1a desde m\u00e1ximos de 2007 se situ\u00f3 en el 38,9%<\/strong> en noviembre. El ajuste supera la media nacional en la costa mediterr\u00e1nea (-47,6%), en las \u00e1reas metropolitanas (-43,4%) y en las capitales y grandes ciudades (-40,8%).<\/p>\n<p>Por el contrario, <strong>la menor variaci\u00f3n de precios desde los niveles de 2007 correspondi\u00f3 a las poblaciones m\u00e1s peque\u00f1as<\/strong> agrupadas en resto de municipios, donde el ajuste acumulado sum\u00f3 un 35,8%, y a Baleares y Canarias, con un descenso del 25,8%.<\/p>\n","protected":false},"excerpt":{"rendered":"<p>El precio de la vivienda subi\u00f3 hasta un 4% interanual en noviembre. Se ha moderado en Catalu\u00f1a, a la espera de las elecciones del 21 de diciembre.<\/p>\n","protected":false},"author":3,"featured_media":23954,"comment_status":"open","ping_status":"closed","sticky":false,"template":"","format":"standard","meta":{"_lmt_disableupdate":"yes","_lmt_disable":"","footnotes":""},"categories":[3],"tags":[2567,207,208,309,600],"class_list":["post-25841","post","type-post","status-publish","format-standard","has-post-thumbnail","hentry","category-compraventa","tag-cataluna","tag-precio-de-la-vivienda","tag-precio-de-la-vivienda-de-segunda-mano","tag-tinsa","tag-vivienda-nueva"],"modified_by":"Albert PC","_links":{"self":[{"href":"https:\/\/www.fotocasa.es\/fotocasa-life\/wp-json\/wp\/v2\/posts\/25841","targetHints":{"allow":["GET"]}}],"collection":[{"href":"https:\/\/www.fotocasa.es\/fotocasa-life\/wp-json\/wp\/v2\/posts"}],"about":[{"href":"https:\/\/www.fotocasa.es\/fotocasa-life\/wp-json\/wp\/v2\/types\/post"}],"author":[{"embeddable":true,"href":"https:\/\/www.fotocasa.es\/fotocasa-life\/wp-json\/wp\/v2\/users\/3"}],"replies":[{"embeddable":true,"href":"https:\/\/www.fotocasa.es\/fotocasa-life\/wp-json\/wp\/v2\/comments?post=25841"}],"version-history":[{"count":0,"href":"https:\/\/www.fotocasa.es\/fotocasa-life\/wp-json\/wp\/v2\/posts\/25841\/revisions"}],"wp:featuredmedia":[{"embeddable":true,"href":"https:\/\/www.fotocasa.es\/fotocasa-life\/wp-json\/wp\/v2\/media\/23954"}],"wp:attachment":[{"href":"https:\/\/www.fotocasa.es\/fotocasa-life\/wp-json\/wp\/v2\/media?parent=25841"}],"wp:term":[{"taxonomy":"category","embeddable":true,"href":"https:\/\/www.fotocasa.es\/fotocasa-life\/wp-json\/wp\/v2\/categories?post=25841"},{"taxonomy":"post_tag","embeddable":true,"href":"https:\/\/www.fotocasa.es\/fotocasa-life\/wp-json\/wp\/v2\/tags?post=25841"}],"curies":[{"name":"wp","href":"https:\/\/api.w.org\/{rel}","templated":true}]}}