{"id":25722,"date":"2017-12-05T15:57:27","date_gmt":"2017-12-05T14:57:27","guid":{"rendered":"https:\/\/www.fotocasa.es\/fotocasa-life\/?p=25722"},"modified":"2020-11-27T13:32:24","modified_gmt":"2020-11-27T12:32:24","slug":"cerca-de-la-mitad-de-los-consumidores-cree-que-es-buen-momento-para-comprar","status":"publish","type":"post","link":"https:\/\/www.fotocasa.es\/fotocasa-life\/hipotecas-finanzas\/cerca-de-la-mitad-de-los-consumidores-cree-que-es-buen-momento-para-comprar\/","title":{"rendered":"Cerca de la mitad de los consumidores cree que es buen momento para comprar"},"content":{"rendered":"<p>Cerca de la mitad de los consumidores cree que <strong>ahora es buen momento para comprar<\/strong>, impulsado por la recuperaci\u00f3n econ\u00f3mica, seg\u00fan se desprende del \u00faltimo estudio global de <a href=\"https:\/\/www.fotocasa.es\/fotocasa-life\/hipotecas-finanzas\/las-expectativas-economicas-espanoles-siguen-optimistas\/\">confianza de los consumidores<\/a> elaborado por Nielsen.<\/p>\n<p>En concreto, hace un a\u00f1o, <strong>s\u00f3lo un 34% de los espa\u00f1oles reconoc\u00eda este optimismo<\/strong>, 13 puntos menos. Sin embargo, los consumidores tienen m\u00e1s confianza, uno de los principales motores de consumo, situ\u00e1ndose ya en 91 puntos, cinco m\u00e1s que al t\u00e9rmino de 2016, aunque sin cambios respecto al segundo trimestre.<\/p>\n<p>Adem\u00e1s, <strong>las perspectivas laborables para los espa\u00f1oles tambi\u00e9n han mejorado<\/strong>, ya que para un 39%, el horizonte laboral en los pr\u00f3ximos doce meses ser\u00e1 bueno, un crecimiento significativo frente al 28% de personas que as\u00ed lo ve\u00edan a finales de 2016.<\/p>\n<p>De hecho, son m\u00e1s las personas que consideran que Espa\u00f1a ya no est\u00e1 en recesi\u00f3n, un 38%, dos puntos m\u00e1s que en el trimestre anterior.<\/p>\n<p>Por otro lado, a pesar de las mejoras econ\u00f3micas, <strong>los hogares espa\u00f1oles tienden a la contenci\u00f3n de gasto con vistas a ahorrar<\/strong> y maximizar el presupuesto dom\u00e9stico. La principal es vigilar el consumo de luz y calefacci\u00f3n, algo que pone en pr\u00e1ctica el 60% de los espa\u00f1oles, mientras que un 55% opta por reducir sus salidas de ocio.<\/p>\n<p>Respecto a cuando la situaci\u00f3n econ\u00f3mica mejore, <strong>solo el 26% reconoce que se quedar\u00e1n en casa,<\/strong> pero ser\u00e1n muchos m\u00e1s (48%) los que sigan controlando lo que pagan por la luz y la calefacci\u00f3n en sus hogares.<\/p>\n<p>El director general de Nielsen Iberia, Gustavo N\u00fa\u00f1ez, cree que 2017 <strong>\u00abest\u00e1 siendo un muy buen a\u00f1o\u00bb<\/strong>. \u00abSe nota cuando observamos c\u00f3mo la confianza de los espa\u00f1oles para consumir est\u00e1 en niveles precrisis. El crecimiento se est\u00e1 sustentando en la demanda, pero a \u00e9sta hay que incentivarla con nuevas propuestas de alto valor a\u00f1adido\u00bb, ha explicado.<\/p>\n<p>\u00abPara 2018 se espera una ralentizaci\u00f3n del crecimiento y para atenuarla hay que ser \u00e1giles y sorprender al consumidor, s\u00f3lo as\u00ed podremos crecer en volumen en un contexto poco proclive a priori al estar la poblaci\u00f3n estancada\u00bb, ha advertido sobre el pr\u00f3ximo a\u00f1o.<\/p>\n","protected":false},"excerpt":{"rendered":"<p>Aumenta la confianza de los consumidores, que ahora consideran que este es un buen momento para comprar. Es un s\u00edntoma de la recuperaci\u00f3n.<\/p>\n","protected":false},"author":3,"featured_media":25724,"comment_status":"open","ping_status":"closed","sticky":false,"template":"","format":"standard","meta":{"_lmt_disableupdate":"yes","_lmt_disable":"","footnotes":""},"categories":[6],"tags":[993,78,1415,611,2295],"class_list":["post-25722","post","type-post","status-publish","format-standard","has-post-thumbnail","hentry","category-hipotecas-finanzas","tag-confianza-del-consumidor","tag-consumo","tag-consumo-de-los-hogares","tag-recuperacion","tag-recuperacion-economica"],"modified_by":"Albert PC","_links":{"self":[{"href":"https:\/\/www.fotocasa.es\/fotocasa-life\/wp-json\/wp\/v2\/posts\/25722","targetHints":{"allow":["GET"]}}],"collection":[{"href":"https:\/\/www.fotocasa.es\/fotocasa-life\/wp-json\/wp\/v2\/posts"}],"about":[{"href":"https:\/\/www.fotocasa.es\/fotocasa-life\/wp-json\/wp\/v2\/types\/post"}],"author":[{"embeddable":true,"href":"https:\/\/www.fotocasa.es\/fotocasa-life\/wp-json\/wp\/v2\/users\/3"}],"replies":[{"embeddable":true,"href":"https:\/\/www.fotocasa.es\/fotocasa-life\/wp-json\/wp\/v2\/comments?post=25722"}],"version-history":[{"count":0,"href":"https:\/\/www.fotocasa.es\/fotocasa-life\/wp-json\/wp\/v2\/posts\/25722\/revisions"}],"wp:featuredmedia":[{"embeddable":true,"href":"https:\/\/www.fotocasa.es\/fotocasa-life\/wp-json\/wp\/v2\/media\/25724"}],"wp:attachment":[{"href":"https:\/\/www.fotocasa.es\/fotocasa-life\/wp-json\/wp\/v2\/media?parent=25722"}],"wp:term":[{"taxonomy":"category","embeddable":true,"href":"https:\/\/www.fotocasa.es\/fotocasa-life\/wp-json\/wp\/v2\/categories?post=25722"},{"taxonomy":"post_tag","embeddable":true,"href":"https:\/\/www.fotocasa.es\/fotocasa-life\/wp-json\/wp\/v2\/tags?post=25722"}],"curies":[{"name":"wp","href":"https:\/\/api.w.org\/{rel}","templated":true}]}}