{"id":25719,"date":"2017-12-05T15:48:45","date_gmt":"2017-12-05T14:48:45","guid":{"rendered":"https:\/\/www.fotocasa.es\/fotocasa-life\/?p=25719"},"modified":"2020-11-27T13:32:24","modified_gmt":"2020-11-27T12:32:24","slug":"guindos-considera-un-buen-dato-la-caida-de-las-ejecuciones-hipotecarias-en-el-tercer-trimestre","status":"publish","type":"post","link":"https:\/\/www.fotocasa.es\/fotocasa-life\/hipotecas-finanzas\/guindos-considera-un-buen-dato-la-caida-de-las-ejecuciones-hipotecarias-en-el-tercer-trimestre\/","title":{"rendered":"Guindos considera un \u00abbuen dato\u00bb la ca\u00edda de las ejecuciones hipotecarias en el tercer trimestre"},"content":{"rendered":"<p>El ministro de Econom\u00eda, Industria y Competitividad, Luis de Guindos, <a href=\"https:\/\/www.fotocasa.es\/fotocasa-life\/hipotecas-finanzas\/las-ejecuciones-hipotecarias-sobre-viviendas-habituales-se-desploman-un-598-en-el-tercer-trimestre\">ha celebrado el la ca\u00edda de casi el 60% en el n\u00famero de ejecuciones hipotecarias del tercer trimestre<\/a>, que ha calificado como buen dato\u00bb, al tiempo que ha asegurado que muestra que<strong> los costes sociales de la crisis se est\u00e1n dejando \u00abrelativamente atr\u00e1s\u00bb<\/strong>.<\/p>\n<p>A su llegada a la reuni\u00f3n de ministros de Econom\u00eda y Finanzas de la zona euro (Eurogrupo), el titular de Econom\u00eda ha recordado que cuando asumi\u00f3 la cartera hab\u00eda dos problemas sociales\u00bb muy importantes, que eran <strong>la cifra de ejecuciones hipotecarias y el conflicto de los preferentistas<\/strong>, que \u00abse solucion\u00f3 en un porcentaje elevad\u00edsimo\u00bb.<\/p>\n<p>\u00abAhora las ca\u00eddas en las ejecuciones de vivienda habitual creo que es <strong>otro buen dato desde el punto de vista no s\u00f3lo de la evoluci\u00f3n econ\u00f3mica, sino de la propia sociedad espa\u00f1ola<\/strong> y desde el punto de vista social y de lo que han sido los costes sobrevenidos de una crisis que ya empezamos a dejar relativamente atr\u00e1s\u00bb, ha expresado.<\/p>\n<p><strong>El n\u00famero de ejecuciones hipotecarias sobre viviendas habituales se situ\u00f3 en 1.584<\/strong> en el tercer trimestre, cifra un 43,2% inferior a la del trimestre anterior y un 59,8% por debajo de la del mismo periodo de 2016, seg\u00fan la estad\u00edstica de ejecuciones hipotecarias publicada este lunes por el Instituto Nacional de Estad\u00edstica (INE).<\/p>\n<p>Con respecto al crecimiento del n\u00famero de parados registrados en las oficinas de los servicios p\u00fablicos de empleo, De Guindos ha destacado que <strong>noviembre es \u00abun mes de transici\u00f3n\u00bb<\/strong> y que, cuando se elimina su componente estacional, son datos \u00abrelativamente positivos\u00bb.<\/p>\n<p>\u00abLo que vemos es que, si cogemos conjuntamente octubre y noviembre y hacemos una proyecci\u00f3n para diciembre, en t\u00e9rminos de empleo <strong>el cuarto trimestre va a ser mejor que lo que fue el tercer trimestre<\/strong> en t\u00e9rminos desestacionalizados\u00bb, ha manifestado.<\/p>\n<p>\u00abNos pondr\u00eda en la consideraci\u00f3n de que el cuarto trimestre de la econom\u00eda espa\u00f1ola <strong>est\u00e1 siendo muy similar a lo que fueron los tres anteriores<\/strong> y por lo tanto el crecimiento del 3% se va a mantener\u00bb, ha a\u00f1adido.<\/p>\n","protected":false},"excerpt":{"rendered":"<p>Luis de Guindos considera que la ca\u00edda de las ejecuciones hipotecarias durante el tercer trimestre del a\u00f1o es un buen dato.<\/p>\n","protected":false},"author":3,"featured_media":21966,"comment_status":"open","ping_status":"closed","sticky":false,"template":"","format":"standard","meta":{"_lmt_disableupdate":"yes","_lmt_disable":"","footnotes":""},"categories":[6],"tags":[359,1104],"class_list":["post-25719","post","type-post","status-publish","format-standard","has-post-thumbnail","hentry","category-hipotecas-finanzas","tag-ejecucion-hipotecaria","tag-lanzamientos-hipotecarios"],"modified_by":"fotocasa","_links":{"self":[{"href":"https:\/\/www.fotocasa.es\/fotocasa-life\/wp-json\/wp\/v2\/posts\/25719","targetHints":{"allow":["GET"]}}],"collection":[{"href":"https:\/\/www.fotocasa.es\/fotocasa-life\/wp-json\/wp\/v2\/posts"}],"about":[{"href":"https:\/\/www.fotocasa.es\/fotocasa-life\/wp-json\/wp\/v2\/types\/post"}],"author":[{"embeddable":true,"href":"https:\/\/www.fotocasa.es\/fotocasa-life\/wp-json\/wp\/v2\/users\/3"}],"replies":[{"embeddable":true,"href":"https:\/\/www.fotocasa.es\/fotocasa-life\/wp-json\/wp\/v2\/comments?post=25719"}],"version-history":[{"count":0,"href":"https:\/\/www.fotocasa.es\/fotocasa-life\/wp-json\/wp\/v2\/posts\/25719\/revisions"}],"wp:featuredmedia":[{"embeddable":true,"href":"https:\/\/www.fotocasa.es\/fotocasa-life\/wp-json\/wp\/v2\/media\/21966"}],"wp:attachment":[{"href":"https:\/\/www.fotocasa.es\/fotocasa-life\/wp-json\/wp\/v2\/media?parent=25719"}],"wp:term":[{"taxonomy":"category","embeddable":true,"href":"https:\/\/www.fotocasa.es\/fotocasa-life\/wp-json\/wp\/v2\/categories?post=25719"},{"taxonomy":"post_tag","embeddable":true,"href":"https:\/\/www.fotocasa.es\/fotocasa-life\/wp-json\/wp\/v2\/tags?post=25719"}],"curies":[{"name":"wp","href":"https:\/\/api.w.org\/{rel}","templated":true}]}}