{"id":25715,"date":"2017-12-05T15:43:55","date_gmt":"2017-12-05T14:43:55","guid":{"rendered":"https:\/\/www.fotocasa.es\/fotocasa-life\/?p=25715"},"modified":"2020-11-27T13:32:24","modified_gmt":"2020-11-27T12:32:24","slug":"solo-uno-de-cada-cuatro-ahorradores-lo-hace-pensando-en-su-pension","status":"publish","type":"post","link":"https:\/\/www.fotocasa.es\/fotocasa-life\/hipotecas-finanzas\/solo-uno-de-cada-cuatro-ahorradores-lo-hace-pensando-en-su-pension\/","title":{"rendered":"Solo uno de cada cuatro ahorradores lo hace pensando en su pensi\u00f3n"},"content":{"rendered":"<div id=\"NoticiaPrincipal\">\n<div id=\"CuerpoNoticia\" class=\"NormalTextoNoticia\">\n<p><strong>El 61,1% de los espa\u00f1oles declara estar ahorrando alrededor de un 5% de sus ingresos<\/strong>, si bien solo uno de cada cuatro reconoce estar haci\u00e9ndolo para la jubilaci\u00f3n, una proporci\u00f3n que, seg\u00fan el consejero delegado de Mapfre Vida, Juan Fern\u00e1ndez Palacios, \u00abes preocupante\u00bb, por lo que ha pedido iniciativas p\u00fablicas para canalizar la \u00absensibilidad generalizada\u00bb hacia el ahorro, que tambi\u00e9n cala entre los j\u00f3venes.<\/p>\n<p>As\u00ed concluye el estudio cuantitativo &#8216;La percepci\u00f3n del ahorro entre los espa\u00f1oles&#8217;, elaborado por la Fundaci\u00f3n Mapfre y presentado este lunes por Palacios, que ha pedido al Gobierno medidas para que<strong> se informe al contribuyente sobre su pensi\u00f3n p\u00fablica esperada<\/strong> para hacer sostenible el sistema de <a href=\"https:\/\/www.fotocasa.es\/fotocasa-life\/hipotecas-finanzas\/rescatar-plan-pensiones-ahorro-impuestos\/\">pensiones<\/a>. \u00abEs importante que se les haga entender la necesidad de complementar sus pensiones p\u00fablicas\u00bb, ha sostenido.<\/p>\n<p>El 44% de los encuestados revela no tener confianza en cobrar una pensi\u00f3n p\u00fablica en un futuro, y el 82% reconoce que no mantendr\u00e1 su nivel de vida una vez jubilados. El estudio tambi\u00e9n muestra que, de aquellos que no ahorran de manera frecuente, <strong>el 47,4% est\u00e1 dispuesta a hacerlo en los pr\u00f3ximos a\u00f1os<\/strong> \u00abde manera sistem\u00e1tica y recurrente\u00bb.<\/p>\n<p>Precisamente por esta disposici\u00f3n a ahorrar, la fundaci\u00f3n considera que el modelo de ahorro-previsi\u00f3n deber\u00eda cumplir con tres condiciones, que coinciden con los factores decisivos a la hora de dar el paso y crear huchas complementarias a las pensiones p\u00fablicas: <strong>poder retirar el dinero en caso de necesidad<\/strong> (49%), ser un sistema compartido con la empresa (29%) e incentivos fiscales (17%).<\/p>\n<p>&nbsp;<\/p>\n<p><strong>Vascos, gallegos y madrile\u00f1os, los m\u00e1s ahorradores<\/strong><\/p>\n<p>El informe se\u00f1ala c\u00f3mo los m\u00e1s ahorradores a los encuestados del Pa\u00eds Vasco (87%), Galicia (78%) y Madrid (72,2%). En el extremo opuesto se sit\u00faan Canarias y Baleares, <strong>comunidades en las que menos de la mitad de la poblaci\u00f3n es ahorradora<\/strong>, seguidas de Andaluc\u00eda (47,5%, 45% y 51%, respectivamente).<\/p>\n<p>El 55% de aquellos que no ahorran argumentan que<strong> prefieren disfrutar ahora del dinero<\/strong>, mientras que el 30,2% se\u00f1alan que no tienen capacidad de ahorro. El 7,9% no lo considera necesario. Por otro lado, los ahorradores suelen ahorrar para fines personales, como ir de vacaciones o comprar ropa (46%).<\/p>\n<p>El segundo objetivo m\u00e1s com\u00fan es cubrir necesidades a largo plazo, como la compra de una vivienda o <strong>la educaci\u00f3n de los hijos<\/strong>, tal y como considera el 41% de los encuestados. Un 26,7% prev\u00e9 guardar parte de sus ingresos exclusivamente para la jubilaci\u00f3n.<\/p>\n<p>&nbsp;<\/p>\n<p><strong>Un jubilado por trabajador en 2050<\/strong><\/p>\n<p>El director general del Servicio de Estudios de Mapfre, Manuel Aguilera, aprovech\u00f3 la ocasi\u00f3n para presentar un estudio comparativo que sit\u00faa, en clave demogr\u00e1fica, el sistema espa\u00f1ol frente otros de su entorno europeo.<\/p>\n<p>As\u00ed, los estudios prev\u00e9n un n\u00famero de trabajadores en Espa\u00f1a de 1,3 por cada jubilado en 2050,<strong> inferior a la media del resto de pa\u00edses analizados<\/strong> (que dispondr\u00e1n de dos por jubilado en la misma tendencia a la baja) frente a los 3,7 trabajadores por jubilado presentes en 2000. Una perspectiva que Aguilera ha calificado de \u00abproblem\u00e1tica\u00bb dadas las caracter\u00edsticas del sistema de pensiones espa\u00f1ol.<\/p>\n<p>\u00abSe trata de un sistema de pensiones basado en un modelo de reparto\u00bb, analiza el estudio, \u00abcuyo gasto en la actualidad es alto en comparaci\u00f3n con otras econom\u00edas desarrolladas\u00bb en proporci\u00f3n al PIB. \u00abM\u00e1s a\u00fan, se prev\u00e9 que <strong>dicho coste siga increment\u00e1ndose<\/strong>, apuntando tensiones en la sostenibilidad de las actuales tasas de reemplazo\u00bb.<\/p>\n<p>Dicha tasa de reemplazo o porcentaje del sueldo que el jubilado cobra en su pensi\u00f3n asciende en Espa\u00f1a, seg\u00fan reza el estudio, al 82,1%, cifra s\u00f3lo superada en el entorno europeo por Holanda (97%).<\/p>\n<p>&nbsp;<\/p>\n<p><strong>Aumento en la edad de jubilaci\u00f3n y diversificaci\u00f3n<\/strong><\/p>\n<p>Se\u00f1alando el factor de &#8216;supervivencia&#8217; o longevidad como el \u00abriesgo\u00bb principal para el sistema actual espa\u00f1ol, el informe propone as\u00ed \u00abla aproximaci\u00f3n entre la aportaci\u00f3n y la prestaci\u00f3n\u00bb con, entre otras medidas, <strong>\u00abel aumento en la edad de jubilaci\u00f3n\u00bb<\/strong>.<\/p>\n<p>Sobre los ratios de dependencia poblacional, apuntan que \u00abla situaci\u00f3n mejora ligeramente si se lleva la edad de jubilaci\u00f3n hacia los 70 a\u00f1os\u00bb. \u00abNo obstante, la tendencia del ratio sigue siendo claramente descendente y convergente a valores por encima de dos\u00bb, concretan.<\/p>\n<p>Aguilera aboga por la implementaci\u00f3n, por parte de las compa\u00f1\u00edas, de planes de pensiones a sus plantillas \u00absiguiendo el modelo holand\u00e9s\u00bb, <strong>donde los trabajadores cobran el 97% de su sueldo en la jubilaci\u00f3n<\/strong>. Finalmente, el servicio de estudios de Mapfre ha abogado por establecer sistemas de ahorro voluntario, as\u00ed como \u00abpol\u00edticas p\u00fablicas que ayuden a que se ejecuten\u00bb.<\/p>\n<\/div>\n<\/div>\n","protected":false},"excerpt":{"rendered":"<p>Uno de cuatro ahorradores no tienen en mente la pensi\u00f3n de jubilaci\u00f3n. Los expertos consideran que se trata de una proporci\u00f3n preocupante.<\/p>\n","protected":false},"author":3,"featured_media":25717,"comment_status":"open","ping_status":"closed","sticky":false,"template":"","format":"standard","meta":{"_lmt_disableupdate":"yes","_lmt_disable":"","footnotes":""},"categories":[6],"tags":[15,1763],"class_list":["post-25715","post","type-post","status-publish","format-standard","has-post-thumbnail","hentry","category-hipotecas-finanzas","tag-ahorro","tag-plan-de-pensiones"],"modified_by":"Albert PC","_links":{"self":[{"href":"https:\/\/www.fotocasa.es\/fotocasa-life\/wp-json\/wp\/v2\/posts\/25715","targetHints":{"allow":["GET"]}}],"collection":[{"href":"https:\/\/www.fotocasa.es\/fotocasa-life\/wp-json\/wp\/v2\/posts"}],"about":[{"href":"https:\/\/www.fotocasa.es\/fotocasa-life\/wp-json\/wp\/v2\/types\/post"}],"author":[{"embeddable":true,"href":"https:\/\/www.fotocasa.es\/fotocasa-life\/wp-json\/wp\/v2\/users\/3"}],"replies":[{"embeddable":true,"href":"https:\/\/www.fotocasa.es\/fotocasa-life\/wp-json\/wp\/v2\/comments?post=25715"}],"version-history":[{"count":0,"href":"https:\/\/www.fotocasa.es\/fotocasa-life\/wp-json\/wp\/v2\/posts\/25715\/revisions"}],"wp:featuredmedia":[{"embeddable":true,"href":"https:\/\/www.fotocasa.es\/fotocasa-life\/wp-json\/wp\/v2\/media\/25717"}],"wp:attachment":[{"href":"https:\/\/www.fotocasa.es\/fotocasa-life\/wp-json\/wp\/v2\/media?parent=25715"}],"wp:term":[{"taxonomy":"category","embeddable":true,"href":"https:\/\/www.fotocasa.es\/fotocasa-life\/wp-json\/wp\/v2\/categories?post=25715"},{"taxonomy":"post_tag","embeddable":true,"href":"https:\/\/www.fotocasa.es\/fotocasa-life\/wp-json\/wp\/v2\/tags?post=25715"}],"curies":[{"name":"wp","href":"https:\/\/api.w.org\/{rel}","templated":true}]}}