{"id":25586,"date":"2017-11-29T22:52:50","date_gmt":"2017-11-29T21:52:50","guid":{"rendered":"https:\/\/www.fotocasa.es\/fotocasa-life\/?p=25586"},"modified":"2020-11-27T13:32:28","modified_gmt":"2020-11-27T12:32:28","slug":"el-ipc-interanual-se-estanca-en-noviembre-en-el-16-pero-sube-un-04-en-el-mes","status":"publish","type":"post","link":"https:\/\/www.fotocasa.es\/fotocasa-life\/hipotecas-finanzas\/el-ipc-interanual-se-estanca-en-noviembre-en-el-16-pero-sube-un-04-en-el-mes\/","title":{"rendered":"El IPC interanual se estanca en noviembre en el 1,6%"},"content":{"rendered":"<p>El <a href=\"https:\/\/www.fotocasa.es\/fotocasa-life\/hipotecas-finanzas\/el-ine-confirma-que-el-ipc-bajo-hasta-el-16-en-octubre-por-gasolinas-y-electricidad\/\">\u00cdndice de Precios de Consumo (IPC)<\/a> <strong>subi\u00f3 un 0,4% en noviembre en relaci\u00f3n al mes anterior<\/strong>, pero mantuvo su tasa interanual sin cambios, en el 1,6%, seg\u00fan el indicador adelantado publicado este mi\u00e9rcoles por el Instituto Nacional de Estad\u00edstica (INE).<\/p>\n<p>Estad\u00edstica se\u00f1ala que en la <strong>evoluci\u00f3n interanual del IPC de noviembre<\/strong> influy\u00f3 la subida de los precios de los carburantes (gasoil y gasolina).<\/p>\n<p>La tasa interanual de noviembre es la <strong>decimoquinta tasa positiva que encadena el IPC interanual<\/strong>, e implica que los precios son hoy un 1,6% superiores a los de hace un a\u00f1o.<\/p>\n<p>El <strong>IPC interanual arranc\u00f3 2017 en el 3%,<\/strong> su tasa m\u00e1s alta desde octubre de 2012. En febrero se repiti\u00f3 el mismo porcentaje, pero en marzo, por primera vez en siete meses, la inflaci\u00f3n recort\u00f3 su tasa interanual hasta el 2,3%.<\/p>\n<p>Tras varias subidas y bajadas posteriores, el IPC interanual se situ\u00f3 en agosto en el 1,6%, una d\u00e9cima m\u00e1s que en julio; escal\u00f3 hasta el 1,8% en septiembre y baj\u00f3 al 1,6% en octubre, la misma tasa que adelanta el INE para noviembre.<\/p>\n<p>En el pen\u00faltimo mes del a\u00f1o, el \u00cdndice de Precios de Consumo Armonizado (IPCA) mantuvo su tasa interanual en el 1,7%. <strong>En t\u00e9rminos mensuales, el IPC subi\u00f3 un 0,4% en noviembre<\/strong>, el mismo incremento que se registr\u00f3 en los meses de noviembre de 2015 y 2016. El INE publicar\u00e1 los datos definitivos del IPC de noviembre el pr\u00f3ximo 14 de diciembre.<\/p>\n","protected":false},"excerpt":{"rendered":"<p>El IPC interanual se estanca durante el mes de noviembre en el 1,6%. La evoluci\u00f3n interanual influy\u00f3 la subida de los precios de los carburantes.<\/p>\n","protected":false},"author":3,"featured_media":25588,"comment_status":"open","ping_status":"closed","sticky":false,"template":"","format":"standard","meta":{"_lmt_disableupdate":"yes","_lmt_disable":"","footnotes":""},"categories":[6],"tags":[1373,538],"class_list":["post-25586","post","type-post","status-publish","format-standard","has-post-thumbnail","hentry","category-hipotecas-finanzas","tag-indice-de-precios-de-consumo","tag-ipc"],"modified_by":"Albert PC","_links":{"self":[{"href":"https:\/\/www.fotocasa.es\/fotocasa-life\/wp-json\/wp\/v2\/posts\/25586","targetHints":{"allow":["GET"]}}],"collection":[{"href":"https:\/\/www.fotocasa.es\/fotocasa-life\/wp-json\/wp\/v2\/posts"}],"about":[{"href":"https:\/\/www.fotocasa.es\/fotocasa-life\/wp-json\/wp\/v2\/types\/post"}],"author":[{"embeddable":true,"href":"https:\/\/www.fotocasa.es\/fotocasa-life\/wp-json\/wp\/v2\/users\/3"}],"replies":[{"embeddable":true,"href":"https:\/\/www.fotocasa.es\/fotocasa-life\/wp-json\/wp\/v2\/comments?post=25586"}],"version-history":[{"count":0,"href":"https:\/\/www.fotocasa.es\/fotocasa-life\/wp-json\/wp\/v2\/posts\/25586\/revisions"}],"wp:featuredmedia":[{"embeddable":true,"href":"https:\/\/www.fotocasa.es\/fotocasa-life\/wp-json\/wp\/v2\/media\/25588"}],"wp:attachment":[{"href":"https:\/\/www.fotocasa.es\/fotocasa-life\/wp-json\/wp\/v2\/media?parent=25586"}],"wp:term":[{"taxonomy":"category","embeddable":true,"href":"https:\/\/www.fotocasa.es\/fotocasa-life\/wp-json\/wp\/v2\/categories?post=25586"},{"taxonomy":"post_tag","embeddable":true,"href":"https:\/\/www.fotocasa.es\/fotocasa-life\/wp-json\/wp\/v2\/tags?post=25586"}],"curies":[{"name":"wp","href":"https:\/\/api.w.org\/{rel}","templated":true}]}}