{"id":25546,"date":"2017-11-28T14:50:25","date_gmt":"2017-11-28T13:50:25","guid":{"rendered":"https:\/\/www.fotocasa.es\/fotocasa-life\/?p=25546"},"modified":"2020-11-27T13:32:29","modified_gmt":"2020-11-27T12:32:29","slug":"la-ocde-eleva-al-31-su-prevision-de-crecimiento-para-espana-en-2017-y-empeora-al-23-la-de-2018","status":"publish","type":"post","link":"https:\/\/www.fotocasa.es\/fotocasa-life\/hipotecas-finanzas\/la-ocde-eleva-al-31-su-prevision-de-crecimiento-para-espana-en-2017-y-empeora-al-23-la-de-2018\/","title":{"rendered":"La OCDE eleva al 3,1% su previsi\u00f3n de crecimiento para Espa\u00f1a en 2017 y empeora al 2,3% la de 2018"},"content":{"rendered":"<p>La Organizaci\u00f3n para la Cooperaci\u00f3n y el Desarrollo Econ\u00f3mico (OCDE) <strong>ha revisado tres d\u00e9cimas al alza su previsi\u00f3n de crecimiento econ\u00f3mico para Espa\u00f1a en 2017<\/strong> respecto a las que apuntaba el pasado mes de junio, hasta el 3,1% y ha empeorado una d\u00e9cima el ritmo de expansi\u00f3n para 2018, al situarlo en el 2,3%, seg\u00fan se desprende de la \u00faltima actualizaci\u00f3n de previsiones econ\u00f3micas del organismo internacional.<\/p>\n<p><strong>\u00abEl crecimiento econ\u00f3mico ha sido s\u00f3lido y equilibrado en 2017\u00bb<\/strong>, se\u00f1ala el documento, que indica que Espa\u00f1a crecer\u00e1 por encima del 3% en 2017 (3,1%) por tercer a\u00f1o consecutivo, superando a la mayor\u00eda de los pa\u00edses de la zona euro e indicando un patr\u00f3n de crecimiento m\u00e1s equilibrado que en los a\u00f1os anteriores a la crisis.<\/p>\n<p>No obstante, la OCDE prev\u00e9 que el crecimiento del Producto Interior Bruto (PIB) <strong>en Espa\u00f1a se modere al 2,3% en 2018 y al 2,1% en 2019<\/strong>, a medida que se desacelera el ritmo de crecimiento de la demanda interna, ya que el efecto expansivo de la demanda reprimida y otros factores de apoyo temporales, como los bajos precios del petr\u00f3leo o los bajos impuestos ir\u00e1n desapareciendo.<\/p>\n<p>Adem\u00e1s, la OCDE alerta de que la <strong>persistencia de las tensiones entre los gobiernos central y el regional de Catalu\u00f1a<\/strong> podr\u00edan reducir \u00absignificativamente\u00bb la confianza de los consumidores y de las empresas, lo que afectar\u00eda a la demanda interna espa\u00f1ola por encima del nivel previsto.<\/p>\n<p>Al mismo tiempo, <strong>apunta al impacto negativo que podr\u00eda tener un aumento del proteccionismo en el comercio internacional<\/strong> o unas consecuencias m\u00e1s perjudiciales de las estimadas del <a href=\"https:\/\/www.fotocasa.es\/fotocasa-life\/compraventa\/los-britanicos-frenan-la-compra-viviendas-espana-desde-brexit\/\">Brexit<\/a>, como otros factores que podr\u00edan empeorar la demanda interna en Espa\u00f1a. Al contrario, podr\u00eda impulsarse m\u00e1s de los esperado si la desaceleraci\u00f3n del ritmo en la creaci\u00f3n de empleo se modera o por un aumento en la demanda en Europa, el principal destino de las exportaciones del pa\u00eds.<\/p>\n<p>Respecto al comercio exterior, la organizaci\u00f3n internacional se\u00f1ala que el <strong>aumento de la competitividad continuar\u00e1 respaldando las exportaciones<\/strong>, aun cuando el crecimiento de la demanda externa disminuya levemente. As\u00ed, aunque pronostica que la contribuci\u00f3n de las exportaciones netas al crecimiento disminuir\u00e1, la cuenta corriente se mantendr\u00e1 en super\u00e1vit.<\/p>\n<p>Asimismo, la OCDE proyecta que la inflaci\u00f3n, que la sit\u00faa en el 2% para 2017,<strong> caer\u00e1 al 1,3% en 2018, antes de recuperarse hasta el 1,6% en 2019<\/strong>. \u00abLa inflaci\u00f3n aumentar\u00e1 lentamente a medida que se cierre la brecha del producto, pero seguir\u00e1 siendo moderada\u00bb, sostiene el organismo.<\/p>\n<p>&nbsp;<\/p>\n<p><strong>J\u00f3venes y parados de larga duraci\u00f3n, en el foco<\/strong><\/p>\n<p>Por otro lado, el grupo que re\u00fane a 35 pa\u00edses de todo el mundo destaca en su informe que, aunque la tasa de desempleo est\u00e1 disminuyendo, c<strong>ontin\u00faa siendo elevada entre j\u00f3venes y desempleados de larga duraci\u00f3n<\/strong>.<\/p>\n<p>\u00abSe debe reducir la brecha entre los costes de finalizaci\u00f3n de contratos fijos y temporales, para minimizar la dualidad del mercado laboral y mejorar la calidad del empleo, que se ha deteriorado durante la crisis\u00bb, subraya la OCDE.<\/p>\n<p>De igual modo, pide un mejor dise\u00f1o y focalizaci\u00f3n de las pol\u00edticas activas del mercado de trabajo, as\u00ed como un mejor acceso a la educaci\u00f3n y formaci\u00f3n profesional, lo que podr\u00eda ayudar a los trabajadores poco cualificados a mejorar sus perspectivas laborales y reducir as\u00ed las desigualdades.<\/p>\n<p>&nbsp;<\/p>\n<p><strong>Mejora la tasa de paro<\/strong><\/p>\n<p>La OCDE prev\u00e9 que <strong>Espa\u00f1a cierre 2017 con una tasa de paro del 17,2%,<\/strong> tres d\u00e9cimas por debajo de la previsi\u00f3n anterior, y que en los pr\u00f3ximos dos a\u00f1os se reduzca hasta el 15,4% y el 14%, respectivamente. Seg\u00fan apunta, aunque sigue siendo muy elevada, experimentar\u00e1 uno de los mayores descensos hasta 2019 entre los Diecinueve.<\/p>\n<p>\u00abLa fuerte ganancia de empleo apuntala los ingresos de los hogares y el s\u00f3lido gasto de los consumidores. La inversi\u00f3n empresarial tambi\u00e9n contin\u00faa creciendo respaldada por la mayor confianza y los mejores m\u00e1rgenes en los beneficios\u00bb, dice la OCDE. Un indicador de que el empleo ha mejorado, unido a unas condiciones de financiaci\u00f3n favorables, es el aumento de la inversi\u00f3n residencial, indica el organismo.<\/p>\n<p>\u00abPara mejorar el crecimiento de la productividad en Espa\u00f1a, se deben priorizar las<strong> reformas estructurales adicionales<\/strong> para fomentar la inversi\u00f3n en innovaci\u00f3n y aumentar las habilidades de la fuerza de trabajo\u00bb, subraya el documento.<\/p>\n<p>&nbsp;<\/p>\n<p><strong>Desapalancamiento y sector bancario<\/strong><\/p>\n<p>Las empresas y los hogares espa\u00f1oles han reducido su deuda combinada en aproximadamente el 55% del PIB desde mediados de 2010. Sin embargo, el desacapalancamiento \u00abno es completo\u00bb, especialmente<strong> entre las empresas del sector de la construcci\u00f3n y los hogares de bajos ingresos.<\/strong><\/p>\n<p>El sistema bancario, de su lado, es \u00abm\u00e1s s\u00f3lido\u00bb, pero a\u00fan se enfrenta a ciertos desaf\u00edos en el medio plazo debido a la baja demanda de cr\u00e9dito y a los m\u00ednimos niveles de rentabilidad.<strong> \u00abLos pr\u00e9stamos morosos han disminuido de una forma muy marcada,<\/strong> pero se mantienen relativamente altos en algunas entidades financieras\u00bb, declara el organismo.<\/p>\n<p>Ante este escenario, la OCDE pide que se <strong>contin\u00fae con el fortalecimiento de los balances bancarios<\/strong>, con el objetivo de reducir los riesgos de limitaciones de suministro de cr\u00e9dito a medio plazo.<\/p>\n<p>&nbsp;<\/p>\n<p><strong>Sector p\u00fablico<\/strong><\/p>\n<p>\u00abLa pol\u00edtica monetaria acomodaticia de la zona del euro seguir\u00e1 respaldando el crecimiento, pero la posici\u00f3n fiscal ser\u00e1, en t\u00e9rminos generales, neutral, lo que permitir\u00e1 que el <strong>\u00edndice de deuda p\u00fablica disminuya ligeramente<\/strong>\u00ab, explica la OCDE.<\/p>\n<p>En este orden de cosas, el organismo internacional prev\u00e9 que el d\u00e9ficit presupuestario disminuya al 3,2% del PIB en 2017, una d\u00e9cima por encima del pron\u00f3stico anterior. Al mismo tiempo, pronostica que se situar\u00e1 en el 2,4% en 2018 y en el 1,5% en 2019. Estas cifras, no obstante, se sit\u00faan por encima de las pactadas por el Gobierno con la Uni\u00f3n Europea, que se sit\u00faan en el 3,1% para 2017 y el 2,2% en 2018.<\/p>\n<p>\u00abLa postura fiscal ampliamente neutral prevista para los pr\u00f3ximos dos a\u00f1os es apropiada, ya que equilibra la necesidad de un crecimiento continuo y creaci\u00f3n de empleo con la sostenibilidad de la deuda p\u00fablica\u00bb, asevera.<\/p>\n<p>As\u00ed, con la idea de garantizar la reducci\u00f3n constante de la \u00abelevada\u00bb proporci\u00f3n de deuda p\u00fablica respecto al PIB, <strong>el Gobierno deber\u00e1 atenerse a sus objetivos fiscales a medio plazo<\/strong>, especialmente en t\u00e9rminos estructurales.<\/p>\n<p>La OCDE prev\u00e9 que la deuda bruta del Gobierno <strong>se sit\u00fae en el 116,8% del PIB este a\u00f1o,<\/strong> y se reduzca hasta el 116% en 2018 y al 114,4% en 2019. La deuda sobre PIB medida seg\u00fan los criterios de convergencia de Maastricht se situar\u00e1 en el 98,6% en 2017 y se reducir\u00e1 al 97,2% y al 95,7% en los pr\u00f3ximos dos a\u00f1os.<\/p>\n","protected":false},"excerpt":{"rendered":"<p>Seg\u00fan la OCDE, la previsi\u00f3n de crecimiento para Espa\u00f1a se elevar\u00e1 este 2017, pero empeorar\u00e1 al 2,3 durante el pr\u00f3ximo a\u00f1o 2018.<\/p>\n","protected":false},"author":3,"featured_media":23727,"comment_status":"open","ping_status":"closed","sticky":false,"template":"","format":"standard","meta":{"_lmt_disableupdate":"yes","_lmt_disable":"","footnotes":""},"categories":[6],"tags":[118,1020,195],"class_list":["post-25546","post","type-post","status-publish","format-standard","has-post-thumbnail","hentry","category-hipotecas-finanzas","tag-economia","tag-economia-espanola","tag-pib"],"modified_by":"Albert PC","_links":{"self":[{"href":"https:\/\/www.fotocasa.es\/fotocasa-life\/wp-json\/wp\/v2\/posts\/25546","targetHints":{"allow":["GET"]}}],"collection":[{"href":"https:\/\/www.fotocasa.es\/fotocasa-life\/wp-json\/wp\/v2\/posts"}],"about":[{"href":"https:\/\/www.fotocasa.es\/fotocasa-life\/wp-json\/wp\/v2\/types\/post"}],"author":[{"embeddable":true,"href":"https:\/\/www.fotocasa.es\/fotocasa-life\/wp-json\/wp\/v2\/users\/3"}],"replies":[{"embeddable":true,"href":"https:\/\/www.fotocasa.es\/fotocasa-life\/wp-json\/wp\/v2\/comments?post=25546"}],"version-history":[{"count":0,"href":"https:\/\/www.fotocasa.es\/fotocasa-life\/wp-json\/wp\/v2\/posts\/25546\/revisions"}],"wp:featuredmedia":[{"embeddable":true,"href":"https:\/\/www.fotocasa.es\/fotocasa-life\/wp-json\/wp\/v2\/media\/23727"}],"wp:attachment":[{"href":"https:\/\/www.fotocasa.es\/fotocasa-life\/wp-json\/wp\/v2\/media?parent=25546"}],"wp:term":[{"taxonomy":"category","embeddable":true,"href":"https:\/\/www.fotocasa.es\/fotocasa-life\/wp-json\/wp\/v2\/categories?post=25546"},{"taxonomy":"post_tag","embeddable":true,"href":"https:\/\/www.fotocasa.es\/fotocasa-life\/wp-json\/wp\/v2\/tags?post=25546"}],"curies":[{"name":"wp","href":"https:\/\/api.w.org\/{rel}","templated":true}]}}