{"id":25509,"date":"2017-11-24T20:09:54","date_gmt":"2017-11-24T19:09:54","guid":{"rendered":"https:\/\/www.fotocasa.es\/fotocasa-life\/?p=25509"},"modified":"2020-11-27T13:32:39","modified_gmt":"2020-11-27T12:32:39","slug":"ceprede-preve-que-el-alza-del-pib-se-modere-al-25-en-2018-por-cataluna","status":"publish","type":"post","link":"https:\/\/www.fotocasa.es\/fotocasa-life\/hipotecas-finanzas\/ceprede-preve-que-el-alza-del-pib-se-modere-al-25-en-2018-por-cataluna\/","title":{"rendered":"Ceprede prev\u00e9 que el alza del PIB se modere al 2,5% en 2018 por Catalu\u00f1a"},"content":{"rendered":"<p>El Centro de Predicci\u00f3n Econ\u00f3mica (Ceprede) <strong>prev\u00e9 un avance del <a href=\"https:\/\/www.fotocasa.es\/fotocasa-life\/hipotecas-finanzas\/bbva-research-no-descarta-elevar-la-prevision-pib-2018-la-incertidumbre-cataluna-acaba-pronto\/\">PIB<\/a> de Espa\u00f1a del 3,1% este a\u00f1o<\/strong> y una moderaci\u00f3n del crecimiento al 2,5% en 2018 por la crisis pol\u00edtica en Catalu\u00f1a, junto a una creaci\u00f3n de empleo del 2,7% y del 2,1%, respectivamente, lo que equivaldr\u00e1 a la generaci\u00f3n de 491.000 nuevos empleos este a\u00f1o y cerca de 390.000 el pr\u00f3ximo.<\/p>\n<p>Estas son las previsiones de Ceprede tras la 73\u00aa Junta Semestral de Predicci\u00f3n Econ\u00f3mica celebrada en M\u00e1laga, que consideran que<strong> el avance del PIB nacional no se ver\u00e1 afectado este a\u00f1o por el conflicto catal\u00e1n<\/strong>, pero har\u00e1 que el crecimiento se modere del 3,1% en 2017 al 2,5% en 2018.<\/p>\n<p>El crecimiento econ\u00f3mico de este a\u00f1o<strong> ser\u00e1 0,8 puntos porcentuales m\u00e1s alto que el de la Eurozona,<\/strong> que experimentar\u00e1 un avance del 2,3%, seg\u00fan indican los informes de Ceprede, que destacan que Espa\u00f1a cuenta de nuevo con un diferencial positivo con la Eurozona en el conjunto nacional.<\/p>\n<p>Adem\u00e1s, las comunidades aut\u00f3nomas (excepto Asturias, Cantabria, Extremadura y Murcia) muestran un <strong>crecimiento superior al europeo<\/strong>, siendo \u00e9ste en algunos casos superior a un punto.<\/p>\n<p>&nbsp;<\/p>\n<p><strong>Mejora la salud econ\u00f3mica<\/strong><\/p>\n<p>Por lo que respecta a la creaci\u00f3n de empleo, pronostica que <strong>durante el a\u00f1o 2017 se generen en torno a 491.000 empleos nuevos<\/strong> y 390.000 en 2017, acumulando 881.000 nuevos ocupados en dos a\u00f1os. En este sentido, estima que el a\u00f1o 2017 finaliza por debajo de los 4 millones de parados, con una tasa de paro del 17,1%.<\/p>\n<p>Uno de los sectores en los que m\u00e1s se ver\u00e1 reflejado el aumento del empleo <strong>es la fabricaci\u00f3n de veh\u00edculos<\/strong>, con un incremento interanual en 2017 del 13,2%.<\/p>\n<p>De igual forma, el indicador CIPE de Ceprede constata que <strong>la \u00absalud econ\u00f3mica\u00bb espa\u00f1ola tambi\u00e9n ha registrado una mejora en 2017<\/strong>, con un avance que supone un incremento de 2,5 puntos respecto a 2016, situ\u00e1ndose en 111,6 puntos, lo que supone una salud econ\u00f3mica \u00abbuena\u00bb.<\/p>\n<p>No obstante, en 2018 el indicador CIPE bajar\u00e1 casi cuatro puntos, para situarse en los <strong>107,6, con una expectativa de algo menos de actividad<\/strong> y de menor nivel de confianza en los mercados.<\/p>\n<p>&nbsp;<\/p>\n<p><strong>Mayor incertidumbre<\/strong><\/p>\n<p>Por su parte, el indicador de incertidumbre nacional de Ceprede experiment\u00f3 en octubre su <strong>mayor aumento desde el &#8216;Brexit&#8217;<\/strong>, situ\u00e1ndose 55,1 puntos sobre 100, debido principalmente a la dimensi\u00f3n medi\u00e1tica que se ha visto afectada por la situaci\u00f3n pol\u00edtica de Catalu\u00f1a. De hecho, Ceprede estima que la incertidumbre se sit\u00fae en niveles incluso superiores a los actuales.<\/p>\n<p>Para 2018 augura <strong>buenos crecimientos<\/strong> en los mercados de consumo c\u00edclico de servicios (comercio, alojamiento y restauraci\u00f3n), en mercados de inversi\u00f3n (como la construcci\u00f3n y bienes de equipo TIC) y en los servicios a empresas, con crecimientos de entre el 2,3% al 3,5%, seg\u00fan los casos.<\/p>\n<p>Mientras tanto, <strong>los sectores m\u00e1s din\u00e1micos en 2017<\/strong> son la fabricaci\u00f3n de veh\u00edculos (+3,6%), el comercio al por menor (+3,9%), correos y telecomunicaciones (+3,8%), industrias extractivas (+3,8%) y los mercados de inversi\u00f3n (construcci\u00f3n, bienes de equipo y tecnolog\u00edas), con un 4% en media.<\/p>\n<p>Igualmente, Ceprede ofrece semestralmente una comparativa de la &#8216;tecno-econom\u00eda&#8217; espa\u00f1ola respecto a los l\u00edderes europeos y su ritmo de avance para la convergencia, considerando la <strong>implementaci\u00f3n de nuevas tecnolog\u00edas<\/strong> como su uso por los agentes econ\u00f3micos y la interactuaci\u00f3n efectiva.<\/p>\n<p>Seg\u00fan sus c\u00e1lculos, Espa\u00f1a tendr\u00e1 un avance del 6,1% para 2017. Desde un punto de vista din\u00e1mico, <strong>Espa\u00f1a est\u00e1 creciendo en tendencia al 5,6% anual<\/strong> en esta materia, mientras que la media de los pa\u00edses de la UE se sit\u00faa en el 3,9%.<\/p>\n","protected":false},"excerpt":{"rendered":"<p>Seg\u00fan Ceprede, el incremento del PIB podr\u00eda moderarse en 2018 al 2,5%. Esto tendr\u00eda que ver con la situaci\u00f3n en Catalu\u00f1a.<\/p>\n","protected":false},"author":3,"featured_media":25512,"comment_status":"open","ping_status":"closed","sticky":false,"template":"","format":"standard","meta":{"_lmt_disableupdate":"yes","_lmt_disable":"","footnotes":""},"categories":[6],"tags":[2567,1020,195],"class_list":["post-25509","post","type-post","status-publish","format-standard","has-post-thumbnail","hentry","category-hipotecas-finanzas","tag-cataluna","tag-economia-espanola","tag-pib"],"modified_by":"Albert PC","_links":{"self":[{"href":"https:\/\/www.fotocasa.es\/fotocasa-life\/wp-json\/wp\/v2\/posts\/25509","targetHints":{"allow":["GET"]}}],"collection":[{"href":"https:\/\/www.fotocasa.es\/fotocasa-life\/wp-json\/wp\/v2\/posts"}],"about":[{"href":"https:\/\/www.fotocasa.es\/fotocasa-life\/wp-json\/wp\/v2\/types\/post"}],"author":[{"embeddable":true,"href":"https:\/\/www.fotocasa.es\/fotocasa-life\/wp-json\/wp\/v2\/users\/3"}],"replies":[{"embeddable":true,"href":"https:\/\/www.fotocasa.es\/fotocasa-life\/wp-json\/wp\/v2\/comments?post=25509"}],"version-history":[{"count":0,"href":"https:\/\/www.fotocasa.es\/fotocasa-life\/wp-json\/wp\/v2\/posts\/25509\/revisions"}],"wp:featuredmedia":[{"embeddable":true,"href":"https:\/\/www.fotocasa.es\/fotocasa-life\/wp-json\/wp\/v2\/media\/25512"}],"wp:attachment":[{"href":"https:\/\/www.fotocasa.es\/fotocasa-life\/wp-json\/wp\/v2\/media?parent=25509"}],"wp:term":[{"taxonomy":"category","embeddable":true,"href":"https:\/\/www.fotocasa.es\/fotocasa-life\/wp-json\/wp\/v2\/categories?post=25509"},{"taxonomy":"post_tag","embeddable":true,"href":"https:\/\/www.fotocasa.es\/fotocasa-life\/wp-json\/wp\/v2\/tags?post=25509"}],"curies":[{"name":"wp","href":"https:\/\/api.w.org\/{rel}","templated":true}]}}