{"id":25422,"date":"2017-11-23T12:23:27","date_gmt":"2017-11-23T11:23:27","guid":{"rendered":"https:\/\/www.fotocasa.es\/fotocasa-life\/?p=25422"},"modified":"2020-11-27T13:32:42","modified_gmt":"2020-11-27T12:32:42","slug":"el-psoe-apoyara-la-tramitacion-de-la-ley-de-vivienda-de-la-pah-pero-avisa-que-presentara-enmiendas","status":"publish","type":"post","link":"https:\/\/www.fotocasa.es\/fotocasa-life\/hipotecas-finanzas\/el-psoe-apoyara-la-tramitacion-de-la-ley-de-vivienda-de-la-pah-pero-avisa-que-presentara-enmiendas\/","title":{"rendered":"El PSOE apoyar\u00e1 la tramitaci\u00f3n de la ley de vivienda de la PAH, pero avisa que presentar\u00e1 enmiendas"},"content":{"rendered":"<div id=\"NoticiaPrincipal\">\n<div id=\"CuerpoNoticia\" class=\"NormalTextoNoticia\">\n<p>El PSOE ha asegurado que apoyar\u00e1 la toma en consideraci\u00f3n de la proposici\u00f3n de ley de Vivienda impulsada por la <a href=\"https:\/\/www.fotocasa.es\/fotocasa-life\/sector\/la-pah-defiende-la-ocupacion-cualquier-conquista-viene-de-desobedecer-leyes-injustas\/\">Plataforma de Afectados por la Hipoteca (PAH)<\/a>, pero ya ha adelantado que no la hace suya <strong>y que presentar\u00e1 enmiendas para modificar su redacci\u00f3n.<\/strong><\/p>\n<p>As\u00ed se lo han confirmado a la Plataforma antidesahucios tanto la exministra de Vivienda socialista y secretaria de \u00c1rea de Ordenaci\u00f3n Territorial y Pol\u00edticas P\u00fablicas de Vivienda del PSOE, Beatriz Corredor, y la portavoz de Vivienda del PSOE en el Congreso, Mar Rominguera, reunidas con dirigentes de la PAH.<\/p>\n<p>\u00abVamos a apoyar que se debata, pero <strong>vamos a hacer nuestras propias aportaciones<\/strong>. Creemos que hay cosas en las que la ley se queda corta o no resuelve bien, que hay muchos otros miles de familias a las que esta ley no atiende\u00bb, ha aseverado Corredor.<\/p>\n<p>Seg\u00fan ha explicado, <strong>el PSOE trabaja en iniciativas \u00abm\u00e1s amplias y complementarias\u00bb que la propuesta de la PAH<\/strong>. \u00abVamos a dar nuestro apoyo a que se registre pero no podemos hacerla nuestras, porque tenemos iniciativas propias que no se pueden reducir a lo que dice la ley\u00bb, ha dicho, reivindicando la necesidad de una legislaci\u00f3n estatal en materia de vivienda, ante los reiterados vetos y recursos del Gobierno a leyes auton\u00f3micas, y que \u00abavance en la consolidaci\u00f3n del derecho a la vivienda como derecho vital\u00bb.<\/p>\n<p>Por su parte, Rominguera ha explicado que<strong> creen que la iniciativa \u00abse debe mejorar\u00bb y que detectan aspectos que, incluso, \u00abrayan la inconstitucionalidad\u00bb<\/strong>, pues se\u00f1ala que se incluye la revisi\u00f3n de sentencias firmes, y que la propia regulaci\u00f3n del Tribunal Constitucional limita estos supuestos \u00aba situaciones muy concretas\u00bb.<\/p>\n<p>Otro de los aspectos que rechazan es la ausencia de<strong> \u00abafectados por supresi\u00f3n de pr\u00e9stamos subsidiarios\u00bb<\/strong>. \u00abEste colectivo tiene que estar incluido ah\u00ed, y entendemos que ser\u00eda mejorar el texto. Hace falta trabajar conjuntamente\u00bb, ha dicho.<\/p>\n<p>&nbsp;<\/p>\n<p><strong>Acusa a Pedro S\u00e1nchez de \u00aboportunismo pol\u00edtico\u00bb<\/strong><\/p>\n<p>Por su parte, Luis San Mart\u00edn, portavoz de la plataforma en relaci\u00f3n con la iniciativa legislativa que llevar\u00e1n al Congreso, ha lamentado a Europa Press <strong>haber salido de la reuni\u00f3n \u00absin un compromiso concreto de que la ley entre a debate\u00bb<\/strong> y el rechazo a registrarlo.<\/p>\n<p>La Plataforma<strong> quer\u00eda que el PSOE participase en el registro conjunto de la proposici\u00f3n de ley de vivienda<\/strong> o que al menos se hubiera comprometido por escrito a apoyar su tramitaci\u00f3n parlamentaria. \u00abEn todo momento, la PAH les ha explicado que ser\u00eda se\u00f1al clara y rotunda de que los grupos tienen voluntad de debate, sin impedir propuestas que podr\u00edamos debatir integrar\u00bb, ha dicho.<\/p>\n<p>Respecto a las propuestas rechazadas por el PSOE, ha recordado el apoyo de los socialistas a iniciativas auton\u00f3micas con <strong>\u00abmecanismos contra el sobreendeudamiento que eran retroactivos\u00bb<\/strong>. \u00abDecirnos que no lo apoyan, como PP y Ciudadanos, es alinearse con la banca\u00bb, ha criticado.<\/p>\n<p>\u00abLo que est\u00e1 haciendo el PSOE es <strong>negarse p\u00fablicamente a romper las pol\u00edticas criminales<\/strong> que hemos heredado del PP\u00bb, ha apostillado, subrayando que esta situaci\u00f3n ha sido \u00abdenunciada\u00bb por el Tribunal de Justicia de la Uni\u00f3n Europea y por parte de la Comisi\u00f3n de Derechos Humanos de la ONU.<\/p>\n<p>&nbsp;<\/p>\n<p><strong>S\u00e1nchez lo prometi\u00f3 en primarias<\/strong><\/p>\n<p>En este sentido, ha recordado que existen \u00abvoces internas desde el PSOE\u00bb que <strong>demandan el debate de esta ley y el compromiso del propio secretario general, Pedro S\u00e1nchez<\/strong>, durante el proceso de primarias. \u00abNos demuestra que el acto que realiz\u00f3 a apoyarla fue un acto de claro oportunismo pol\u00edtico que en ning\u00fan momento estaba pensando en las familias, que cada d\u00eda tienen que enfrentarse a un desahucio o a perder la luz\u00bb, ha dicho.<\/p>\n<p>\u00abAl final, pretenden que nos quedemos confiadas, pero todas las victorias que hemos arrancado <strong>han sido realizando movilizaciones p\u00fablicas y exigiendo posicionamientos p\u00fablicos<\/strong> a los grupos. La clase de posicionamientos que el PSOE se ha negado a hacer y que era de m\u00ednimos\u00bb, ha aseverado.<\/p>\n<\/div>\n<\/div>\n","protected":false},"excerpt":{"rendered":"<p>El PSOE se ha comprometido a apoyar la tramitaci\u00f3n de la  ley de vivienda de la PAH. Sin embargo, ha advertido que presentar\u00e1 propuestas.<\/p>\n","protected":false},"author":3,"featured_media":25424,"comment_status":"open","ping_status":"closed","sticky":false,"template":"","format":"standard","meta":{"_lmt_disableupdate":"yes","_lmt_disable":"","footnotes":""},"categories":[6],"tags":[1669,1460,2015],"class_list":["post-25422","post","type-post","status-publish","format-standard","has-post-thumbnail","hentry","category-hipotecas-finanzas","tag-convenio-antidesahucios","tag-ley-antidesahucios","tag-pah"],"modified_by":"Albert PC","_links":{"self":[{"href":"https:\/\/www.fotocasa.es\/fotocasa-life\/wp-json\/wp\/v2\/posts\/25422","targetHints":{"allow":["GET"]}}],"collection":[{"href":"https:\/\/www.fotocasa.es\/fotocasa-life\/wp-json\/wp\/v2\/posts"}],"about":[{"href":"https:\/\/www.fotocasa.es\/fotocasa-life\/wp-json\/wp\/v2\/types\/post"}],"author":[{"embeddable":true,"href":"https:\/\/www.fotocasa.es\/fotocasa-life\/wp-json\/wp\/v2\/users\/3"}],"replies":[{"embeddable":true,"href":"https:\/\/www.fotocasa.es\/fotocasa-life\/wp-json\/wp\/v2\/comments?post=25422"}],"version-history":[{"count":0,"href":"https:\/\/www.fotocasa.es\/fotocasa-life\/wp-json\/wp\/v2\/posts\/25422\/revisions"}],"wp:featuredmedia":[{"embeddable":true,"href":"https:\/\/www.fotocasa.es\/fotocasa-life\/wp-json\/wp\/v2\/media\/25424"}],"wp:attachment":[{"href":"https:\/\/www.fotocasa.es\/fotocasa-life\/wp-json\/wp\/v2\/media?parent=25422"}],"wp:term":[{"taxonomy":"category","embeddable":true,"href":"https:\/\/www.fotocasa.es\/fotocasa-life\/wp-json\/wp\/v2\/categories?post=25422"},{"taxonomy":"post_tag","embeddable":true,"href":"https:\/\/www.fotocasa.es\/fotocasa-life\/wp-json\/wp\/v2\/tags?post=25422"}],"curies":[{"name":"wp","href":"https:\/\/api.w.org\/{rel}","templated":true}]}}