{"id":25097,"date":"2017-11-15T12:32:16","date_gmt":"2017-11-15T10:32:16","guid":{"rendered":"https:\/\/www.fotocasa.es\/fotocasa-life\/?p=25097"},"modified":"2020-11-27T13:39:49","modified_gmt":"2020-11-27T12:39:49","slug":"rajoy-revisara-al-alza-la-prevision-de-pib-hasta-el-28-o-3-si-vuelve-la-normalidad-a-cataluna","status":"publish","type":"post","link":"https:\/\/www.fotocasa.es\/fotocasa-life\/hipotecas-finanzas\/rajoy-revisara-al-alza-la-prevision-de-pib-hasta-el-28-o-3-si-vuelve-la-normalidad-a-cataluna\/","title":{"rendered":"Rajoy revisar\u00e1 al alza la previsi\u00f3n de PIB, hasta el 2,8% o 3%, si vuelve la normalidad a Catalu\u00f1a"},"content":{"rendered":"<p>El presidente del Gobierno, Mariano Rajoy, ha afirmado este martes que, si a partir de enero vuelve la normalidad a <a href=\"https:\/\/www.fotocasa.es\/fotocasa-life\/hipotecas-finanzas\/bbva-research-no-descarta-elevar-la-prevision-pib-2018-la-incertidumbre-cataluna-acaba-pronto\/\">Catalu\u00f1a<\/a>, <strong>se elevar\u00e1 entre cinco y siete d\u00e9cimas la previsi\u00f3n de crecimiento del PIB para 2018<\/strong>, hasta una banda de entre el 2,8% y el 3%, y se crear\u00e1n m\u00e1s de medio mill\u00f3n de empleos.<\/p>\n<p>En declaraciones a la cadena Cope, Rajoy ha explicado que, de volverse a la normalidad tras las elecciones en Catalu\u00f1a del pr\u00f3ximo 21 de diciembre, <strong>se revisar\u00e1 al alza la previsi\u00f3n de crecimiento econ\u00f3mico para 2018<\/strong>, que fue rebajada desde el 2,6% hasta el 2,3% precisamente por la crisis en Catalu\u00f1a.<\/p>\n","protected":false},"excerpt":{"rendered":"<p>Si la normalidad regresa a Catalu\u00f1a, dice el presidente Mariano Rajoy, la previsi\u00f3n del PIB se elevar\u00e1 hasta el hasta el 2,8% o 3%.<\/p>\n","protected":false},"author":3,"featured_media":23727,"comment_status":"open","ping_status":"closed","sticky":false,"template":"","format":"standard","meta":{"_lmt_disableupdate":"yes","_lmt_disable":"","footnotes":""},"categories":[6],"tags":[2567,449,195],"class_list":["post-25097","post","type-post","status-publish","format-standard","has-post-thumbnail","hentry","category-hipotecas-finanzas","tag-cataluna","tag-gobierno-de-espana","tag-pib"],"modified_by":"Albert PC","_links":{"self":[{"href":"https:\/\/www.fotocasa.es\/fotocasa-life\/wp-json\/wp\/v2\/posts\/25097","targetHints":{"allow":["GET"]}}],"collection":[{"href":"https:\/\/www.fotocasa.es\/fotocasa-life\/wp-json\/wp\/v2\/posts"}],"about":[{"href":"https:\/\/www.fotocasa.es\/fotocasa-life\/wp-json\/wp\/v2\/types\/post"}],"author":[{"embeddable":true,"href":"https:\/\/www.fotocasa.es\/fotocasa-life\/wp-json\/wp\/v2\/users\/3"}],"replies":[{"embeddable":true,"href":"https:\/\/www.fotocasa.es\/fotocasa-life\/wp-json\/wp\/v2\/comments?post=25097"}],"version-history":[{"count":0,"href":"https:\/\/www.fotocasa.es\/fotocasa-life\/wp-json\/wp\/v2\/posts\/25097\/revisions"}],"wp:featuredmedia":[{"embeddable":true,"href":"https:\/\/www.fotocasa.es\/fotocasa-life\/wp-json\/wp\/v2\/media\/23727"}],"wp:attachment":[{"href":"https:\/\/www.fotocasa.es\/fotocasa-life\/wp-json\/wp\/v2\/media?parent=25097"}],"wp:term":[{"taxonomy":"category","embeddable":true,"href":"https:\/\/www.fotocasa.es\/fotocasa-life\/wp-json\/wp\/v2\/categories?post=25097"},{"taxonomy":"post_tag","embeddable":true,"href":"https:\/\/www.fotocasa.es\/fotocasa-life\/wp-json\/wp\/v2\/tags?post=25097"}],"curies":[{"name":"wp","href":"https:\/\/api.w.org\/{rel}","templated":true}]}}