{"id":2494,"date":"2014-07-14T14:52:55","date_gmt":"2014-07-14T12:52:55","guid":{"rendered":"https:\/\/www.fotocasa.es\/fotocasa-life\/?p=2494"},"modified":"2022-11-03T11:42:06","modified_gmt":"2022-11-03T10:42:06","slug":"la-venta-la-villa-mas-cara-de-mallorca-en-la-que-se-alojo-lady-di","status":"publish","type":"post","link":"https:\/\/www.fotocasa.es\/fotocasa-life\/compraventa\/la-venta-la-villa-mas-cara-de-mallorca-en-la-que-se-alojo-lady-di\/","title":{"rendered":"A la venta la villa m\u00e1s cara de Mallorca, en la que se aloj\u00f3 Lady Di"},"content":{"rendered":"<p><strong>Castillo Mallorca<\/strong>, el refugio de Lady Di en las baleares se vende por 38 millones de euros. La villa en primera l\u00ednea de playa m\u00e1s cara de la isla se encuentra en una de las zonas m\u00e1s exclusivas de Espa\u00f1a, donde algunas propiedades han alcanzado un precio de venta de 27.000 \u20ac\/m2.<\/p>\n<p><\/p>\n<div id=\"attachment_2501\" style=\"width: 686px\" class=\"wp-caption alignnone\"><a href=\"https:\/\/www.fotocasa.es\/fotocasa-life\/wp-content\/uploads\/2014\/07\/castillo-mallorca_6.jpg\"><img loading=\"lazy\" decoding=\"async\" aria-describedby=\"caption-attachment-2501\" class=\"size-full wp-image-2501\" src=\"https:\/\/www.fotocasa.es\/fotocasa-life\/wp-content\/uploads\/2014\/07\/castillo-mallorca_6.jpg\" alt=\"castillo mallorca\" width=\"676\" height=\"376\" title=\"-\" srcset=\"https:\/\/www.fotocasa.es\/fotocasa-life\/wp-content\/uploads\/2014\/07\/castillo-mallorca_6.jpg 676w, https:\/\/www.fotocasa.es\/fotocasa-life\/wp-content\/uploads\/2014\/07\/castillo-mallorca_6-300x167.jpg 300w, https:\/\/www.fotocasa.es\/fotocasa-life\/wp-content\/uploads\/2014\/07\/castillo-mallorca_6-150x83.jpg 150w\" sizes=\"auto, (max-width: 676px) 100vw, 676px\" \/><\/a><p id=\"caption-attachment-2501\" class=\"wp-caption-text\">Foto: Engel &amp; V\u00f6lkers<\/p><\/div>\n<p><strong>Engel &amp; V\u00f6lkers<\/strong>, la inmobiliaria alemana de alto standing, comercializa este paradis\u00edaco inmueble, situado en Puerto de Andratx, a tan solo 20 minutos de Palma. Se trata de una de las residencias m\u00e1s espectaculares del Mediterr\u00e1neo, al contar con unas vistas inigualables sobre el mar y la isla Dragonera.<\/p>\n<p>&nbsp;<\/p>\n<p><\/p>\n<div id=\"attachment_2498\" style=\"width: 686px\" class=\"wp-caption alignnone\"><a href=\"https:\/\/www.fotocasa.es\/fotocasa-life\/wp-content\/uploads\/2014\/07\/castillo-mallorca_3.jpg\"><img loading=\"lazy\" decoding=\"async\" aria-describedby=\"caption-attachment-2498\" class=\"wp-image-2498 size-full\" src=\"https:\/\/www.fotocasa.es\/fotocasa-life\/wp-content\/uploads\/2014\/07\/castillo-mallorca_3.jpg\" alt=\"castillo mallorca\" width=\"676\" height=\"376\" title=\"-\" srcset=\"https:\/\/www.fotocasa.es\/fotocasa-life\/wp-content\/uploads\/2014\/07\/castillo-mallorca_3.jpg 676w, https:\/\/www.fotocasa.es\/fotocasa-life\/wp-content\/uploads\/2014\/07\/castillo-mallorca_3-300x167.jpg 300w, https:\/\/www.fotocasa.es\/fotocasa-life\/wp-content\/uploads\/2014\/07\/castillo-mallorca_3-150x83.jpg 150w\" sizes=\"auto, (max-width: 676px) 100vw, 676px\" \/><\/a><p id=\"caption-attachment-2498\" class=\"wp-caption-text\">Foto: Engel &amp; V\u00f6lkers<\/p><\/div>\n<p>Entre sus hu\u00e9spedes, ha albergado a personajes de la talla de Lady Diana -antes de convertirse en princesa de Gales- y del ex presidente alem\u00e1n Christian Wulff, entre otros.<\/p>\n<p>&nbsp;<\/p>\n<p><\/p>\n<div id=\"attachment_2500\" style=\"width: 686px\" class=\"wp-caption alignnone\"><a href=\"https:\/\/www.fotocasa.es\/fotocasa-life\/wp-content\/uploads\/2014\/07\/castillo-mallorca_5.jpg\"><img loading=\"lazy\" decoding=\"async\" aria-describedby=\"caption-attachment-2500\" class=\"size-full wp-image-2500\" src=\"https:\/\/www.fotocasa.es\/fotocasa-life\/wp-content\/uploads\/2014\/07\/castillo-mallorca_5.jpg\" alt=\"castillo mallorca\" width=\"676\" height=\"376\" title=\"-\" srcset=\"https:\/\/www.fotocasa.es\/fotocasa-life\/wp-content\/uploads\/2014\/07\/castillo-mallorca_5.jpg 676w, https:\/\/www.fotocasa.es\/fotocasa-life\/wp-content\/uploads\/2014\/07\/castillo-mallorca_5-300x167.jpg 300w, https:\/\/www.fotocasa.es\/fotocasa-life\/wp-content\/uploads\/2014\/07\/castillo-mallorca_5-150x83.jpg 150w\" sizes=\"auto, (max-width: 676px) 100vw, 676px\" \/><\/a><p id=\"caption-attachment-2500\" class=\"wp-caption-text\">Foto: Engel &amp; V\u00f6lkers<\/p><\/div>\n<p>La finca, que cuenta con una superficie construida de 1.400 m2 en una parcela de 6.000 m2, posee una gruta privada desde la que se puede contemplar una de las mejores puestas de sol de la isla.<\/p>\n<p>&nbsp;<\/p>\n<p><\/p>\n<div id=\"attachment_2503\" style=\"width: 686px\" class=\"wp-caption alignnone\"><a href=\"https:\/\/www.fotocasa.es\/fotocasa-life\/wp-content\/uploads\/2014\/07\/castillo-mallorca_8.jpg\"><img loading=\"lazy\" decoding=\"async\" aria-describedby=\"caption-attachment-2503\" class=\"size-full wp-image-2503\" src=\"https:\/\/www.fotocasa.es\/fotocasa-life\/wp-content\/uploads\/2014\/07\/castillo-mallorca_8.jpg\" alt=\"castillo mallorca\" width=\"676\" height=\"376\" title=\"-\" srcset=\"https:\/\/www.fotocasa.es\/fotocasa-life\/wp-content\/uploads\/2014\/07\/castillo-mallorca_8.jpg 676w, https:\/\/www.fotocasa.es\/fotocasa-life\/wp-content\/uploads\/2014\/07\/castillo-mallorca_8-300x167.jpg 300w, https:\/\/www.fotocasa.es\/fotocasa-life\/wp-content\/uploads\/2014\/07\/castillo-mallorca_8-150x83.jpg 150w\" sizes=\"auto, (max-width: 676px) 100vw, 676px\" \/><\/a><p id=\"caption-attachment-2503\" class=\"wp-caption-text\">Foto: Engel &amp; V\u00f6lkers<\/p><\/div>\n<p>Se compone de una impresionante casa principal, con la zona de <a title=\"Piscinas: tipos, materiales y mantenimiento\" href=\"https:\/\/www.fotocasa.es\/fotocasa-life\/decoracion\/piscinas-tipos-materiales-y-mantenimiento\/\"><strong>piscina<\/strong><\/a> perfectamente integrada, una se\u00f1orial casa de invitados, preciosos jardines y una gran variedad de terrazas.<\/p>\n<p>&nbsp;<\/p>\n<p><\/p>\n<div id=\"attachment_2497\" style=\"width: 686px\" class=\"wp-caption alignnone\"><a href=\"https:\/\/www.fotocasa.es\/fotocasa-life\/wp-content\/uploads\/2014\/07\/castillo-mallorca_2.jpg\"><img loading=\"lazy\" decoding=\"async\" aria-describedby=\"caption-attachment-2497\" class=\"size-full wp-image-2497\" src=\"https:\/\/www.fotocasa.es\/fotocasa-life\/wp-content\/uploads\/2014\/07\/castillo-mallorca_2.jpg\" alt=\"castillo mallorca\" width=\"676\" height=\"376\" title=\"-\" srcset=\"https:\/\/www.fotocasa.es\/fotocasa-life\/wp-content\/uploads\/2014\/07\/castillo-mallorca_2.jpg 676w, https:\/\/www.fotocasa.es\/fotocasa-life\/wp-content\/uploads\/2014\/07\/castillo-mallorca_2-300x167.jpg 300w, https:\/\/www.fotocasa.es\/fotocasa-life\/wp-content\/uploads\/2014\/07\/castillo-mallorca_2-150x83.jpg 150w\" sizes=\"auto, (max-width: 676px) 100vw, 676px\" \/><\/a><p id=\"caption-attachment-2497\" class=\"wp-caption-text\">Foto: Engel &amp; V\u00f6lkers<\/p><\/div>\n<p>El inmueble principal cuenta con tres dormitorios en suite, un amplio sal\u00f3n, una gran cocina y un comedor, una sala de billar, sauna, una zona de fitness y un piano lounge.<\/p>\n<p>&nbsp;<\/p>\n<p><\/p>\n<div id=\"attachment_2504\" style=\"width: 686px\" class=\"wp-caption alignnone\"><a href=\"https:\/\/www.fotocasa.es\/fotocasa-life\/wp-content\/uploads\/2014\/07\/castillo-mallorca_9.jpg\"><img loading=\"lazy\" decoding=\"async\" aria-describedby=\"caption-attachment-2504\" class=\"size-full wp-image-2504\" src=\"https:\/\/www.fotocasa.es\/fotocasa-life\/wp-content\/uploads\/2014\/07\/castillo-mallorca_9.jpg\" alt=\"castillo mallorca\" width=\"676\" height=\"376\" title=\"-\" srcset=\"https:\/\/www.fotocasa.es\/fotocasa-life\/wp-content\/uploads\/2014\/07\/castillo-mallorca_9.jpg 676w, https:\/\/www.fotocasa.es\/fotocasa-life\/wp-content\/uploads\/2014\/07\/castillo-mallorca_9-300x167.jpg 300w, https:\/\/www.fotocasa.es\/fotocasa-life\/wp-content\/uploads\/2014\/07\/castillo-mallorca_9-150x83.jpg 150w\" sizes=\"auto, (max-width: 676px) 100vw, 676px\" \/><\/a><p id=\"caption-attachment-2504\" class=\"wp-caption-text\">Foto: Engel &amp; V\u00f6lkers<\/p><\/div>\n<p>Destaca la suite \u201cLady Di\u201d, en la que la \u201cprincesa de corazones\u201d se aloj\u00f3 durante sus <a title=\"Trueques: c\u00f3mo irse de vacaciones gratis (o casi)\" href=\"https:\/\/www.fotocasa.es\/fotocasa-life\/alquiler\/trueques-como-irse-de-vacaciones-gratis-o-casi\/\"><strong>vacaciones<\/strong><\/a>. Por su parte, la casa de invitados posee tres dormitorios y un apartamento independiente.<\/p>\n<p>&nbsp;<\/p>\n<p><\/p>\n<div id=\"attachment_2506\" style=\"width: 686px\" class=\"wp-caption alignnone\"><a href=\"https:\/\/www.fotocasa.es\/fotocasa-life\/wp-content\/uploads\/2014\/07\/castillo-mallorca_11.jpg\"><img loading=\"lazy\" decoding=\"async\" aria-describedby=\"caption-attachment-2506\" class=\"wp-image-2506 size-full\" src=\"https:\/\/www.fotocasa.es\/fotocasa-life\/wp-content\/uploads\/2014\/07\/castillo-mallorca_11.jpg\" alt=\"castillo mallorca \" width=\"676\" height=\"376\" title=\"-\" srcset=\"https:\/\/www.fotocasa.es\/fotocasa-life\/wp-content\/uploads\/2014\/07\/castillo-mallorca_11.jpg 676w, https:\/\/www.fotocasa.es\/fotocasa-life\/wp-content\/uploads\/2014\/07\/castillo-mallorca_11-300x167.jpg 300w, https:\/\/www.fotocasa.es\/fotocasa-life\/wp-content\/uploads\/2014\/07\/castillo-mallorca_11-150x83.jpg 150w\" sizes=\"auto, (max-width: 676px) 100vw, 676px\" \/><\/a><p id=\"caption-attachment-2506\" class=\"wp-caption-text\">Foto: Engel &amp; V\u00f6lkers<\/p><\/div>\n<p>Desde tierra se accede por un portal\u00f3n de madera con herrajes que recuerda a una fortaleza hist\u00f3rica y posee tres accesos privados desde el mar que incluye un embarcadero para yates de hasta 30 metros de eslora.<\/p>\n<p><\/p>\n","protected":false},"excerpt":{"rendered":"<p>Castillo Mallorca, el refugio de Lady Di en las baleares se vende por 38 millones de euros. La villa en primera l\u00ednea de playa m\u00e1s cara de la isla se encuentra en una de las zonas m\u00e1s exclusivas de Espa\u00f1a, donde algunas propiedades han alcanzado un precio de venta de 27.000 \u20ac\/m2. Engel &amp; V\u00f6lkers,&#8230;<\/p>\n","protected":false},"author":3,"featured_media":2495,"comment_status":"open","ping_status":"open","sticky":false,"template":"","format":"standard","meta":{"_lmt_disableupdate":"yes","_lmt_disable":"","footnotes":""},"categories":[3],"tags":[659],"class_list":["post-2494","post","type-post","status-publish","format-standard","has-post-thumbnail","hentry","category-compraventa","tag-casas-de-lujo"],"modified_by":"Agustina Battioli","_links":{"self":[{"href":"https:\/\/www.fotocasa.es\/fotocasa-life\/wp-json\/wp\/v2\/posts\/2494","targetHints":{"allow":["GET"]}}],"collection":[{"href":"https:\/\/www.fotocasa.es\/fotocasa-life\/wp-json\/wp\/v2\/posts"}],"about":[{"href":"https:\/\/www.fotocasa.es\/fotocasa-life\/wp-json\/wp\/v2\/types\/post"}],"author":[{"embeddable":true,"href":"https:\/\/www.fotocasa.es\/fotocasa-life\/wp-json\/wp\/v2\/users\/3"}],"replies":[{"embeddable":true,"href":"https:\/\/www.fotocasa.es\/fotocasa-life\/wp-json\/wp\/v2\/comments?post=2494"}],"version-history":[{"count":0,"href":"https:\/\/www.fotocasa.es\/fotocasa-life\/wp-json\/wp\/v2\/posts\/2494\/revisions"}],"wp:featuredmedia":[{"embeddable":true,"href":"https:\/\/www.fotocasa.es\/fotocasa-life\/wp-json\/wp\/v2\/media\/2495"}],"wp:attachment":[{"href":"https:\/\/www.fotocasa.es\/fotocasa-life\/wp-json\/wp\/v2\/media?parent=2494"}],"wp:term":[{"taxonomy":"category","embeddable":true,"href":"https:\/\/www.fotocasa.es\/fotocasa-life\/wp-json\/wp\/v2\/categories?post=2494"},{"taxonomy":"post_tag","embeddable":true,"href":"https:\/\/www.fotocasa.es\/fotocasa-life\/wp-json\/wp\/v2\/tags?post=2494"}],"curies":[{"name":"wp","href":"https:\/\/api.w.org\/{rel}","templated":true}]}}