{"id":24888,"date":"2017-11-08T17:08:22","date_gmt":"2017-11-08T15:08:22","guid":{"rendered":"https:\/\/www.fotocasa.es\/fotocasa-life\/?p=24888"},"modified":"2020-11-27T13:39:59","modified_gmt":"2020-11-27T12:39:59","slug":"el-congreso-reclama-al-gobierno-los-datos-de-cada-solicitud-de-devolucion-de-clausula-suelo-denegada","status":"publish","type":"post","link":"https:\/\/www.fotocasa.es\/fotocasa-life\/hipotecas-finanzas\/el-congreso-reclama-al-gobierno-los-datos-de-cada-solicitud-de-devolucion-de-clausula-suelo-denegada\/","title":{"rendered":"El Congreso reclama al Gobierno los datos de cada solicitud de devoluci\u00f3n de cl\u00e1usula suelo denegada"},"content":{"rendered":"<p>El Pleno del Congreso ha aprobado una enmienda transaccional del PSOE y Ciudadanos en la que <strong>insta al Gobierno a presentar los datos del proceso extrajudicial de devoluci\u00f3n de <a href=\"https:\/\/www.fotocasa.es\/fotocasa-life\/hipotecas-finanzas\/csif-alerta-del-colapso-los-juzgados-clausulas-suelo\/\">cl\u00e1usulas suelo<\/a><\/strong>, incluyendo los datos de cada solicitud \u00abdebidamente desglosada\u00bb, tanto las que han llegado a acuerdo como las que no.<\/p>\n<p>La iniciativa, que se deriva de sendas iniciativas de estos grupos para profundizar la normativa referida a segunda oportunidad, ha sido respaldada por PSOE, Ciudadanos, PDeCAT, PNV, UPN, Coalici\u00f3n Canaria y Nueva Canarias. PP, Unidos Podemos-En Com\u00fa Podem-En Marea, Esquerra Republicana, Comprom\u00eds y Bildu <strong>han optado por abstenerse.<\/strong><\/p>\n<p>En la iniciativa se insta al Gobierno a remitir a la Comisi\u00f3n de Econom\u00eda, Industria y Competitividad del Congreso el <strong>n\u00famero de solicitudes presentadas y el importe correspondiente de las solicitudes,<\/strong> tanto las que han terminado con acuerdo y las que no ha sido posible llegar a tal acuerdo, as\u00ed como los motivos.<\/p>\n<p>Asimismo, tambi\u00e9n pide conocer <strong>el n\u00famero e importe de las medidas compensatorias distintas de la devoluci\u00f3n del efectivo<\/strong> que los bancos hayan ofrecido a los consumidores, tanto las que han terminado con acuerdo como las que no ha sido posible llegar a tal acuerdo.<\/p>\n<p>&nbsp;<\/p>\n<p><strong>Reforma de la ley concursal para reforzar la segunda oportunidad<\/strong><\/p>\n<p>Por otro lado, la iniciativa tambi\u00e9n llama al Gobierno a presentar, en un plazo m\u00e1ximo de seis meses, <strong>una propuesta de reforma de la Ley Concursal<\/strong>, con el fin de \u00abreforzar el mecanismo de segunda oportunidad para todas las familias y deudores personas naturales en situaci\u00f3n de insolvencia\u00bb.<\/p>\n<p>En esta reforma, el Congreso pide que se permita que las deudas con Hacienda y la Seguridad Social<strong> puedan negociarse en el acuerdo extrajudicial de pagos<\/strong> y ser exoneradas del pasivo insatisfecho del deudor, \u00abcon la m\u00e1xima seguridad jur\u00eddica y siguiendo criterios t\u00e9cnicos\u00bb.<\/p>\n<p>Por otro lado, tambi\u00e9n piden equiparar los porcentajes de voto necesarios para <strong>aprobar un acuerdo extrajudicial de pagos de las personas naturales<\/strong> a los requeridos para la formalizaci\u00f3n del convenio en los concursos de acreedores, y revisar los requisitos para acceder a la exoneraci\u00f3n del pasivo insatisfecho.<\/p>\n<p>Asimismo, el Congreso reclama eliminar el per\u00edodo de cinco a\u00f1os durante el cual las <strong>deudas exoneradas puedan volver a ser reclamadas<\/strong> por los acreedores, \u00abcon las salvaguardas necesarias para que solo puedan beneficiarse de este mecanismo los deudores que hayan actuado con buena fe\u00bb.<\/p>\n<p>Asimismo, pide flexibilizar \u00abcon las salvaguardas adecuadas\u00bb los requisitos para que los deudores \u00abm\u00e1s vulnerables\u00bb <strong>puedan cancelar sus deudas mediante la daci\u00f3n en pago de su vivienda habitual<\/strong>, manteniendo el derecho a permanecer en su vivienda durante tres a\u00f1os, con un alquiler que no superar\u00eda el 30% de los ingresos de la unidad familiar del deudor.<\/p>\n<p>&nbsp;<\/p>\n<p><strong>M\u00e1s facilidades para quitas de deuda<\/strong><\/p>\n<p>La iniciativa aprobada tambi\u00e9n pide que cuando se produzca la ejecuci\u00f3n de garant\u00eda real sobre vivienda habitual del deudor,<strong> la tasaci\u00f3n del bien no sea inferior a la tasaci\u00f3n<\/strong> en el momento de la concesi\u00f3n del pr\u00e9stamo y establecer como m\u00e1ximo un plazo de tres a\u00f1os para controlar la exoneraci\u00f3n definitiva del pasivo insatisfecho en caso de peque\u00f1as empresas y personas naturales empresarios.<\/p>\n<p>Adem\u00e1s, tambi\u00e9n aboga por <strong>declarar inembargables las ayudas, prestaciones y subvenciones,<\/strong> como la prestaci\u00f3n de desempleo y facultar al juez para acordar de oficio la exoneraci\u00f3n de pasivo insatisfecho de persona natural, sin que esta la solicite y pueda valorarse la actitud y grado de cumplimiento de los deberes legales de pr\u00e9stamo responsable del acreedor.<\/p>\n<p>Por \u00faltimo, tambi\u00e9n pide que cuando el deudor tenga, al menos, un menor de edad o persona en situaci\u00f3n de dependencia a su cargo, y no cuente con bienes ni ingresos que permitan satisfacer una deuda, <strong>se declare la exoneraci\u00f3n definitiva del pasivo insatisfecho<\/strong>, una vez haya destinado para saldar su deuda al menos la cuarta parte de los ingresos percibidos durante un plazo determinado.<\/p>\n","protected":false},"excerpt":{"rendered":"<p>El Congreso quiere conocer los datos de cada solicitud de devoluci\u00f3n de cl\u00e1usula suelo denegada. Y los ha solicitado al Gobierno.<\/p>\n","protected":false},"author":3,"featured_media":18686,"comment_status":"open","ping_status":"closed","sticky":false,"template":"","format":"standard","meta":{"_lmt_disableupdate":"yes","_lmt_disable":"","footnotes":""},"categories":[6],"tags":[46,47],"class_list":["post-24888","post","type-post","status-publish","format-standard","has-post-thumbnail","hentry","category-hipotecas-finanzas","tag-clausulas-abusivas","tag-clausulas-suelo"],"modified_by":"Albert PC","_links":{"self":[{"href":"https:\/\/www.fotocasa.es\/fotocasa-life\/wp-json\/wp\/v2\/posts\/24888","targetHints":{"allow":["GET"]}}],"collection":[{"href":"https:\/\/www.fotocasa.es\/fotocasa-life\/wp-json\/wp\/v2\/posts"}],"about":[{"href":"https:\/\/www.fotocasa.es\/fotocasa-life\/wp-json\/wp\/v2\/types\/post"}],"author":[{"embeddable":true,"href":"https:\/\/www.fotocasa.es\/fotocasa-life\/wp-json\/wp\/v2\/users\/3"}],"replies":[{"embeddable":true,"href":"https:\/\/www.fotocasa.es\/fotocasa-life\/wp-json\/wp\/v2\/comments?post=24888"}],"version-history":[{"count":0,"href":"https:\/\/www.fotocasa.es\/fotocasa-life\/wp-json\/wp\/v2\/posts\/24888\/revisions"}],"wp:featuredmedia":[{"embeddable":true,"href":"https:\/\/www.fotocasa.es\/fotocasa-life\/wp-json\/wp\/v2\/media\/18686"}],"wp:attachment":[{"href":"https:\/\/www.fotocasa.es\/fotocasa-life\/wp-json\/wp\/v2\/media?parent=24888"}],"wp:term":[{"taxonomy":"category","embeddable":true,"href":"https:\/\/www.fotocasa.es\/fotocasa-life\/wp-json\/wp\/v2\/categories?post=24888"},{"taxonomy":"post_tag","embeddable":true,"href":"https:\/\/www.fotocasa.es\/fotocasa-life\/wp-json\/wp\/v2\/tags?post=24888"}],"curies":[{"name":"wp","href":"https:\/\/api.w.org\/{rel}","templated":true}]}}