{"id":24655,"date":"2017-10-30T13:14:18","date_gmt":"2017-10-30T11:14:18","guid":{"rendered":"https:\/\/www.fotocasa.es\/fotocasa-life\/?p=24655"},"modified":"2020-11-27T13:40:12","modified_gmt":"2020-11-27T12:40:12","slug":"el-pib-modera-su-crecimiento-al-08-en-el-tercer-trimestre-y-mantiene-la-tasa-interanual-en-el-31","status":"publish","type":"post","link":"https:\/\/www.fotocasa.es\/fotocasa-life\/hipotecas-finanzas\/el-pib-modera-su-crecimiento-al-08-en-el-tercer-trimestre-y-mantiene-la-tasa-interanual-en-el-31\/","title":{"rendered":"El PIB modera su crecimiento al 0,8% en el tercer trimestre y mantiene la tasa interanual en el 3,1%"},"content":{"rendered":"<p><strong>La econom\u00eda espa\u00f1ola creci\u00f3 un 0,8% en el tercer trimestre del a\u00f1o<\/strong>, una d\u00e9cima menos que en el trimestre anterior, seg\u00fan el avance de datos de la Contabilidad Nacional Trimestral publicado este lunes por el Instituto Nacional de Estad\u00edstica (INE).<\/p>\n<p>Por su parte, <strong>la tasa interanual del <a href=\"https:\/\/www.fotocasa.es\/fotocasa-life\/hipotecas-finanzas\/el-gobierno-baja-al-23-su-prevision-de-alza-del-pib-en-2018-y-eleva-al-23-el-deficit-por-cataluna\/\">PIB<\/a> se mantuvo en el 3,1%<\/strong> en el tercer trimestre y ya acumula diez trimestres consecutivos creciendo a tasas del 3% o superiores.<\/p>\n<p><strong>La tasa trimestral del 0,8% registrada entre julio y septiembre<\/strong> coincide con la estimaci\u00f3n realizada por el Banco de Espa\u00f1a y con los c\u00e1lculos del Ministerio de Econom\u00eda. Estos datos del INE son a\u00fan provisionales y se conocer\u00e1n a nivel desagregado el pr\u00f3ximo 30 de noviembre.<\/p>\n<p>Con el crecimiento del 0,8% registrado en el tercer trimestre se acumulan ya<strong> 16 trimestres consecutivos de avances.<\/strong> La tasa interanual, por su parte, acumula 15 trimestres en positivo, los \u00faltimos diez registrando valores iguales o superiores al 3%.<\/p>\n<p>&nbsp;<\/p>\n<p><strong>Dinamismo de la demanda nacional<\/strong><\/p>\n<p>En su \u00faltimo informe de previsiones, el Banco de Espa\u00f1a estimaba que<strong> la econom\u00eda espa\u00f1ola creci\u00f3 a un ritmo \u00abelevado\u00bb en el tercer trimestre del a\u00f1o<\/strong>, con un repunte del PIB del 0,8%, una d\u00e9cima menos que en el trimestre anterior. Este menor crecimiento, apuntaba, se debe a la moderaci\u00f3n de los ritmos de creaci\u00f3n de empleo y de los flujos comerciales netos, tras su comportamiento especialmente favorable al inicio de la primavera.<\/p>\n<p>Con todo, el Banco de Espa\u00f1a manten\u00eda que el PIB crecer\u00e1 este a\u00f1o un 3,1%, la misma previsi\u00f3n que ha realizado el Gobierno, aunque se moderar\u00e1 al 2,5% en 2018 y al 2,2% en 2019. <strong>El Ejecutivo, por su parte, no ha movido su previsi\u00f3n para este a\u00f1o (3,1%)<\/strong>, pero s\u00ed ha revisado a la baja la de 2018, hasta el 2,3%, por la crisis pol\u00edtica catalana.<\/p>\n<p>El Banco de Espa\u00f1a afirmaba en su<strong> informe de previsiones que el \u00abprogresivo agotamiento\u00bb del efecto expansivo<\/strong> como consecuencia de la materializaci\u00f3n de las decisiones de gasto en bienes de consumo duradero y la inversi\u00f3n pospuestas durante la crisis, junto con el tono neutral de la pol\u00edtica fiscal, frente a la orientaci\u00f3n expansiva de a\u00f1os anteriores, y la reversi\u00f3n parcial de la ca\u00edda del precio del petr\u00f3leo har\u00e1n que el PIB se vaya desacelerando entre 2017 y 2019.<\/p>\n<p>Seg\u00fan la autoridad monetaria, <strong>el crecimiento de la econom\u00eda seguir\u00e1 sustent\u00e1ndose en el \u00abdinamismo\u00bb de la demanda nacional apoyada<\/strong>, a su vez, en la mejora de la posici\u00f3n patrimonial de los agentes privados y en las condiciones financieras favorables. En concreto, crecer\u00e1 un 2,5% en 2017, y se desacelerar\u00e1 al 2,2% en 2018 y al 1,9% en 2019, al tiempo que el consumo privado seguir\u00e1 apoy\u00e1ndose en la \u00abrobustez\u00bb del proceso de creaci\u00f3n de empleo.<\/p>\n<p>&nbsp;<\/p>\n<p><strong>Las exportaciones crecer\u00e1n menos<\/strong><\/p>\n<p>En cuanto al sector exterior,<strong> el Banco de Espa\u00f1a calcula que su contribuci\u00f3n al PIB ser\u00e1 del 0,6% este a\u00f1o y del 0,3% tanto en 2018 como en 2019<\/strong>, a pesar de que ha revisado a la baja el crecimiento de las exportaciones que, no obstante, crecer\u00e1n un 6,4% en 2017, un 4,6% en 2018 y un 4,5% en 2019.<\/p>\n<p>Tambi\u00e9n es menor el crecimiento<strong> proyectado para las importaciones<\/strong>, que repuntar\u00e1n un 5% este a\u00f1o, un 4,1% al a\u00f1o siguiente y un 4,2% en 2019. Seg\u00fan el Banco de Espa\u00f1a, este crecimiento es menor del que cabr\u00eda esperar por la demanda interna, lo que refleja que se est\u00e1 produciendo una \u00abcierta sustituci\u00f3n\u00bb de producci\u00f3n nacional por compras al exterior.<\/p>\n","protected":false},"excerpt":{"rendered":"<p>El crecimiento del PIB se modera en el tercer trimestre del a\u00f1o. La tasa interanual se mantendr\u00e1 en el 3,1%, seg\u00fan el avance de datos del INE.<\/p>\n","protected":false},"author":3,"featured_media":24657,"comment_status":"open","ping_status":"closed","sticky":false,"template":"","format":"standard","meta":{"_lmt_disableupdate":"yes","_lmt_disable":"","footnotes":""},"categories":[6],"tags":[195],"class_list":["post-24655","post","type-post","status-publish","format-standard","has-post-thumbnail","hentry","category-hipotecas-finanzas","tag-pib"],"modified_by":"Albert PC","_links":{"self":[{"href":"https:\/\/www.fotocasa.es\/fotocasa-life\/wp-json\/wp\/v2\/posts\/24655","targetHints":{"allow":["GET"]}}],"collection":[{"href":"https:\/\/www.fotocasa.es\/fotocasa-life\/wp-json\/wp\/v2\/posts"}],"about":[{"href":"https:\/\/www.fotocasa.es\/fotocasa-life\/wp-json\/wp\/v2\/types\/post"}],"author":[{"embeddable":true,"href":"https:\/\/www.fotocasa.es\/fotocasa-life\/wp-json\/wp\/v2\/users\/3"}],"replies":[{"embeddable":true,"href":"https:\/\/www.fotocasa.es\/fotocasa-life\/wp-json\/wp\/v2\/comments?post=24655"}],"version-history":[{"count":0,"href":"https:\/\/www.fotocasa.es\/fotocasa-life\/wp-json\/wp\/v2\/posts\/24655\/revisions"}],"wp:featuredmedia":[{"embeddable":true,"href":"https:\/\/www.fotocasa.es\/fotocasa-life\/wp-json\/wp\/v2\/media\/24657"}],"wp:attachment":[{"href":"https:\/\/www.fotocasa.es\/fotocasa-life\/wp-json\/wp\/v2\/media?parent=24655"}],"wp:term":[{"taxonomy":"category","embeddable":true,"href":"https:\/\/www.fotocasa.es\/fotocasa-life\/wp-json\/wp\/v2\/categories?post=24655"},{"taxonomy":"post_tag","embeddable":true,"href":"https:\/\/www.fotocasa.es\/fotocasa-life\/wp-json\/wp\/v2\/tags?post=24655"}],"curies":[{"name":"wp","href":"https:\/\/api.w.org\/{rel}","templated":true}]}}