{"id":24649,"date":"2017-10-30T13:06:26","date_gmt":"2017-10-30T11:06:26","guid":{"rendered":"https:\/\/www.fotocasa.es\/fotocasa-life\/?p=24649"},"modified":"2020-11-27T13:40:12","modified_gmt":"2020-11-27T12:40:12","slug":"el-ipc-interanual-baja-dos-decimas-en-octubre-hasta-el-16","status":"publish","type":"post","link":"https:\/\/www.fotocasa.es\/fotocasa-life\/hipotecas-finanzas\/el-ipc-interanual-baja-dos-decimas-en-octubre-hasta-el-16\/","title":{"rendered":"El IPC interanual baja dos d\u00e9cimas en octubre, hasta el 1,6%"},"content":{"rendered":"<p>El \u00cdndice de Precios de Consumo (IPC) <strong>subi\u00f3 un 0,9% en octubre en relaci\u00f3n al mes anterior,<\/strong> pero recort\u00f3 dos d\u00e9cimas, hasta el 1,6%, su tasa interanual, seg\u00fan el indicador adelantado publicado este lunes por el Instituto Nacional de Estad\u00edstica (INE).<\/p>\n<p>Estad\u00edstica atribuye el descenso de la tasa interanual del IPC al comportamiento de los carburantes (gasoil y gasolina), cuyos precios han subido menos en octubre de este a\u00f1o que en igual mes de 2016. La tasa interanual de octubre es la decimocuarta tasa positiva que encadena el IPC interanual, e implica que <strong>los precios son hoy un 1,6% superiores a los de hace un a\u00f1o<\/strong>.<\/p>\n<p><strong>El IPC interanual arranc\u00f3 2017 en el 3%<\/strong>, su tasa m\u00e1s alta desde octubre de 2012. En febrero se repiti\u00f3 el mismo porcentaje, pero en marzo, por primera vez en siete meses, la inflaci\u00f3n recort\u00f3 su tasa interanual hasta el 2,3%.<\/p>\n<p>Tras varias subidas y bajadas posteriores, el IPC interanual se situ\u00f3 en agosto en el 1,6%, una d\u00e9cima m\u00e1s que en julio, y <a href=\"https:\/\/www.fotocasa.es\/fotocasa-life\/hipotecas-finanzas\/el-ine-confirma-que-el-ipc-subio-hasta-el-18-en-septiembre-por-los-alimentos\/\">escal\u00f3 hasta el 1,8% en septiembre<\/a>. De esta forma, con el retroceso que ahora adelanta el INE para el mes de octubre,<strong> la tasa interanual desciende tras dos meses consecutivos de alzas<\/strong>.<\/p>\n<p>En el d\u00e9cimo mes del a\u00f1o, el \u00cdndice de Precios de Consumo Armonizado (IPCA) recort\u00f3 una d\u00e9cima su tasa interanual, hasta el 1,7%. <strong>En t\u00e9rminos mensuales, el IPC subi\u00f3 un 0,9% en octubre<\/strong>, ligeramente por debajo de lo que lo hizo en el mismo mes de 2016, cuando aument\u00f3 un 1,1%. El INE publicar\u00e1 los datos definitivos del IPC de octubre el pr\u00f3ximo 14 de noviembre.<\/p>\n","protected":false},"excerpt":{"rendered":"<p>El IPC interanual ha bajado dos d\u00e9cimas en el mes de octubre, hasta el 1,6%. El descenso se atribuye al comportamiento de los carburantes.<\/p>\n","protected":false},"author":3,"featured_media":24651,"comment_status":"open","ping_status":"closed","sticky":false,"template":"","format":"standard","meta":{"_lmt_disableupdate":"yes","_lmt_disable":"","footnotes":""},"categories":[6],"tags":[538],"class_list":["post-24649","post","type-post","status-publish","format-standard","has-post-thumbnail","hentry","category-hipotecas-finanzas","tag-ipc"],"modified_by":"Albert PC","_links":{"self":[{"href":"https:\/\/www.fotocasa.es\/fotocasa-life\/wp-json\/wp\/v2\/posts\/24649","targetHints":{"allow":["GET"]}}],"collection":[{"href":"https:\/\/www.fotocasa.es\/fotocasa-life\/wp-json\/wp\/v2\/posts"}],"about":[{"href":"https:\/\/www.fotocasa.es\/fotocasa-life\/wp-json\/wp\/v2\/types\/post"}],"author":[{"embeddable":true,"href":"https:\/\/www.fotocasa.es\/fotocasa-life\/wp-json\/wp\/v2\/users\/3"}],"replies":[{"embeddable":true,"href":"https:\/\/www.fotocasa.es\/fotocasa-life\/wp-json\/wp\/v2\/comments?post=24649"}],"version-history":[{"count":0,"href":"https:\/\/www.fotocasa.es\/fotocasa-life\/wp-json\/wp\/v2\/posts\/24649\/revisions"}],"wp:featuredmedia":[{"embeddable":true,"href":"https:\/\/www.fotocasa.es\/fotocasa-life\/wp-json\/wp\/v2\/media\/24651"}],"wp:attachment":[{"href":"https:\/\/www.fotocasa.es\/fotocasa-life\/wp-json\/wp\/v2\/media?parent=24649"}],"wp:term":[{"taxonomy":"category","embeddable":true,"href":"https:\/\/www.fotocasa.es\/fotocasa-life\/wp-json\/wp\/v2\/categories?post=24649"},{"taxonomy":"post_tag","embeddable":true,"href":"https:\/\/www.fotocasa.es\/fotocasa-life\/wp-json\/wp\/v2\/tags?post=24649"}],"curies":[{"name":"wp","href":"https:\/\/api.w.org\/{rel}","templated":true}]}}