{"id":24639,"date":"2017-10-30T12:40:33","date_gmt":"2017-10-30T10:40:33","guid":{"rendered":"https:\/\/www.fotocasa.es\/fotocasa-life\/?p=24639"},"modified":"2020-11-27T13:40:12","modified_gmt":"2020-11-27T12:40:12","slug":"el-defensor-del-pueblo-pide-que-se-suprima-el-indice-de-prestamos-hipotecarios-en-los-prestamos-para-vpo","status":"publish","type":"post","link":"https:\/\/www.fotocasa.es\/fotocasa-life\/hipotecas-finanzas\/el-defensor-del-pueblo-pide-que-se-suprima-el-indice-de-prestamos-hipotecarios-en-los-prestamos-para-vpo\/","title":{"rendered":"El Defensor del pueblo pide que se suprima el \u00edndice de pr\u00e9stamos hipotecarios en los pr\u00e9stamos para VPO"},"content":{"rendered":"<div id=\"NoticiaPrincipal\">\n<div id=\"CuerpoNoticia\" class=\"NormalTextoNoticia\">\n<p>El Defensor del Pueblo ha recomendado al Ministerio de Fomento <strong>que suprima el \u00cdndice de Referencia de Pr\u00e9stamos Hipotecarios (IRPH Entidades) como \u00edndice oficial de referencia<\/strong> en los pr\u00e9stamos destinados a financiar la compra de vivienda protegida, seg\u00fan ha informado en un comunicado.<\/p>\n<p>En la recomendaci\u00f3n enviada a la Secretar\u00eda de Estado de Infraestructuras, Transportes y Vivienda, propone que este \u00edndice<strong> se sustituya por el <a href=\"https:\/\/www.fotocasa.es\/fotocasa-life\/hipotecas-finanzas\/diferencial-medio-hipotecario-septiembre\/\">Eur\u00edbor<\/a> u otro \u00edndice oficial para corregir los \u00abefectos de cl\u00e1usulas potencialmente abusivas\u00bb<\/strong>.<\/p>\n<p>Esta recomendaci\u00f3n la ha realizado tras analizar la queja presentada por la Associaci\u00f3 Impagats Habitatge de la Comunitat Valenciana, organizaci\u00f3n que acudi\u00f3 al Defensor del Pueblo para denunciar que aplicar el tipo de inter\u00e9s del IRPH Entidades acarrea <strong>\u00abla p\u00e9rdida de la funci\u00f3n social de las viviendas protegidas\u00bb<\/strong>.<\/p>\n<p>La asociaci\u00f3n cree que en los \u00faltimos a\u00f1os <strong>este \u00edndice ha resultado \u00abm\u00e1s caro\u00bb,<\/strong> porque ha evolucionado con tendencias por encima del Eur\u00edbor que se aplica a la vivienda libre\u00bb.<\/p>\n<p>Seg\u00fan el Defensor del Pueblo,<strong> los pr\u00e9stamos convenidos para viviendas de protecci\u00f3n oficial se han gravado doblemente<\/strong> desde que se modific\u00f3 la normativa que elimin\u00f3 las ayudas y subvenciones en los distintos planes estatales de vivienda y se aplic\u00f3 el IRPH Entidades.<\/p>\n<p>Adem\u00e1s, la instituci\u00f3n ha recordado que<strong> la Uni\u00f3n Europea ya orden\u00f3 eliminar el IRPH en 2009<\/strong> y que hay numerosas sentencias, entre ellas una dictada por la Sala de lo Civil del Tribunal Supremo en junio de este a\u00f1o, que lo han declarado nulo al considerar que los bancos han influido indebidamente en c\u00f3mo se fija.<\/p>\n<\/div>\n<\/div>\n","protected":false},"excerpt":{"rendered":"<p>El defensor del pueblo solicita la supresi\u00f3n del \u00edndice de pr\u00e9stamos hipotecarios (IRPH Entidades) como \u00edndice oficial de referencia.<\/p>\n","protected":false},"author":3,"featured_media":24642,"comment_status":"open","ping_status":"closed","sticky":false,"template":"","format":"standard","meta":{"_lmt_disableupdate":"yes","_lmt_disable":"","footnotes":""},"categories":[6],"tags":[557,216],"class_list":["post-24639","post","type-post","status-publish","format-standard","has-post-thumbnail","hentry","category-hipotecas-finanzas","tag-hipoteca","tag-prestamos-hipotecarios"],"modified_by":"Albert PC","_links":{"self":[{"href":"https:\/\/www.fotocasa.es\/fotocasa-life\/wp-json\/wp\/v2\/posts\/24639","targetHints":{"allow":["GET"]}}],"collection":[{"href":"https:\/\/www.fotocasa.es\/fotocasa-life\/wp-json\/wp\/v2\/posts"}],"about":[{"href":"https:\/\/www.fotocasa.es\/fotocasa-life\/wp-json\/wp\/v2\/types\/post"}],"author":[{"embeddable":true,"href":"https:\/\/www.fotocasa.es\/fotocasa-life\/wp-json\/wp\/v2\/users\/3"}],"replies":[{"embeddable":true,"href":"https:\/\/www.fotocasa.es\/fotocasa-life\/wp-json\/wp\/v2\/comments?post=24639"}],"version-history":[{"count":0,"href":"https:\/\/www.fotocasa.es\/fotocasa-life\/wp-json\/wp\/v2\/posts\/24639\/revisions"}],"wp:featuredmedia":[{"embeddable":true,"href":"https:\/\/www.fotocasa.es\/fotocasa-life\/wp-json\/wp\/v2\/media\/24642"}],"wp:attachment":[{"href":"https:\/\/www.fotocasa.es\/fotocasa-life\/wp-json\/wp\/v2\/media?parent=24639"}],"wp:term":[{"taxonomy":"category","embeddable":true,"href":"https:\/\/www.fotocasa.es\/fotocasa-life\/wp-json\/wp\/v2\/categories?post=24639"},{"taxonomy":"post_tag","embeddable":true,"href":"https:\/\/www.fotocasa.es\/fotocasa-life\/wp-json\/wp\/v2\/tags?post=24639"}],"curies":[{"name":"wp","href":"https:\/\/api.w.org\/{rel}","templated":true}]}}