{"id":24307,"date":"2017-10-17T11:44:54","date_gmt":"2017-10-17T09:44:54","guid":{"rendered":"https:\/\/www.fotocasa.es\/fotocasa-life\/?p=24307"},"modified":"2020-11-27T13:40:26","modified_gmt":"2020-11-27T12:40:26","slug":"el-gobierno-baja-al-23-su-prevision-de-alza-del-pib-en-2018-y-eleva-al-23-el-deficit-por-cataluna","status":"publish","type":"post","link":"https:\/\/www.fotocasa.es\/fotocasa-life\/hipotecas-finanzas\/el-gobierno-baja-al-23-su-prevision-de-alza-del-pib-en-2018-y-eleva-al-23-el-deficit-por-cataluna\/","title":{"rendered":"El Gobierno baja al 2,3% su previsi\u00f3n de alza del PIB en 2018 y eleva al 2,3% el d\u00e9ficit por Catalu\u00f1a"},"content":{"rendered":"<p><strong>El Gobierno ha rebajado en tres d\u00e9cimas, del 2,3% al 2,6%, su previsi\u00f3n de <a href=\"https:\/\/www.fotocasa.es\/fotocasa-life\/hipotecas-finanzas\/el-santander-preve-un-crecimiento-del-pib-espanol-del-32-este-ano-y-del-28-en-2018\/\">crecimiento econ\u00f3mico <\/a>para 2018<\/strong>, y ha elevado en una d\u00e9cima, del 2,2% al 2,3%, su estimaci\u00f3n de d\u00e9ficit p\u00fablico para el pr\u00f3ximo a\u00f1o, como consecuencia del impacto de la situaci\u00f3n pol\u00edtica en Catalu\u00f1a ante el desaf\u00edo independentista y por la ausencia de los Presupuestos de 2018.<\/p>\n<p><strong>As\u00ed figura en el nuevo plan presupuestario que ha remitido el Ejecutivo este lunes a Bruselas<\/strong>, en el que, en t\u00e9rminos del cuadro macroecon\u00f3mico, incorpora un escenario a pol\u00edtica constante, por lo que no contempla cambios de pol\u00edtica econ\u00f3mica y recoge unas \u00abproyecciones prudentes\u00bb.<\/p>\n<p><strong>Las nuevas previsiones incorporan una \u00abligera desaceleraci\u00f3n econ\u00f3mica,<\/strong> en l\u00ednea con lo que anticipan los principales organismos nacionales e internacionales, pero que tambi\u00e9n tienen en cuenta una ligera contenci\u00f3n de la demanda interna, resultado del impacto negativo sobre asociada a la actual situaci\u00f3n pol\u00edtica en Catalu\u00f1a\u00bb.<\/p>\n<p>En concreto, el Gobierno <strong>ha elevado en una d\u00e9cima su previsi\u00f3n de crecimiento del PIB<\/strong> para este a\u00f1o, hasta el 3,1%, pero ha bajado en tres d\u00e9cimas la estimaci\u00f3n de crecimiento para 2018, al pasar del 2,6% al 2,3%.<\/p>\n<p>Seg\u00fan el Gobierno,<strong> la desaceleraci\u00f3n refleja la moderaci\u00f3n del ciclo econ\u00f3mico<\/strong>, que recogen las previsiones de los principales organismos nacionales e internacionales, pero tambi\u00e9n una ligera contenci\u00f3n de la demanda interna, resultado del impacto negativo derivado de la incertidumbre asociada a la actual situaci\u00f3n pol\u00edtica en Catalu\u00f1a y de la ausencia de un instrumento b\u00e1sico de pol\u00edtica econ\u00f3mica como son los Presupuestos Generales del Estado\u00bb.<\/p>\n<p>No obstante, el Gobierno asegura que<strong> el crecimiento de la econom\u00eda espa\u00f1ola previsto para 2018 \u00absigue siendo s\u00f3lido\u00bb<\/strong> e intensivo en la creaci\u00f3n de empleo, lo que permitir\u00e1 reducir la tasa de paro hasta el 15,5% en media anual en 2018.<\/p>\n<p>En materia de empleo, <strong>prev\u00e9 un crecimiento del empleo equivalente a tiempo completo del 2,9% en 2017<\/strong> y del 2,4% en 2018, lo que, si bien reflejar\u00eda una ligera moderaci\u00f3n de su ritmo de crecimiento supondr\u00e1 la creaci\u00f3n de m\u00e1s de 500.000 empleos equivalentes a tiempo completo este a\u00f1o y unos 425.000 el pr\u00f3ximo.<\/p>\n<p>Por su parte, la tasa de paro <strong>se reducir\u00e1 en 2017 casi dos puntos y medio<\/strong> respecto a la del pasado a\u00f1o, hasta situarse en el 17,2% de la poblaci\u00f3n activa, en media anual, y disminuir\u00e1 casi dos puntos adicionales en 2018, hasta el 15,5%. Las anteriores previsiones proyectaban un desempleo del 17,4% para este a\u00f1o, dos d\u00e9cimas por encima, pero un 15,4% para el a\u00f1o que viene, una d\u00e9cima menos.<\/p>\n<p>&nbsp;<\/p>\n<p><strong>Mayor d\u00e9ficit<\/strong><\/p>\n<p>Adem\u00e1s de <strong>empeorar las previsiones de crecimiento y de desempleo de 2018,<\/strong> la estimaci\u00f3n de d\u00e9ficit para 2018 se ha elevado al 2,3% del PIB en un escenario sin cambio de pol\u00edticas p\u00fablicas, una d\u00e9cima por encima del objetivo comprometido con Bruselas (2,2%), si bien el Gobierno asegura que el pr\u00f3ximo a\u00f1o Espa\u00f1a saldr\u00e1 definitivamente del Procedimiento por D\u00e9ficit Excesivo.<\/p>\n<p>Esta<strong> nueva previsi\u00f3n de d\u00e9ficit del 2,3%<\/strong> para 2018 se distribuye entre el Estado (0,8%), la Seguridad Social (1,1%) y las administraciones territoriales (0,4%).<\/p>\n<p>Por el contrario, <strong>mantiene en el 3,1% su pron\u00f3stico sobre el d\u00e9ficit de este ejercicio<\/strong>, en l\u00ednea con el compromiso con la Comisi\u00f3n Europea, distribuido entre el Estado (1,7%) y la Seguridad Social (1,5%).<\/p>\n<p>Eso s\u00ed, el Gobierno aclara a Bruselas que <strong>esta previsi\u00f3n se ha efectuado descontando el impacto del ciclo estimado para 2018<\/strong> al d\u00e9ficit de las administraciones p\u00fablicas previsto para 2017. Una vez se presente el Presupuesto del pr\u00f3ximo a\u00f1o, se dar\u00e1n a conocer las medidas necesarias para garantizar el cumplimiento de los objetivos de estabilidad en 2018.<\/p>\n","protected":false},"excerpt":{"rendered":"<p>La situaci\u00f3n pol\u00edtica de Catalu\u00f1a habr\u00eda hecho que el gobierno baje la previsi\u00f3n de alza del PIB en 2018 y eleve el d\u00e9ficit.<\/p>\n","protected":false},"author":3,"featured_media":24309,"comment_status":"open","ping_status":"closed","sticky":false,"template":"","format":"standard","meta":{"_lmt_disableupdate":"yes","_lmt_disable":"","footnotes":""},"categories":[6],"tags":[195],"class_list":["post-24307","post","type-post","status-publish","format-standard","has-post-thumbnail","hentry","category-hipotecas-finanzas","tag-pib"],"modified_by":"Albert PC","_links":{"self":[{"href":"https:\/\/www.fotocasa.es\/fotocasa-life\/wp-json\/wp\/v2\/posts\/24307","targetHints":{"allow":["GET"]}}],"collection":[{"href":"https:\/\/www.fotocasa.es\/fotocasa-life\/wp-json\/wp\/v2\/posts"}],"about":[{"href":"https:\/\/www.fotocasa.es\/fotocasa-life\/wp-json\/wp\/v2\/types\/post"}],"author":[{"embeddable":true,"href":"https:\/\/www.fotocasa.es\/fotocasa-life\/wp-json\/wp\/v2\/users\/3"}],"replies":[{"embeddable":true,"href":"https:\/\/www.fotocasa.es\/fotocasa-life\/wp-json\/wp\/v2\/comments?post=24307"}],"version-history":[{"count":0,"href":"https:\/\/www.fotocasa.es\/fotocasa-life\/wp-json\/wp\/v2\/posts\/24307\/revisions"}],"wp:featuredmedia":[{"embeddable":true,"href":"https:\/\/www.fotocasa.es\/fotocasa-life\/wp-json\/wp\/v2\/media\/24309"}],"wp:attachment":[{"href":"https:\/\/www.fotocasa.es\/fotocasa-life\/wp-json\/wp\/v2\/media?parent=24307"}],"wp:term":[{"taxonomy":"category","embeddable":true,"href":"https:\/\/www.fotocasa.es\/fotocasa-life\/wp-json\/wp\/v2\/categories?post=24307"},{"taxonomy":"post_tag","embeddable":true,"href":"https:\/\/www.fotocasa.es\/fotocasa-life\/wp-json\/wp\/v2\/tags?post=24307"}],"curies":[{"name":"wp","href":"https:\/\/api.w.org\/{rel}","templated":true}]}}