{"id":24199,"date":"2017-10-13T11:39:23","date_gmt":"2017-10-13T09:39:23","guid":{"rendered":"https:\/\/www.fotocasa.es\/fotocasa-life\/?p=24199"},"modified":"2017-10-13T11:39:23","modified_gmt":"2017-10-13T09:39:23","slug":"el-santander-preve-un-crecimiento-del-pib-espanol-del-32-este-ano-y-del-28-en-2018","status":"publish","type":"post","link":"https:\/\/www.fotocasa.es\/fotocasa-life\/hipotecas-finanzas\/el-santander-preve-un-crecimiento-del-pib-espanol-del-32-este-ano-y-del-28-en-2018\/","title":{"rendered":"El Santander prev\u00e9 un crecimiento del PIB espa\u00f1ol del 3,2% este a\u00f1o y del 2,8% en 2018"},"content":{"rendered":"<p><strong>El Santander prev\u00e9 que la econom\u00eda espa\u00f1ola crezca un 3,2% este a\u00f1o<\/strong> y un 2,8% en 2018, lo que supone dos d\u00e9cimas m\u00e1s en cada ejercicio que la previsi\u00f3n oficial del Gobierno, al tiempo que prev\u00e9 que la tasa de paro baje al 17,2% este mismo a\u00f1o y descienda al 15,2% el a\u00f1o que viene.<\/p>\n<p>As\u00ed figura en una presentaci\u00f3n a analistas e inversores sobre Espa\u00f1a realizada por el Santander, publicada en la Comisi\u00f3n Nacional del Mercado de Valores (CNMV), en la que contempla unas previsiones que <strong>reflejan el \u00abpositivo crecimiento\u00bb actual con una \u00abfuerte creaci\u00f3n de empleo\u00bb<\/strong>.<\/p>\n<p><strong>En concreto, augura un crecimiento del PIB espa\u00f1ol del 3,2% este a\u00f1o<\/strong>, frente a la estimaci\u00f3n oficial del 3% del Gobierno, que elevar\u00e1 al 3,1% previsiblemente en el borrador presupuestario de 2018 que remitir\u00e1 a la Comisi\u00f3n Europa esta semana, as\u00ed como un repunte de la econom\u00eda del 2,8% en 2018, dos d\u00e9cimas por encima del pron\u00f3stico del Ejecutivo (+2,6%).<\/p>\n<p>En cuanto al desempleo,<strong> la entidad prev\u00e9 que la tasa de paro descienda al 17,2% al t\u00e9rmino del ejercicio actual<\/strong> y contin\u00fae bajando en 2018, hasta situarse en el 15,2%. En este caso, las previsiones del Santander tambi\u00e9n son m\u00e1s optimistas que las del Gobierno, que pronostica una tasa de desempleo del 17,4% y el 15,4%, respectivamente.<\/p>\n<p>Asimismo,<strong> augura una recuperaci\u00f3n en las transacciones inmobiliarias,<\/strong> con un alza de las ventas de propiedades previsto del 13,4% y del 6,3% en 2017 y 2018, respectivamente.<\/p>\n<p><strong>Este repunte de las ventas estar\u00e1 \u00abalineado\u00bb con el alza de los precios inmobiliarios<\/strong>, que podr\u00eda alcanzar el 2,1% este a\u00f1o y un incremento del 1,6% el pr\u00f3ximo ejercicio, seg\u00fan figura en el documento del Santander.<\/p>\n<p>La entidad presidida por Ana Patricia Bot\u00edn destaca que el <strong>sector financiero est\u00e1 mostrando mejores perspectivas, con unas din\u00e1micas de pr\u00e9stamos \u00abpositivas\u00bb<\/strong>, ante un pron\u00f3stico de que el sector privado crezca ya este a\u00f1o un 0,1% y un 2,3% en 2018.<\/p>\n<p>Adem\u00e1s, los dep\u00f3sitos aumentar\u00e1n un 2,5% y un 1,6% en 2017 y 2018, respectivamente, y el <strong>Eur\u00edbor pasar\u00e1 de un -0,13% este a\u00f1o a un 0,03% el pr\u00f3ximo ejercicio<\/strong>.<\/p>\n","protected":false},"excerpt":{"rendered":"<p>El Banco Santander prev\u00e9 que el PIB espa\u00f1ol crecer\u00e1 un 3,2% este a\u00f1o. Considera que el a\u00f1o que viene podr\u00eda incrementarse un 2,8%.<\/p>\n","protected":false},"author":3,"featured_media":24201,"comment_status":"open","ping_status":"closed","sticky":false,"template":"","format":"standard","meta":{"_lmt_disableupdate":"yes","_lmt_disable":"","footnotes":""},"categories":[6],"tags":[118,1137,195],"class_list":["post-24199","post","type-post","status-publish","format-standard","has-post-thumbnail","hentry","category-hipotecas-finanzas","tag-economia","tag-espana","tag-pib"],"modified_by":"fotocasa","_links":{"self":[{"href":"https:\/\/www.fotocasa.es\/fotocasa-life\/wp-json\/wp\/v2\/posts\/24199","targetHints":{"allow":["GET"]}}],"collection":[{"href":"https:\/\/www.fotocasa.es\/fotocasa-life\/wp-json\/wp\/v2\/posts"}],"about":[{"href":"https:\/\/www.fotocasa.es\/fotocasa-life\/wp-json\/wp\/v2\/types\/post"}],"author":[{"embeddable":true,"href":"https:\/\/www.fotocasa.es\/fotocasa-life\/wp-json\/wp\/v2\/users\/3"}],"replies":[{"embeddable":true,"href":"https:\/\/www.fotocasa.es\/fotocasa-life\/wp-json\/wp\/v2\/comments?post=24199"}],"version-history":[{"count":0,"href":"https:\/\/www.fotocasa.es\/fotocasa-life\/wp-json\/wp\/v2\/posts\/24199\/revisions"}],"wp:featuredmedia":[{"embeddable":true,"href":"https:\/\/www.fotocasa.es\/fotocasa-life\/wp-json\/wp\/v2\/media\/24201"}],"wp:attachment":[{"href":"https:\/\/www.fotocasa.es\/fotocasa-life\/wp-json\/wp\/v2\/media?parent=24199"}],"wp:term":[{"taxonomy":"category","embeddable":true,"href":"https:\/\/www.fotocasa.es\/fotocasa-life\/wp-json\/wp\/v2\/categories?post=24199"},{"taxonomy":"post_tag","embeddable":true,"href":"https:\/\/www.fotocasa.es\/fotocasa-life\/wp-json\/wp\/v2\/tags?post=24199"}],"curies":[{"name":"wp","href":"https:\/\/api.w.org\/{rel}","templated":true}]}}