{"id":24184,"date":"2017-10-11T18:52:37","date_gmt":"2017-10-11T16:52:37","guid":{"rendered":"https:\/\/www.fotocasa.es\/fotocasa-life\/?p=24184"},"modified":"2020-11-27T13:40:29","modified_gmt":"2020-11-27T12:40:29","slug":"el-ine-confirma-que-el-ipc-subio-hasta-el-18-en-septiembre-por-los-alimentos","status":"publish","type":"post","link":"https:\/\/www.fotocasa.es\/fotocasa-life\/hipotecas-finanzas\/el-ine-confirma-que-el-ipc-subio-hasta-el-18-en-septiembre-por-los-alimentos\/","title":{"rendered":"El INE confirma que el IPC subi\u00f3 hasta el 1,8% en septiembre por los alimentos"},"content":{"rendered":"<p>El \u00cdndice de Precios de Consumo (<a href=\"https:\/\/www.fotocasa.es\/fotocasa-life\/hipotecas-finanzas\/ipc-interanual-sube-dos-decimas-septiembre-18\/\">IPC<\/a>) <strong>subi\u00f3 un 0,2% en septiembre respecto al mes anterior<\/strong> y elev\u00f3 dos d\u00e9cimas su tasa interanual, hasta el 1,8%, seg\u00fan los datos definitivos publicados este mi\u00e9rcoles por el Instituto Nacional de Estad\u00edstica (INE).<\/p>\n<p>El organismo estad\u00edstico, que confirma de este modo los datos avanzados a finales del mes pasado, ha explicado que en el comportamiento de la tasa interanual del IPC de septiembre<strong> ha destacado el encarecimiento de los alimentos y bebidas no alcoh\u00f3licas<\/strong> y el hecho de que el precio de los paquetes tur\u00edsticos baj\u00f3 menos que en el mismo mes de 2016.<\/p>\n<p>La tasa interanual de septiembre es la<strong> decimotercera positiva que encadena el IPC interanual<\/strong> e implica que los precios son hoy un 1,8% superiores a los de hace un a\u00f1o.El IPC interanual arranc\u00f3 el a\u00f1o en el 3%, su tasa m\u00e1s alta desde octubre de 2012. En febrero se repiti\u00f3 el mismo porcentaje, pero en marzo, por primera vez en siete meses, la inflaci\u00f3n recort\u00f3 su tasa interanual hasta el 2,3%.<\/p>\n<p>Tras varias subidas y bajadas posteriores, el IPC interanual se situ\u00f3 en agosto en el 1,6%, una d\u00e9cima m\u00e1s que en julio. De esta forma, con el aumento que ahora se registra en septiembre, <strong>se encadenan dos meses consecutivos de alzas en la variaci\u00f3n interanual<\/strong> de los precios.<\/p>\n<p>En el noveno mes del a\u00f1o, el \u00cdndice de Precios de Consumo Armonizado (IPCA) <strong>redujo dos d\u00e9cimas su tasa interanual, hasta el 1,8%<\/strong>, al tiempo que la variaci\u00f3n mensual se situ\u00f3 en el 0,6%. En t\u00e9rminos mensuales (septiembre sobre agosto), el IPC subi\u00f3 un 0,2%, su mayor repunte en este mes desde 2014, cuando tambi\u00e9n se increment\u00f3 un 0,2%.<\/p>\n<p>La inflaci\u00f3n subyacente, que no incluye los precios de los productos energ\u00e9ticos ni de los alimentos no elaborados,<strong> se mantuvo en septiembre en el 1,2%<\/strong>, situ\u00e1ndose seis d\u00e9cimas por debajo de la tasa general del IPC.<\/p>\n<p>&nbsp;<\/p>\n<p><strong>Frutas, legumbres y hortalizas impulsan el IPC<\/strong><\/p>\n<p>En el incremento del IPC interanual de septiembre<strong> ha influido la subida en m\u00e1s de un punto<\/strong>, hasta el 1,2%, de la tasa de alimentos, motivada por la subida de los precios de las frutas, las legumbres y las hortalizas.<\/p>\n<p>Tambi\u00e9n ha contribuido <strong>el aumento en m\u00e1s de un punto de la tasa de ocio y cultura<\/strong>, hasta el 1,8%, debido a que los precios de los paquetes tur\u00edsticos bajaron en septiembre menos que un a\u00f1o antes.<\/p>\n<p>Por el contrario, <strong>en septiembre destac\u00f3 el descenso en cuatro d\u00e9cimas de la tasa interanual del grupo de vivienda<\/strong>, hasta el 2,9%, por el abaratamiento del gas y la menor subida de la electricidad y del gas\u00f3leo para calefacci\u00f3n respecto a la observada hace un a\u00f1o.<\/p>\n<p>&nbsp;<\/p>\n<p><strong>Los precios tambi\u00e9n aumentan en tasa mensual<\/strong><\/p>\n<p>En t\u00e9rminos mensuales,<strong> el IPC subi\u00f3 un 0,2% respecto a agosto por las subidas experimentadas en los precios<\/strong> del vestido y el calzado, los carburantes y algunos alimentos.<\/p>\n<p><strong>En concreto, el grupo de vestido y calzado elev\u00f3 un 5,3% sus precios en el mes de septiembre<\/strong> por el inicio de la temporada de invierno, mientras que el de transporte subi\u00f3 un 0,6% sus precios por el encarecimiento de las gasolinas; y los alimentos elevaron un 0,3% su tasa mensual por el mayor coste de frutas, legumbres y hortalizas.<\/p>\n<p>En el lado contrario, <strong>el grupo de ocio y cultura registr\u00f3 una tasa mensual del -3,1% por el abaratamiento de los paquetes tur\u00edsticos<\/strong> tras el verano, y el grupo de hoteles recort\u00f3 un 0,2% sus precios por los servicios de alojamiento.<\/p>\n<p>&nbsp;<\/p>\n<p><strong>La ropa de hombre, lo que m\u00e1s sube en el mes<\/strong><\/p>\n<p>Por r\u00fabricas, <strong>las que m\u00e1s elevaron sus precios en tasa mensual fueron las prendas de vestir de hombre<\/strong> (+8,3%), los complementos de moda (+8,1%), el calzado de ni\u00f1o (+7,1%) y las legumbres y hortalizas frescas (+6,1%).<\/p>\n<p>Por el contrario, <strong>los mayores descensos mensuales se registraron en turismo y hosteler\u00eda<\/strong> (-2,2%), el transporte p\u00fablico interurbano (-1,7%), las patatas y sus preparados (-1,5%) y la carne de ave (-1,4%).<\/p>\n<p>En tasa interanual, las r\u00fabricas que experimentan los <strong>mayores descensos de precios son las patatas y sus preparados<\/strong> (-9,2%), las frutas frescas (-2,7%) y los objetos recreativos (-2,6%).<\/p>\n<p>En el lado opuesto,<strong> los mayores ascensos de precios en el \u00faltimo a\u00f1o los experimentan legumbres y hortalizas frescas<\/strong> (+8,6%), aceites y grasas (+7,6%) y calefacci\u00f3n, alumbrado y distribuci\u00f3n de agua (+5,2%).<\/p>\n<p>&nbsp;<\/p>\n<p><strong>Suben las tasas mensuales en once comunidades<\/strong><\/p>\n<p>En tasa mensual, los <strong>precios subieron en septiembre en once comunidades, se mantuvieron sin cambios en cuatro y bajaron en dos<\/strong>. En concreto, las \u00fanicas regiones que recortaron sus precios respecto al mes anterior fueron Baleares y Murcia (-0,1% en ambos casos).<\/p>\n<p>En septiembre <strong>se mantuvieron los precios en relaci\u00f3n al mes anterior en Asturias, Cantabria, Catalu\u00f1a y Comunidad Valenciana<\/strong>, y subieron un 0,4% en Andaluc\u00eda y Madrid; un 0,3% en Castilla-La Mancha, Castilla y Le\u00f3n y Extremadura; un 0,2% en Arag\u00f3n y Galicia, y un 0,1% en Canarias, Navarra, Pa\u00eds Vasco y La Rioja.<\/p>\n<p>En t\u00e9rminos interanuales, todas las<strong> comunidades presentaron tasas positivas en septiembre,<\/strong> doce ellas superiores a las de agosto. Las tasas m\u00e1s elevadas corresponden a Baleares y Catalu\u00f1a (+2,1%) y las m\u00e1s bajas a Navarra y Murcia, ambas con un 1,1%.<\/p>\n","protected":false},"excerpt":{"rendered":"<p>El Instituto Nacional de Estad\u00edstica ha confirmado un incremento del IPC del 1,8% , a causa del incremento del precio de los alimentos.<\/p>\n","protected":false},"author":3,"featured_media":24195,"comment_status":"open","ping_status":"closed","sticky":false,"template":"","format":"standard","meta":{"_lmt_disableupdate":"yes","_lmt_disable":"","footnotes":""},"categories":[6],"tags":[538],"class_list":["post-24184","post","type-post","status-publish","format-standard","has-post-thumbnail","hentry","category-hipotecas-finanzas","tag-ipc"],"modified_by":"Albert PC","_links":{"self":[{"href":"https:\/\/www.fotocasa.es\/fotocasa-life\/wp-json\/wp\/v2\/posts\/24184","targetHints":{"allow":["GET"]}}],"collection":[{"href":"https:\/\/www.fotocasa.es\/fotocasa-life\/wp-json\/wp\/v2\/posts"}],"about":[{"href":"https:\/\/www.fotocasa.es\/fotocasa-life\/wp-json\/wp\/v2\/types\/post"}],"author":[{"embeddable":true,"href":"https:\/\/www.fotocasa.es\/fotocasa-life\/wp-json\/wp\/v2\/users\/3"}],"replies":[{"embeddable":true,"href":"https:\/\/www.fotocasa.es\/fotocasa-life\/wp-json\/wp\/v2\/comments?post=24184"}],"version-history":[{"count":0,"href":"https:\/\/www.fotocasa.es\/fotocasa-life\/wp-json\/wp\/v2\/posts\/24184\/revisions"}],"wp:featuredmedia":[{"embeddable":true,"href":"https:\/\/www.fotocasa.es\/fotocasa-life\/wp-json\/wp\/v2\/media\/24195"}],"wp:attachment":[{"href":"https:\/\/www.fotocasa.es\/fotocasa-life\/wp-json\/wp\/v2\/media?parent=24184"}],"wp:term":[{"taxonomy":"category","embeddable":true,"href":"https:\/\/www.fotocasa.es\/fotocasa-life\/wp-json\/wp\/v2\/categories?post=24184"},{"taxonomy":"post_tag","embeddable":true,"href":"https:\/\/www.fotocasa.es\/fotocasa-life\/wp-json\/wp\/v2\/tags?post=24184"}],"curies":[{"name":"wp","href":"https:\/\/api.w.org\/{rel}","templated":true}]}}