{"id":23918,"date":"2017-09-28T10:07:45","date_gmt":"2017-09-28T08:07:45","guid":{"rendered":"https:\/\/www.fotocasa.es\/fotocasa-life\/?p=23918"},"modified":"2020-11-27T13:40:44","modified_gmt":"2020-11-27T12:40:44","slug":"ipc-interanual-sube-dos-decimas-septiembre-18","status":"publish","type":"post","link":"https:\/\/www.fotocasa.es\/fotocasa-life\/hipotecas-finanzas\/ipc-interanual-sube-dos-decimas-septiembre-18\/","title":{"rendered":"El IPC interanual sube dos d\u00e9cimas en septiembre, hasta el 1,8%"},"content":{"rendered":"<p>El <a href=\"https:\/\/www.fotocasa.es\/fotocasa-life\/hipotecas-finanzas\/el-ipc-sube-una-decima-en-agosto-hasta-el-16-por-el-alza-de-los-carburantes\/\">\u00cdndice de Precios de Consumo (IPC)<\/a> <strong>subi\u00f3 un 0,2% en septiembre en relaci\u00f3n al mes anterior<\/strong> y elev\u00f3 dos d\u00e9cimas, hasta el 1,8%, su tasa interanual, seg\u00fan el indicador adelantado publicado este jueves por el Instituto Nacional de Estad\u00edstica (INE).<\/p>\n<p>Estad\u00edstica atribuye el repunte de la tasa interanual del IPC <strong>a la subida de los precios de los alimentos y bebidas no alcoh\u00f3licas<\/strong>, frente al descenso que experimentaron en el mismo mes de 2016.<\/p>\n<p>La tasa interanual de septiembre es la <strong>decimotercera tasa positiva que encadena el IPC interanual<\/strong>, e implica que los precios son hoy un 1,8% superiores a los de hace un a\u00f1o.<\/p>\n<p>El IPC interanual arranc\u00f3 2017 en el 3%, su tasa m\u00e1s alta desde octubre de 2012. En febrero se repiti\u00f3 el mismo porcentaje, pero en marzo, por primera vez en siete meses,<strong> la inflaci\u00f3n recort\u00f3 su tasa interanual hasta el 2,3%.<\/strong><\/p>\n<p>Tras varias subidas y bajadas posteriores, <strong>el IPC interanual se situ\u00f3 en agosto en el 1,6%<\/strong>, una d\u00e9cima m\u00e1s que en julio. De esta forma, con el aumento que ahora adelanta el INE para el mes de septiembre, se encadenan dos meses consecutivos de alzas en la variaci\u00f3n interanual de los precios.<\/p>\n<p>En el noveno mes del a\u00f1o, el \u00cdndice de Precios de Consumo Armonizado (IPCA) <strong>recort\u00f3 una d\u00e9cima su tasa interanual, hasta el 1,9%<\/strong>. En t\u00e9rminos mensuales, el IPC subi\u00f3 un 0,2% en septiembre, su mayor repunte en este mes desde 2014, cuando tambi\u00e9n se increment\u00f3 un 0,2%. El INE publicar\u00e1 los datos definitivos del IPC de septiembre el pr\u00f3ximo 11 de octubre.<\/p>\n","protected":false},"excerpt":{"rendered":"<p>El IPC interanual se incrementa un par de d\u00e9cimas en septiembre. Seg\u00fan el INE, la raz\u00f3n est\u00e1 en el aumento en el precio de los alimentos. <\/p>\n","protected":false},"author":3,"featured_media":23919,"comment_status":"open","ping_status":"closed","sticky":false,"template":"","format":"standard","meta":{"_lmt_disableupdate":"yes","_lmt_disable":"","footnotes":""},"categories":[6],"tags":[1373,538],"class_list":["post-23918","post","type-post","status-publish","format-standard","has-post-thumbnail","hentry","category-hipotecas-finanzas","tag-indice-de-precios-de-consumo","tag-ipc"],"modified_by":"Albert PC","_links":{"self":[{"href":"https:\/\/www.fotocasa.es\/fotocasa-life\/wp-json\/wp\/v2\/posts\/23918","targetHints":{"allow":["GET"]}}],"collection":[{"href":"https:\/\/www.fotocasa.es\/fotocasa-life\/wp-json\/wp\/v2\/posts"}],"about":[{"href":"https:\/\/www.fotocasa.es\/fotocasa-life\/wp-json\/wp\/v2\/types\/post"}],"author":[{"embeddable":true,"href":"https:\/\/www.fotocasa.es\/fotocasa-life\/wp-json\/wp\/v2\/users\/3"}],"replies":[{"embeddable":true,"href":"https:\/\/www.fotocasa.es\/fotocasa-life\/wp-json\/wp\/v2\/comments?post=23918"}],"version-history":[{"count":0,"href":"https:\/\/www.fotocasa.es\/fotocasa-life\/wp-json\/wp\/v2\/posts\/23918\/revisions"}],"wp:featuredmedia":[{"embeddable":true,"href":"https:\/\/www.fotocasa.es\/fotocasa-life\/wp-json\/wp\/v2\/media\/23919"}],"wp:attachment":[{"href":"https:\/\/www.fotocasa.es\/fotocasa-life\/wp-json\/wp\/v2\/media?parent=23918"}],"wp:term":[{"taxonomy":"category","embeddable":true,"href":"https:\/\/www.fotocasa.es\/fotocasa-life\/wp-json\/wp\/v2\/categories?post=23918"},{"taxonomy":"post_tag","embeddable":true,"href":"https:\/\/www.fotocasa.es\/fotocasa-life\/wp-json\/wp\/v2\/tags?post=23918"}],"curies":[{"name":"wp","href":"https:\/\/api.w.org\/{rel}","templated":true}]}}