{"id":23915,"date":"2017-09-28T09:58:46","date_gmt":"2017-09-28T07:58:46","guid":{"rendered":"https:\/\/www.fotocasa.es\/fotocasa-life\/?p=23915"},"modified":"2021-02-04T10:07:14","modified_gmt":"2021-02-04T09:07:14","slug":"campuzano-aeb-dice-que-el-dinamismo-hipotecario-refleja-la-mejora-de-la-financiacion-y-de-la-economia","status":"publish","type":"post","link":"https:\/\/www.fotocasa.es\/fotocasa-life\/hipotecas-finanzas\/campuzano-aeb-dice-que-el-dinamismo-hipotecario-refleja-la-mejora-de-la-financiacion-y-de-la-economia\/","title":{"rendered":"Campuzano (AEB) dice que el dinamismo hipotecario refleja la mejora de la financiaci\u00f3n y de la econom\u00eda"},"content":{"rendered":"<p>El portavoz de la Asociaci\u00f3n Espa\u00f1ola de Banca (AEB), Jos\u00e9 Luis Mart\u00ednez Campuzano, ha apuntado que el \u00abelevado\u00bb dinamismo de la demanda de hipotecas refleja tanto las favorables condiciones de financiaci\u00f3n por los bancos como<strong> la mejora de las perspectivas econ\u00f3micas.<\/strong><\/p>\n<p>As\u00ed lo ha se\u00f1alado Campuzano tras conocerse el <a href=\"https:\/\/www.fotocasa.es\/fotocasa-life\/hipotecas-finanzas\/concesion-de-hipotecas-julio-2017\/\">aumento registrado en la firma de hipotecas sobre viviendas en el mes de julio<\/a>, donde tambi\u00e9n ha destacado que<strong> hay que ser conscientes del \u00abfuerte\u00bb ajuste sufrido durante la crisis<\/strong> y de que el cr\u00e9dito hipotecario gestionado por las entidades supone un 57,47% del PIB, mientras que en 2011 superaba el 100%.<\/p>\n<p>Tambi\u00e9n ha puesto de relieve<strong> la responsabilidad de clientes y de los bancos<\/strong>, reflejada \u00aben la relaci\u00f3n del pr\u00e9stamo frente al valor de la tasaci\u00f3n\u00bb, que se mantiene en niveles inferiores al 65%, con apenas un 14% de las hipotecas con un LTV superior al 80%.<\/p>\n<p>Para Campuzano, son importantes tanto las favorables condiciones financieras de los bancos como <strong>la \u00abprofundidad y flexibilidad\u00bb del mercado hipotecario,<\/strong> que \u00abofrece toro un abanico de opciones de pr\u00e9stamos para que los clientes elijan\u00bb.<\/p>\n<p>El portavoz de la AEB cree que el mercado hipotecario espa\u00f1ol es de referencia a nivel europeo y permite que los espa\u00f1oles <strong>\u00abtomen su decisi\u00f3n patrimonial en las mejores condiciones posibles\u00bb<\/strong>, por lo que cree que \u00abeste mercado debe ser preservado\u00bb.<\/p>\n","protected":false},"excerpt":{"rendered":"<p>El dinamismo hipotecario indica mejoras en la financiaci\u00f3n y en la econom\u00eda en general, seg\u00fan palabras de Jos\u00e9 Luis Mart\u00ednez Campuzano, portavoz de la AEB.<\/p>\n","protected":false},"author":3,"featured_media":23727,"comment_status":"open","ping_status":"closed","sticky":false,"template":"","format":"standard","meta":{"_lmt_disableupdate":"yes","_lmt_disable":"","footnotes":""},"categories":[6],"tags":[1064],"class_list":["post-23915","post","type-post","status-publish","format-standard","has-post-thumbnail","hentry","category-hipotecas-finanzas","tag-mercado-hipotecario"],"modified_by":null,"_links":{"self":[{"href":"https:\/\/www.fotocasa.es\/fotocasa-life\/wp-json\/wp\/v2\/posts\/23915","targetHints":{"allow":["GET"]}}],"collection":[{"href":"https:\/\/www.fotocasa.es\/fotocasa-life\/wp-json\/wp\/v2\/posts"}],"about":[{"href":"https:\/\/www.fotocasa.es\/fotocasa-life\/wp-json\/wp\/v2\/types\/post"}],"author":[{"embeddable":true,"href":"https:\/\/www.fotocasa.es\/fotocasa-life\/wp-json\/wp\/v2\/users\/3"}],"replies":[{"embeddable":true,"href":"https:\/\/www.fotocasa.es\/fotocasa-life\/wp-json\/wp\/v2\/comments?post=23915"}],"version-history":[{"count":0,"href":"https:\/\/www.fotocasa.es\/fotocasa-life\/wp-json\/wp\/v2\/posts\/23915\/revisions"}],"wp:featuredmedia":[{"embeddable":true,"href":"https:\/\/www.fotocasa.es\/fotocasa-life\/wp-json\/wp\/v2\/media\/23727"}],"wp:attachment":[{"href":"https:\/\/www.fotocasa.es\/fotocasa-life\/wp-json\/wp\/v2\/media?parent=23915"}],"wp:term":[{"taxonomy":"category","embeddable":true,"href":"https:\/\/www.fotocasa.es\/fotocasa-life\/wp-json\/wp\/v2\/categories?post=23915"},{"taxonomy":"post_tag","embeddable":true,"href":"https:\/\/www.fotocasa.es\/fotocasa-life\/wp-json\/wp\/v2\/tags?post=23915"}],"curies":[{"name":"wp","href":"https:\/\/api.w.org\/{rel}","templated":true}]}}