{"id":23805,"date":"2017-09-21T11:44:31","date_gmt":"2017-09-21T09:44:31","guid":{"rendered":"https:\/\/www.fotocasa.es\/fotocasa-life\/?p=23805"},"modified":"2020-11-27T13:40:48","modified_gmt":"2020-11-27T12:40:48","slug":"guindos-se-atribuye-el-descenso-de-lanzamientos-mas-alla-de-la-propaganda-antidesahucios","status":"publish","type":"post","link":"https:\/\/www.fotocasa.es\/fotocasa-life\/hipotecas-finanzas\/guindos-se-atribuye-el-descenso-de-lanzamientos-mas-alla-de-la-propaganda-antidesahucios\/","title":{"rendered":"Guindos se atribuye el descenso de lanzamientos \u00abm\u00e1s all\u00e1 de la propaganda antidesahucios\u00bb"},"content":{"rendered":"<p>El ministro de Econom\u00eda, Industria y Competitividad, Luis de Guindos, ha atribuido a las medidas adoptadas por su departamento y el Gobierno en su conjunto la <strong>\u00absignificativa\u00bb ca\u00edda en el n\u00famero de ejecuciones hipotecarias,<\/strong> \u00abm\u00e1s all\u00e1 de la propaganda de los autodenominados grupos antidesahucios\u00bb.<\/p>\n<p>As\u00ed, ha dicho que el n\u00famero de ejecuciones hipotecarias el segundo trimestre del a\u00f1o <strong>fueron un 58% menos que en el primer trimestre de 2014<\/strong>, y que los casos de vivienda habitual de personas f\u00edsica son un tercio de los que se registraban en el primer trimestre de 2014, primer dato de la serie hist\u00f3rica.<\/p>\n<p>Preguntado por el diputado &#8216;popular&#8217; Miguel \u00c1ngel Paniagua por el descenso de los lanzamientos hipotecarios durante la sesi\u00f3n de control al Gobierno celebrada este mi\u00e9rcoles en el Pleno del Congreso, <strong>Guindos ha argumentado que sus pol\u00edticas han \u00abreconducido el mercado inmobiliario y favorecido la recuperaci\u00f3n econ\u00f3mica<\/strong> y la creaci\u00f3n de empleo\u00bb.<\/p>\n<p>\u00abY eso es lo que explica la significativa ca\u00edda que se est\u00e1 dando\u00bb, ha apostillando, manifest\u00e1ndose \u00abconvencido de que, <strong>a medida que avance la recuperaci\u00f3n econ\u00f3mica, esta ca\u00edda continuar\u00e1<\/strong>\u00ab. El ministro cree que existe una \u00abrecuperaci\u00f3n clara del mercado inmobiliario en t\u00e9rminos de precios y transacciones\u00bb.<\/p>\n<p>&nbsp;<\/p>\n<p><strong>La reforma del cr\u00e9dito inmobiliario, \u00aben los pr\u00f3ximos d\u00edas\u00bb<\/strong><\/p>\n<p>Recordando que llevar\u00e1 \u00aben los pr\u00f3ximos d\u00edas\u00bb a la C\u00e1mara Baja nuevas medidas contenidas en la reforma del mercado inmobiliario para <strong>incrementar la transparencia y mejorar las condiciones de los deudores hipotecarios<\/strong>, el ministro ha citado varias de las medidas adoptadas para afrontar el \u00abcar\u00e1cter dram\u00e1tico\u00bb de esta realidad desde su llegada al Gobierno.<\/p>\n<p>As\u00ed, ha citado el c\u00f3digo de buenas pr\u00e1cticas, que <strong>contempla reestructuraci\u00f3n y quitas de deuda<\/strong>, as\u00ed como <a href=\"https:\/\/www.fotocasa.es\/fotocasa-life\/hipotecas-finanzas\/las-daciones-en-pago-mediante-el-codigo-de-buenas-practicas-caen-un-51-en-2016\/\">daci\u00f3n en pago<\/a>, la ampliaci\u00f3n posterior de los colectivos que pod\u00edan beneficiarse de estas medidas, la inclusi\u00f3n de alquileres accesibles, la suspensi\u00f3n de lanzamientos en determinados supuestos o el Fondo Social, con viviendas en \u00abcondiciones muy asequibles\u00bb. \u00abNos vamos acercando a las 90.000 familias que se han acogido a estas medidas\u00bb, ha sostenido.<\/p>\n<p>&nbsp;<\/p>\n<p><strong>M\u00e1s de 50.000 beneficiarios del c\u00f3digo de buenas pr\u00e1cticas<\/strong><\/p>\n<p>Seg\u00fan los datos difundidos este mi\u00e9rcoles por el Ministerio de Econom\u00eda, hasta el pasado mes de julio el n\u00famero de beneficiarios por la <strong>reestructuraci\u00f3n de su deuda hipotecaria a partir de este c\u00f3digo de buenas pr\u00e1cticas<\/strong> ascendi\u00f3 a 50.272 personas.<\/p>\n<p>En m\u00e1s de cinco a\u00f1os de vigencia, a partir de este acuerdo<strong> se han llevado a cabo 42.575 reestructuraciones viables, 7.324 daciones en pago y 8 quitas<\/strong>. Por su parte, el Fondo Social de Vivienda ha permitido la realizaci\u00f3n de 9.020 contratos de alquiler (hasta diciembre de 2016) y la moratoria hipotecaria ha propiciado la suspensi\u00f3n de 27.400 desahucios (hasta septiembre de 2017).<\/p>\n<p>&nbsp;<\/p>\n<p><strong>Cr\u00e9ditos otorgados en \u00aba\u00f1os de la burbuja\u00bb<\/strong><\/p>\n<p>Por su parte, el diputado &#8216;popular&#8217; Miguel \u00c1ngel Paniagua, que hab\u00eda reclamado al ministro una valoraci\u00f3n sobre la ca\u00edda de lanzamientos, ha recordado que los datos difundidos por el Instituto Nacional de Estad\u00edstica recog\u00eda un <strong>descenso en el segundo trimestre del a\u00f1o del 56,8% en las ejecuciones hipotecarias<\/strong> de vivienda habitual.<\/p>\n<p>Del total de 13.605,<strong> las viviendas habituales de personas f\u00edsicas fueron 2.788<\/strong>, y mientras que el 51% de las ejecuciones fueron viviendas, las habituales supusieron el 20,5%.<\/p>\n<p>Adem\u00e1s, Paniagua ha subrayado que casi <strong>el 60% de estos casos se derivaban de operaciones concedidas entre 2005 a 2008<\/strong>, \u00ablos a\u00f1os de la burbuja\u00bb. \u00abEs posible que muchas de ellas se hayan dado en condiciones por encima de lo que aconseja la prudencia bancaria\u00bb, ha apostillado.<\/p>\n","protected":false},"excerpt":{"rendered":"<p>El ministro Luis de Guindos atribuye el descenso de lanzamientos a las pol\u00edticas del gobierno, pese a lo que denomina propaganda antidesahucios.<\/p>\n","protected":false},"author":3,"featured_media":23807,"comment_status":"open","ping_status":"closed","sticky":false,"template":"","format":"standard","meta":{"_lmt_disableupdate":"yes","_lmt_disable":"","footnotes":""},"categories":[6],"tags":[360,358,455],"class_list":["post-23805","post","type-post","status-publish","format-standard","has-post-thumbnail","hentry","category-hipotecas-finanzas","tag-dacion-en-pago","tag-desahucios","tag-deuda-hipotecaria"],"modified_by":"Albert PC","_links":{"self":[{"href":"https:\/\/www.fotocasa.es\/fotocasa-life\/wp-json\/wp\/v2\/posts\/23805","targetHints":{"allow":["GET"]}}],"collection":[{"href":"https:\/\/www.fotocasa.es\/fotocasa-life\/wp-json\/wp\/v2\/posts"}],"about":[{"href":"https:\/\/www.fotocasa.es\/fotocasa-life\/wp-json\/wp\/v2\/types\/post"}],"author":[{"embeddable":true,"href":"https:\/\/www.fotocasa.es\/fotocasa-life\/wp-json\/wp\/v2\/users\/3"}],"replies":[{"embeddable":true,"href":"https:\/\/www.fotocasa.es\/fotocasa-life\/wp-json\/wp\/v2\/comments?post=23805"}],"version-history":[{"count":0,"href":"https:\/\/www.fotocasa.es\/fotocasa-life\/wp-json\/wp\/v2\/posts\/23805\/revisions"}],"wp:featuredmedia":[{"embeddable":true,"href":"https:\/\/www.fotocasa.es\/fotocasa-life\/wp-json\/wp\/v2\/media\/23807"}],"wp:attachment":[{"href":"https:\/\/www.fotocasa.es\/fotocasa-life\/wp-json\/wp\/v2\/media?parent=23805"}],"wp:term":[{"taxonomy":"category","embeddable":true,"href":"https:\/\/www.fotocasa.es\/fotocasa-life\/wp-json\/wp\/v2\/categories?post=23805"},{"taxonomy":"post_tag","embeddable":true,"href":"https:\/\/www.fotocasa.es\/fotocasa-life\/wp-json\/wp\/v2\/tags?post=23805"}],"curies":[{"name":"wp","href":"https:\/\/api.w.org\/{rel}","templated":true}]}}