{"id":23767,"date":"2017-09-19T16:20:50","date_gmt":"2017-09-19T14:20:50","guid":{"rendered":"https:\/\/www.fotocasa.es\/fotocasa-life\/?p=23767"},"modified":"2020-11-27T13:40:54","modified_gmt":"2020-11-27T12:40:54","slug":"la-deuda-publica-baja-casi-5-000-millones-en-julio-pero-sigue-en-el-entorno-del-100-del-pib","status":"publish","type":"post","link":"https:\/\/www.fotocasa.es\/fotocasa-life\/hipotecas-finanzas\/la-deuda-publica-baja-casi-5-000-millones-en-julio-pero-sigue-en-el-entorno-del-100-del-pib\/","title":{"rendered":"La deuda p\u00fablica baja casi 5.000 millones en julio pero sigue en el entorno del 100% del PIB"},"content":{"rendered":"<p>La deuda del conjunto de las administraciones p\u00fablicas<strong> alcanz\u00f3 los 1,134 billones de euros en julio<\/strong>, lo que representa una ca\u00edda de 4.872 millones de euros respecto al mes anterior, hasta situarse algo por debajo del 100% del <a href=\"https:\/\/www.fotocasa.es\/fotocasa-life\/hipotecas-finanzas\/de-guindos-asegura-que-el-pib-crecera-este-ano-por-encima-del-3-y-que-los-pge-de-2018-saldran-adelante\/\">PIB<\/a> (99,67%), seg\u00fan datos del Banco de Espa\u00f1a.<\/p>\n<p>De esta forma,<strong> la deuda p\u00fablica rompe la tendencia de los dos meses anteriores<\/strong> en los que se hab\u00eda incrementando y cae en casi 5.000 millones de euros. Desde el comienzo del a\u00f1o, el endeudamiento p\u00fablico s\u00f3lo ha ca\u00eddo dos meses, en el mes de abril, cuando baj\u00f3 en m\u00e1s de 11.000 millones de euros, y ahora en julio.<\/p>\n<p>En tasa interanual, la deuda de las administraciones p\u00fablicas respecto a julio del a\u00f1o anterior <strong>creci\u00f3 en 31.621 millones de euros<\/strong>, un 2,8% m\u00e1s.<\/p>\n<p>Seg\u00fan el Ministerio de Econom\u00eda, teniendo en cuenta el calendario de emisiones y amortizaciones previsto, la cifra de deuda del entorno del 100% del PIB en julio es <strong>compatible con la consecuci\u00f3n del 98,8% del PIB previsto para finales de a\u00f1o<\/strong>. De esta forma, Econom\u00eda cree que se mantendr\u00e1 el proceso de reducci\u00f3n de la deuda\/PIB iniciado en 2015.<\/p>\n<p>&nbsp;<\/p>\n<p><strong>Caen todos los valores<\/strong><\/p>\n<p>El grueso de la deuda en manos de las administraciones p\u00fablicas se sigue encontrando en valores a medio y largo plazo, que suponen las tres cuartas partes (77,1%) de la deuda total. <strong>Estos valores cayeron en julio en 528 millones de euros respecto al mes de junio<\/strong>, hasta los 875.457 millones de euros, pero en tasa interanual registraron un crecimiento del 6,6%.<\/p>\n<p>Asimismo, <strong>la deuda p\u00fablica en valores a corto plazo se redujo en el s\u00e9ptimo mes del a\u00f1o<\/strong> en 1.507 millones de euros, hasta los 75.730 millones, encadenando seis meses seguidos a la baja. En el \u00faltimo a\u00f1o, los valores a corto plazo en manos de las administraciones p\u00fablicas se ha reducido un 5,1%.<\/p>\n<p>Por \u00faltimo, los cr\u00e9ditos no comerciales y <strong>el resto de pr\u00e9stamos tambi\u00e9n cayeron en julio<\/strong>, con un descenso de 2.837 millones de euros, hasta los 182.839 millones, mientras que respecto a julio de un a\u00f1o antes, los cr\u00e9ditos no comerciales han ca\u00eddo un 9,4%.<\/p>\n","protected":false},"excerpt":{"rendered":"<p>La deuda p\u00fablica se reduce en julio en casi 5.000 millones. A pesar de eso, se sit\u00faa entorno del 100% del Producto Interior Bruto.<\/p>\n","protected":false},"author":3,"featured_media":23769,"comment_status":"open","ping_status":"closed","sticky":false,"template":"","format":"standard","meta":{"_lmt_disableupdate":"yes","_lmt_disable":"","footnotes":""},"categories":[6],"tags":[454,195],"class_list":["post-23767","post","type-post","status-publish","format-standard","has-post-thumbnail","hentry","category-hipotecas-finanzas","tag-descenso-endeudamiento","tag-pib"],"modified_by":"Albert PC","_links":{"self":[{"href":"https:\/\/www.fotocasa.es\/fotocasa-life\/wp-json\/wp\/v2\/posts\/23767","targetHints":{"allow":["GET"]}}],"collection":[{"href":"https:\/\/www.fotocasa.es\/fotocasa-life\/wp-json\/wp\/v2\/posts"}],"about":[{"href":"https:\/\/www.fotocasa.es\/fotocasa-life\/wp-json\/wp\/v2\/types\/post"}],"author":[{"embeddable":true,"href":"https:\/\/www.fotocasa.es\/fotocasa-life\/wp-json\/wp\/v2\/users\/3"}],"replies":[{"embeddable":true,"href":"https:\/\/www.fotocasa.es\/fotocasa-life\/wp-json\/wp\/v2\/comments?post=23767"}],"version-history":[{"count":0,"href":"https:\/\/www.fotocasa.es\/fotocasa-life\/wp-json\/wp\/v2\/posts\/23767\/revisions"}],"wp:featuredmedia":[{"embeddable":true,"href":"https:\/\/www.fotocasa.es\/fotocasa-life\/wp-json\/wp\/v2\/media\/23769"}],"wp:attachment":[{"href":"https:\/\/www.fotocasa.es\/fotocasa-life\/wp-json\/wp\/v2\/media?parent=23767"}],"wp:term":[{"taxonomy":"category","embeddable":true,"href":"https:\/\/www.fotocasa.es\/fotocasa-life\/wp-json\/wp\/v2\/categories?post=23767"},{"taxonomy":"post_tag","embeddable":true,"href":"https:\/\/www.fotocasa.es\/fotocasa-life\/wp-json\/wp\/v2\/tags?post=23767"}],"curies":[{"name":"wp","href":"https:\/\/api.w.org\/{rel}","templated":true}]}}