{"id":23722,"date":"2017-09-18T12:01:31","date_gmt":"2017-09-18T10:01:31","guid":{"rendered":"https:\/\/www.fotocasa.es\/fotocasa-life\/?p=23722"},"modified":"2020-11-27T13:40:55","modified_gmt":"2020-11-27T12:40:55","slug":"de-guindos-asegura-que-el-pib-crecera-este-ano-por-encima-del-3-y-que-los-pge-de-2018-saldran-adelante","status":"publish","type":"post","link":"https:\/\/www.fotocasa.es\/fotocasa-life\/hipotecas-finanzas\/de-guindos-asegura-que-el-pib-crecera-este-ano-por-encima-del-3-y-que-los-pge-de-2018-saldran-adelante\/","title":{"rendered":"De Guindos asegura que el PIB crecer\u00e1 este a\u00f1o por encima del 3% y que los PGE de 2018 saldr\u00e1n adelante"},"content":{"rendered":"<p>El ministro de Econom\u00eda y Competitividad, Luis de Guindos, ha indicado este lunes <strong>que el <a href=\"https:\/\/www.fotocasa.es\/fotocasa-life\/hipotecas-finanzas\/la-politica-no-convencional-del-bce-aporto-17-puntos-al-pib-espanol-en-tres-anos-y-redujo-casi-2-el-deficit\/\">PIB<\/a> crecer\u00e1 este a\u00f1o por encima del 3% y, por ello, el Gobierno va a revisar al alza la estimaci\u00f3n del 3%<\/strong> para el conjunto de 2017, as\u00ed como las previsiones de creaci\u00f3n de empleo y tasa de paro, que tambi\u00e9n ser\u00e1n mejoradas el viernes, coincidiendo con la aprobaci\u00f3n de los Presupuestos Generales del Estado para el pr\u00f3ximo a\u00f1o.<\/p>\n<p>De Guindos, en declaraciones a la cadena COPE, <strong>destac\u00f3 que el PIB ha crecido al 3,5% en t\u00e9rminos anualizados durante el primer semestre del a\u00f1o<\/strong>, con datos de empleo que han sido \u00abbuenos\u00bb, y \u00abm\u00e1s all\u00e1 de datos muy puntuales y muy espec\u00edficos\u00bb, el segundo semestre del a\u00f1o \u00abno va a ser muy diferente de lo que fue el primero\u00bb.<\/p>\n<p>\u00abPor tanto, la <strong>econom\u00eda espa\u00f1ola en este ejercicio va a crecer m\u00e1s del 3%<\/strong>, que era nuestra proyecci\u00f3n inicial y que el viernes vamos a revisar y, por otro lado tambi\u00e9n, lo que son las variables del mercado laboral, ocupaci\u00f3n y paro, que van a ir mejor de lo que hab\u00edamos calculado hace unos meses\u00bb, reiter\u00f3 el ministro.<\/p>\n<p>Preguntado acerca del peor dato del paro del mes de agosto, De Guindos dijo que es verdad que<strong> los datos de afiliaci\u00f3n de julio y agosto fueron menores,<\/strong> pero explic\u00f3 que se debe a que durante el primer semestre se produjeron crecimientos \u00abmuy altos\u00bb, por lo que en julio y agosto se ha producido una cierta \u00abnormalizaci\u00f3n\u00bb de las afiliaciones, que a\u00fan crecen por encima del 3% en tasa interanual.<\/p>\n<p>El ministro tambi\u00e9n <strong>se mostr\u00f3 confiado en sacar adelante los Presupuestos Generales del Estado de 2018<\/strong>, que aprueba este viernes el Consejo de Ministros, y desvincul\u00f3 su aprobaci\u00f3n del desaf\u00edo independentista catal\u00e1n. As\u00ed, afirm\u00f3 que el Gobierno contar\u00e1 \u00abcon los mismos apoyos\u00bb que tuvo para sacar adelante las cuentas de este a\u00f1o y a\u00f1adi\u00f3 que el PNV ya ha asegurado que los Presupuestos no tienen nada que ver con Catalu\u00f1a.<\/p>\n<p>De esta forma, <strong>confi\u00f3 en que se aprobar\u00e1n en el Parlamento porque es una manera de garantizar la recuperaci\u00f3n<\/strong> y de llevar a cabo una rebaja de impuestos para las rentas m\u00e1s reducidas, al tiempo que se lanza tambi\u00e9n una se\u00f1al de estabilidad, que es \u00abmuy importante\u00bb teniendo en cuenta que Espa\u00f1a a\u00fan tiene una tasa de paro del 17%.<\/p>\n<p>&nbsp;<\/p>\n<p><strong>Evoluci\u00f3n salarial<\/strong><\/p>\n<p>Por \u00faltimo, preguntado sobre si hay discrepancias en el Gobierno acerca de la subida de salarios, De Guindos indic\u00f3 que la posici\u00f3n del Ejecutivo es \u00abhomog\u00e9nea\u00bb y sin divergencias, y asegur\u00f3 que <strong>habr\u00e1 empresas donde las subidas pueden ser del 10% y en otras del 1%, dependiendo de la situaci\u00f3n econ\u00f3mica<\/strong> de cada negocio. No obstante, precis\u00f3 que hay que tener en cuenta que todav\u00eda Espa\u00f1a tiene una tasa de paro del 17% y que la \u00abprioridad\u00bb es crear empleo.<\/p>\n<p>En este sentido, dijo que el menor peso de los salarios en la \u00abtarta\u00bb del PIB no es por el proceso de moderaci\u00f3n salarial sino porque todav\u00eda <strong>hay menos empleos que antes de la crisis<\/strong>. A partir de ah\u00ed, se\u00f1al\u00f3, como la evoluci\u00f3n econ\u00f3mica se est\u00e1 recuperando, tiene que ir produci\u00e9ndose un proceso de \u00abnormalizaci\u00f3n salarial\u00bb, dado que \u00abla Espa\u00f1a de 2017 no es la Espa\u00f1a de 2011\u00bb.<\/p>\n","protected":false},"excerpt":{"rendered":"<p>El ministro de Econom\u00eda Luis de Guindos ha asegurado esta ma\u00f1ana que el PIB crecer\u00e1 este a\u00f1o por encima del 3% y que se revisar\u00e1 la estimaci\u00f3n de 2017.<\/p>\n","protected":false},"author":3,"featured_media":23727,"comment_status":"open","ping_status":"closed","sticky":false,"template":"","format":"standard","meta":{"_lmt_disableupdate":"yes","_lmt_disable":"","footnotes":""},"categories":[6],"tags":[713,195],"class_list":["post-23722","post","type-post","status-publish","format-standard","has-post-thumbnail","hentry","category-hipotecas-finanzas","tag-luis-de-guindos","tag-pib"],"modified_by":"Albert PC","_links":{"self":[{"href":"https:\/\/www.fotocasa.es\/fotocasa-life\/wp-json\/wp\/v2\/posts\/23722","targetHints":{"allow":["GET"]}}],"collection":[{"href":"https:\/\/www.fotocasa.es\/fotocasa-life\/wp-json\/wp\/v2\/posts"}],"about":[{"href":"https:\/\/www.fotocasa.es\/fotocasa-life\/wp-json\/wp\/v2\/types\/post"}],"author":[{"embeddable":true,"href":"https:\/\/www.fotocasa.es\/fotocasa-life\/wp-json\/wp\/v2\/users\/3"}],"replies":[{"embeddable":true,"href":"https:\/\/www.fotocasa.es\/fotocasa-life\/wp-json\/wp\/v2\/comments?post=23722"}],"version-history":[{"count":0,"href":"https:\/\/www.fotocasa.es\/fotocasa-life\/wp-json\/wp\/v2\/posts\/23722\/revisions"}],"wp:featuredmedia":[{"embeddable":true,"href":"https:\/\/www.fotocasa.es\/fotocasa-life\/wp-json\/wp\/v2\/media\/23727"}],"wp:attachment":[{"href":"https:\/\/www.fotocasa.es\/fotocasa-life\/wp-json\/wp\/v2\/media?parent=23722"}],"wp:term":[{"taxonomy":"category","embeddable":true,"href":"https:\/\/www.fotocasa.es\/fotocasa-life\/wp-json\/wp\/v2\/categories?post=23722"},{"taxonomy":"post_tag","embeddable":true,"href":"https:\/\/www.fotocasa.es\/fotocasa-life\/wp-json\/wp\/v2\/tags?post=23722"}],"curies":[{"name":"wp","href":"https:\/\/api.w.org\/{rel}","templated":true}]}}