{"id":23656,"date":"2017-09-13T16:02:14","date_gmt":"2017-09-13T14:02:14","guid":{"rendered":"https:\/\/www.fotocasa.es\/fotocasa-life\/?p=23656"},"modified":"2020-11-27T13:40:58","modified_gmt":"2020-11-27T12:40:58","slug":"el-ipc-sube-una-decima-en-agosto-hasta-el-16-por-el-alza-de-los-carburantes","status":"publish","type":"post","link":"https:\/\/www.fotocasa.es\/fotocasa-life\/hipotecas-finanzas\/el-ipc-sube-una-decima-en-agosto-hasta-el-16-por-el-alza-de-los-carburantes\/","title":{"rendered":"El IPC sube una d\u00e9cima en agosto hasta el 1,6% por el alza de los carburantes"},"content":{"rendered":"<p>El \u00cdndice de Precios de Consumo (IPC)<strong> subi\u00f3 una d\u00e9cima en agosto hasta el 1,6%<\/strong>, impulsado por el alza de los precios de los carburantes, seg\u00fan los datos definitivos publicados este mi\u00e9rcoles por el Instituto Nacional de Estad\u00edstica (INE).<\/p>\n<p>El organismo estad\u00edstico, que confirma de este modo los datos avanzados a finales del mes pasado, ha explicado que en el comportamiento de la tasa interanual del IPC de julio han destacado los precios del transporte, que elevaron su variaci\u00f3n anual casi un punto, hasta el 3,3% a causa, fundamentalmente, de la <strong>subida de los precios de los carburantes en agosto<\/strong>, frente al descenso registrado el a\u00f1o pasado.<\/p>\n<p>El INE destaca en este grupo adem\u00e1s el incremento de los precios de los autom\u00f3viles, menor que el reflejado en agosto de 2016.\u00a0<strong>Tambi\u00e9n ha influido la vivienda, que elev\u00f3 una d\u00e9cima su tasa, hasta el 3,3%<\/strong>, debido a que los precios del gas y gas\u00f3leo para calefacci\u00f3n subieron en agosto, mientras que bajaron el mismo mes del a\u00f1o pasado.<\/p>\n<p>Tambi\u00e9n destaca en esre grupo, aunque en sentido contrario, el mantenimiento de los <a href=\"https:\/\/www.fotocasa.es\/fotocasa-life\/hogar\/energia\/precio-la-electricidad-minimo\/\">precios de la electricidad<\/a>, que <strong>aumentaron en 2016<\/strong>.<\/p>\n<p>Por el contrario, en agosto destac\u00f3 el <strong>descenso de la tasa interanual del grupo de otros bienes y servicios en cuatro d\u00e9cimas<\/strong>, hasta el 0,6%, por el comportamiento de los precios de los seguros, que subieron menos este mes que en agosto del a\u00f1o pasado; y el retroceso en ocho d\u00e9cimas, hasta el 0,7%, de las comunicaciones debido a la estabilidad de los precios de los servicios de telefon\u00eda y fax, frente al aumento registrado en 2016.<\/p>\n<p><strong>A ellos se suman los alimentos y bebidas no alcoh\u00f3licas<\/strong>, con una tasa anual del 0,0%, una d\u00e9cima por debajo de la de julio, causada por la bajada de los precios de las frutas, mayor que la de agosto del a\u00f1o pasado.<\/p>\n<p><strong>El IPC interanual arranc\u00f3 el a\u00f1o en el 3%, su tasa m\u00e1s alta desde octubre de 2012<\/strong>. En febrero se repiti\u00f3 el mismo porcentaje, pero en marzo, por primera vez en siete meses, la inflaci\u00f3n recort\u00f3 su tasa interanual hasta el 2,3%. En abril, el IPC volvi\u00f3 a subir, hasta el 2,6%, y en mayo cay\u00f3 hasta el 1,9%, al tiempo que en junio volvi\u00f3 a bajar hasta el 1,5%, tasa que se repiti\u00f3 en julio.<\/p>\n<p>La de agosto es la duod\u00e9cima tasa positiva que encadena el IPC interanual tras ocho meses en negativo. En el octavo mes del a\u00f1o, el \u00cdndice de Precios de Consumo Armonizado (IPCA) <strong>aument\u00f3 tres d\u00e9cimas su tasa interanual<\/strong>, hasta el 2%.<\/p>\n<p>En t\u00e9rminos mensuales, <strong>el IPC subi\u00f3 un 0,2% respecto a julio<\/strong>, mes en el que los precios cayeron un 0,7%.<\/p>\n<p>La inflaci\u00f3n subyacente, que <strong>no incluye los precios de los productos energ\u00e9ticos ni de los alimentos no elaborados<\/strong>, cay\u00f3 dos d\u00e9cimas en agosto, hasta el 1,2%, situ\u00e1ndose cuatro d\u00e9cimas por debajo de la tasa general del IPC.<\/p>\n<p>&nbsp;<\/p>\n<p><strong>Los precios suben en tasa mensual<\/strong><\/p>\n<p>En t\u00e9rminos mensuales, <strong>el IPC avanz\u00f3 un 0,2% respecto a julio.<\/strong> Los grupos que m\u00e1s influyeron en este ascenso fueron el transporte, con una variaci\u00f3n del 0,8% causada, principalmente, por el incremento de los precios de los carburantes y, en menor medida, el transporte a\u00e9reo de pasajeros, y el ocio y cultura, cuya tasa del 1,1% es consecuencia, en su mayor\u00eda, de la subida de los precios de los paquetes tur\u00edsticos, habitual en la temporada vacacional.<\/p>\n<p>A ellos se sumaron<strong> los hoteles, caf\u00e9s y restaurantes, con una tasa del 0,4%<\/strong> por el aumento de los precios de los servicios de alojamiento y, en menor medida, la restauraci\u00f3n, y la vivienda, cuya variaci\u00f3n mensual fue del 0,1% por la subida de los precios del gas.<\/p>\n<p>Por el contrario, los <strong>grupos con repercusi\u00f3n negativa que m\u00e1s influyeron<\/strong> fueron el vestido y calzado, con una tasa del -1,2%, que recoge el comportamiento de los precios en el \u00faltimo mes de rebajas, y alimentaci\u00f3n y bebidas no alcoh\u00f3licas, con una variaci\u00f3n del -0,1%, por la bajada de los precios de las frutas.<\/p>\n<p>&nbsp;<\/p>\n<p><strong>La fruta fresca cuesta un 14,8% menos que hace un a\u00f1o<\/strong><\/p>\n<p>Por r\u00fabricas, las <strong>r\u00fabricas que experimentan los mayores descensos<\/strong> de precios en tasa interanual fueron la fruta fresca (-14,8%), las patatas y sus preparados (-8,1%) y el calzado de ni\u00f1o (-4,3%).<\/p>\n<p>En el lado opuesto, los mayores <strong>ascensos de precios en el \u00faltimo a\u00f1o los experimentan aceites y grasas<\/strong> (+7%), calefacci\u00f3n, alumbrado y distribuci\u00f3n de agua (+6,1%) y crust\u00e1ceos, moluscos y preparados de pescado (+4,9%).<\/p>\n<p>La tasa anual del IPC aument\u00f3 en diez comunidades aut\u00f3nomas en agosto respecto a julio. <strong>Los mayores aumentos se produjeron en Cantabria y Principado de Asturias<\/strong>, con subidas de cinco y dos d\u00e9cimas, respectivamente.<\/p>\n<p>Por su parte, <strong>Navarra y La Rioja fueron las comunidades que m\u00e1s descendieron su tasa<\/strong>, situ\u00e1ndola dos d\u00e9cimas por debajo de la del mes pasado.<\/p>\n","protected":false},"excerpt":{"rendered":"<p>El IPC aumenta en agosto una d\u00e9cima, hasta el 1,6%, seg\u00fan los datos definitivos del INE. La raz\u00f3n del incremento es el alza de los carburantes.<\/p>\n","protected":false},"author":3,"featured_media":18004,"comment_status":"open","ping_status":"closed","sticky":false,"template":"","format":"standard","meta":{"_lmt_disableupdate":"yes","_lmt_disable":"","footnotes":""},"categories":[6],"tags":[157,538],"class_list":["post-23656","post","type-post","status-publish","format-standard","has-post-thumbnail","hentry","category-hipotecas-finanzas","tag-ine","tag-ipc"],"modified_by":"Albert PC","_links":{"self":[{"href":"https:\/\/www.fotocasa.es\/fotocasa-life\/wp-json\/wp\/v2\/posts\/23656","targetHints":{"allow":["GET"]}}],"collection":[{"href":"https:\/\/www.fotocasa.es\/fotocasa-life\/wp-json\/wp\/v2\/posts"}],"about":[{"href":"https:\/\/www.fotocasa.es\/fotocasa-life\/wp-json\/wp\/v2\/types\/post"}],"author":[{"embeddable":true,"href":"https:\/\/www.fotocasa.es\/fotocasa-life\/wp-json\/wp\/v2\/users\/3"}],"replies":[{"embeddable":true,"href":"https:\/\/www.fotocasa.es\/fotocasa-life\/wp-json\/wp\/v2\/comments?post=23656"}],"version-history":[{"count":0,"href":"https:\/\/www.fotocasa.es\/fotocasa-life\/wp-json\/wp\/v2\/posts\/23656\/revisions"}],"wp:featuredmedia":[{"embeddable":true,"href":"https:\/\/www.fotocasa.es\/fotocasa-life\/wp-json\/wp\/v2\/media\/18004"}],"wp:attachment":[{"href":"https:\/\/www.fotocasa.es\/fotocasa-life\/wp-json\/wp\/v2\/media?parent=23656"}],"wp:term":[{"taxonomy":"category","embeddable":true,"href":"https:\/\/www.fotocasa.es\/fotocasa-life\/wp-json\/wp\/v2\/categories?post=23656"},{"taxonomy":"post_tag","embeddable":true,"href":"https:\/\/www.fotocasa.es\/fotocasa-life\/wp-json\/wp\/v2\/tags?post=23656"}],"curies":[{"name":"wp","href":"https:\/\/api.w.org\/{rel}","templated":true}]}}