{"id":23635,"date":"2017-09-12T15:49:50","date_gmt":"2017-09-12T13:49:50","guid":{"rendered":"https:\/\/www.fotocasa.es\/fotocasa-life\/?p=23635"},"modified":"2021-02-04T10:07:22","modified_gmt":"2021-02-04T09:07:22","slug":"el-ine-revisa-al-alza-una-decima-el-crecimiento-de-la-economia-espanola-en-2016-hasta-el-33","status":"publish","type":"post","link":"https:\/\/www.fotocasa.es\/fotocasa-life\/hipotecas-finanzas\/el-ine-revisa-al-alza-una-decima-el-crecimiento-de-la-economia-espanola-en-2016-hasta-el-33\/","title":{"rendered":"El INE revisa al alza una d\u00e9cima el crecimiento de la econom\u00eda espa\u00f1ola en 2016, hasta el 3,3%"},"content":{"rendered":"<p>El Instituto Nacional de Estad\u00edstica (INE) ha revisado al alza una d\u00e9cima el <a href=\"https:\/\/www.fotocasa.es\/fotocasa-life\/hipotecas-finanzas\/el-pib-acelera-su-crecimiento-al-09-en-el-segundo-trimestre-por-el-empuje-del-consumo\/\">crecimiento de la econom\u00eda espa\u00f1ola<\/a> en 2016, hasta el 3,3%, respecto a su anterior c\u00e1lculo de marzo, y <strong>eleva en dos d\u00e9cimas el crecimiento de 2015<\/strong>, hasta el 3,4%, seg\u00fan la Contabilidad Nacional Anual publicada este martes por el organismo.<\/p>\n<p>La revisi\u00f3n de 2016 se debe a que se han producido algunas variaciones en la composici\u00f3n de dicho crecimiento respecto a las estimaciones de la Contabilidad Nacional Trimestral (CNTR) del pasado 2 de marzo, con <strong>una menor aportaci\u00f3n de la demanda nacional<\/strong> (2,5%, frente a 2,8%) y una mayor aportaci\u00f3n de la demanda externa (0,7%, frente a 0,5%).<\/p>\n<p>De esta forma, el INE confirma que <strong>el crecimiento del a\u00f1o pasado fue ligeramente superior al 3,2% adelantado por el organismo en marzo<\/strong>, pero una d\u00e9cima inferior al del a\u00f1o 2015 (+3,4%), cuando el PIB registr\u00f3 el mayor incremento desde el a\u00f1o 2007 (+3,8%).<\/p>\n<p>Como consecuencia de la actualizaci\u00f3n de la serie contable, el <strong>crecimiento en volumen el PIB en el a\u00f1o de referencia 2014 se mantiene en el 1,4%<\/strong>, mientras que el correspondiente al a\u00f1o 2015 se revisa al alza en dos d\u00e9cimas, hasta el 3,4%. As\u00ed, es el tercer a\u00f1o consecutivo en el que aumenta el PIB nacional.<\/p>\n<p>El crecimiento del 3,3% logrado el a\u00f1o pasado supone adem\u00e1s <strong>una d\u00e9cima m\u00e1s que la previsi\u00f3n que hab\u00eda realizado el Banco de Espa\u00f1a<\/strong> y de lo estimado oficialmente por el Gobierno en el cuadro macroecon\u00f3mico.<\/p>\n<p>&nbsp;<\/p>\n<p><strong>Menor demanda nacional<\/strong><\/p>\n<p>Por lo que se refiere a la demanda nacional en 2016,<strong> el INE ha revisado a la baja tanto el crecimiento interanual en volumen del gasto en consumo final<\/strong> (del 2,6% al 2,5%) como el de la formaci\u00f3n bruta de capital (del 3,8% al 3,1%). As\u00ed, la demanda nacional creci\u00f3 un 2,6% en 2016, frente al 2,9% de 2015.<\/p>\n<p>La actualizaci\u00f3n de la variaci\u00f3n en volumen del gasto en consumo final<strong> se debe a la revisi\u00f3n a la baja del crecimiento en volumen del gasto en consumo final de los hogares<\/strong> e Instituciones sin fines de lucro al servicio de los hogares (ISFLSH), que pasa del 3,2% al 3%.<\/p>\n<p>Por su parte, la<strong> estimaci\u00f3n del crecimiento del gasto en consumo final de las administraciones p\u00fablicas permanece<\/strong> pr\u00e1cticamente inalterada, en un 0,8%.<\/p>\n<p>En lo que respecta a la demanda externa, <strong>el crecimiento en volumen de las exportaciones respecto al a\u00f1o 2015<\/strong> se estima en el 4,8%, frente al 4,4% publicado en marzo, mientras que el de las importaciones se cifra en un 2,7% frente al 3,3% previo.<\/p>\n<p>A precios corrientes,<strong> la tasa de variaci\u00f3n interanual del PIB de 2016 fue del 3,6%<\/strong>, pr\u00e1cticamente igual a la estimada en marzo. Con ello, el valor del PIB a precios corrientes para ese a\u00f1o se sit\u00faa en 1.118.522 millones de euros.<\/p>\n<p>&nbsp;<\/p>\n<p><strong>Revisa al alza el empleo<\/strong><\/p>\n<p>El deflactor impl\u00edcito del PIB se estima en un 0,3%, lo que pr\u00e1cticamente<strong> coincide con el valor proporcionado por el c\u00e1lculo anterior<\/strong>. El empleo en t\u00e9rminos de puestos de trabajo equivalentes a tiempo completo se cifra en 17,4 millones, lo que supone un incremento del 3% respecto al a\u00f1o anterior.<\/p>\n<p>En el c\u00e1lculo de marzo, el INE estimaba, en tasa interanual, que el<strong> empleo hab\u00eda registrado un avance del 2,7%, con una creaci\u00f3n neta aproximada de 463.000 empleos<\/strong> equivalentes a tiempo completo en un a\u00f1o, por lo que finalmente ha elevado en tres d\u00e9cimas su estimaci\u00f3n.<\/p>\n<p>Adem\u00e1s, la <strong>remuneraci\u00f3n de los asalariados se elev\u00f3 un 2,9% el ejercicio pasado<\/strong>, hasta los 532.852 millones de euros.<\/p>\n<p>Finalmente, de la nueva estimaci\u00f3n de los flujos de renta con el Resto del Mundo se obtiene que la <strong>Renta Nacional Bruta de Espa\u00f1a asciende a 1.118.268 millones de euros<\/strong> en 2016.<\/p>\n","protected":false},"excerpt":{"rendered":"<p>El crecimiento de la econom\u00eda espa\u00f1ola ha sido revisado al alza por el INE en 2016, con un 3,3%. Este se ha elevado en dos d\u00e9cimas respecto a 2015. <\/p>\n","protected":false},"author":3,"featured_media":23637,"comment_status":"open","ping_status":"closed","sticky":false,"template":"","format":"standard","meta":{"_lmt_disableupdate":"yes","_lmt_disable":"","footnotes":""},"categories":[6],"tags":[157,195],"class_list":["post-23635","post","type-post","status-publish","format-standard","has-post-thumbnail","hentry","category-hipotecas-finanzas","tag-ine","tag-pib"],"modified_by":null,"_links":{"self":[{"href":"https:\/\/www.fotocasa.es\/fotocasa-life\/wp-json\/wp\/v2\/posts\/23635","targetHints":{"allow":["GET"]}}],"collection":[{"href":"https:\/\/www.fotocasa.es\/fotocasa-life\/wp-json\/wp\/v2\/posts"}],"about":[{"href":"https:\/\/www.fotocasa.es\/fotocasa-life\/wp-json\/wp\/v2\/types\/post"}],"author":[{"embeddable":true,"href":"https:\/\/www.fotocasa.es\/fotocasa-life\/wp-json\/wp\/v2\/users\/3"}],"replies":[{"embeddable":true,"href":"https:\/\/www.fotocasa.es\/fotocasa-life\/wp-json\/wp\/v2\/comments?post=23635"}],"version-history":[{"count":0,"href":"https:\/\/www.fotocasa.es\/fotocasa-life\/wp-json\/wp\/v2\/posts\/23635\/revisions"}],"wp:featuredmedia":[{"embeddable":true,"href":"https:\/\/www.fotocasa.es\/fotocasa-life\/wp-json\/wp\/v2\/media\/23637"}],"wp:attachment":[{"href":"https:\/\/www.fotocasa.es\/fotocasa-life\/wp-json\/wp\/v2\/media?parent=23635"}],"wp:term":[{"taxonomy":"category","embeddable":true,"href":"https:\/\/www.fotocasa.es\/fotocasa-life\/wp-json\/wp\/v2\/categories?post=23635"},{"taxonomy":"post_tag","embeddable":true,"href":"https:\/\/www.fotocasa.es\/fotocasa-life\/wp-json\/wp\/v2\/tags?post=23635"}],"curies":[{"name":"wp","href":"https:\/\/api.w.org\/{rel}","templated":true}]}}