{"id":23455,"date":"2017-08-28T16:36:11","date_gmt":"2017-08-28T14:36:11","guid":{"rendered":"https:\/\/www.fotocasa.es\/fotocasa-life\/?p=23455"},"modified":"2020-11-27T13:41:09","modified_gmt":"2020-11-27T12:41:09","slug":"la-airef-enfria-la-aceleracion-del-pib-los-dos-ultimos-trimestres-del-ano","status":"publish","type":"post","link":"https:\/\/www.fotocasa.es\/fotocasa-life\/hipotecas-finanzas\/la-airef-enfria-la-aceleracion-del-pib-los-dos-ultimos-trimestres-del-ano\/","title":{"rendered":"La AIReF enfr\u00eda la aceleraci\u00f3n del PIB para los dos \u00faltimos trimestres del a\u00f1o"},"content":{"rendered":"<p>La Autoridad Independiente de Responsabilidad Fiscal (AIReF) cree que <strong>el <a href=\"https:\/\/www.fotocasa.es\/fotocasa-life\/hipotecas-finanzas\/el-gobierno-revisara-al-alza-la-prevision-de-pib-para-2017-y-cree-que-atentados-no-tendran-gran-impacto\/\">crecimiento del PIB<\/a> no ser\u00e1 tan pronunciado como en el segundo trimestre<\/strong>, ya que su \u00faltima estimaci\u00f3n pasa por un crecimiento intertrimestral del 0,84% en el tercer trimestre y del 0,81% en el cuarto y \u00faltimo.<\/p>\n<p>As\u00ed al menos lo refleja en la \u00faltima predicci\u00f3n del PIB a tiempo real ofrecida por el organismo presidido por Jos\u00e9 Luis Escriv\u00e1, actualizada por \u00faltima vez el martes d\u00eda 22 tras conocerse los <strong>datos de importaciones de bienes y sus precios constantes<\/strong>, correspondiente al pasado mes de junio.<\/p>\n<p>Precisamente, el Gobierno ha anunciado recientemente su intenci\u00f3n de elevar su previsi\u00f3n de crecimiento de la econom\u00eda espa\u00f1ola para 2017 &#8211; su estimaci\u00f3n actualmente est\u00e1 en el 3% &#8211;<strong> tras conocerse que el PIB creci\u00f3 un 0,9% entre abril y junio.<\/strong><\/p>\n<p>&nbsp;<\/p>\n<p><strong>Expectativas m\u00e1s favorables a las del gobierno<\/strong><\/p>\n<p><strong>La propia AIReF hab\u00eda estimado en 0,9% el crecimiento del segundo trimestre<\/strong>. No obstante, la desaceleraci\u00f3n prevista para la segunda mitad del a\u00f1o no es suficiente como para impedir las perspectivas de la propia instituci\u00f3n, m\u00e1s elevadas que las del Ejecutivo, pues pasan por un aumento del PIB a un ritmo del 3,2%.<\/p>\n<p>La pr\u00f3xima actualizaci\u00f3n tendr\u00e1 lugar una vez se conozcan nuevos indicadores econ\u00f3micos, <strong>algo que no ocurrir\u00e1 hasta el pr\u00f3ximo 1 de septiembre,<\/strong> cuando est\u00e1 previsto que se publique el consumo de energ\u00eda el\u00e9ctrica corregido de temperatura correspondiente al mes de agosto y el saldo deflactado de la financiaci\u00f3n a empresas y familias de julio.<\/p>\n<p>&nbsp;<\/p>\n<p><strong>Cuadro macro<\/strong><\/p>\n<p>En la \u00faltima actualizaci\u00f3n de sus predicciones en tiempo real del cuadro macroecon\u00f3mico, correspondiente al 4 de agosto, <strong>la AIReF estimaba un aumento del PIB interanual del 3,3% en el tercer trimestre<\/strong>, as\u00ed como un aumento en el gasto en consumo final de los hogares del 2,9% respecto al tercer trimestre de 2016.<\/p>\n<p>Sin embargo, la evoluci\u00f3n m\u00e1s aguda se encuadra en<strong> los datos de exportaciones e importaciones de bienes y servicios<\/strong>, ya que estas, seg\u00fan la AIReF se situar\u00e1n en una evoluci\u00f3n anual del 9,3% y del 9% respectivamente.<\/p>\n<p>Seg\u00fan estas previsiones, la evoluci\u00f3n del total de ocupados en datos EPA <strong>aumentar\u00eda un 2,9%, en id\u00e9ntica evoluci\u00f3n a la aportaci\u00f3n de la demanda nacional<\/strong>, mientras que la aportaci\u00f3n de demanda externa crecer\u00eda un 0,4%.<\/p>\n","protected":false},"excerpt":{"rendered":"<p>Seg\u00fan la AIReF, la aceleraci\u00f3n del PIB no ser\u00eda tan acusada en los dos \u00faltimos trimestres de 2017. La estimaci\u00f3n es un crecimiento intertrimestral del 0,84% <\/p>\n","protected":false},"author":3,"featured_media":23458,"comment_status":"open","ping_status":"closed","sticky":false,"template":"","format":"standard","meta":{"_lmt_disableupdate":"yes","_lmt_disable":"","footnotes":""},"categories":[6],"tags":[195],"class_list":["post-23455","post","type-post","status-publish","format-standard","has-post-thumbnail","hentry","category-hipotecas-finanzas","tag-pib"],"modified_by":"Albert PC","_links":{"self":[{"href":"https:\/\/www.fotocasa.es\/fotocasa-life\/wp-json\/wp\/v2\/posts\/23455","targetHints":{"allow":["GET"]}}],"collection":[{"href":"https:\/\/www.fotocasa.es\/fotocasa-life\/wp-json\/wp\/v2\/posts"}],"about":[{"href":"https:\/\/www.fotocasa.es\/fotocasa-life\/wp-json\/wp\/v2\/types\/post"}],"author":[{"embeddable":true,"href":"https:\/\/www.fotocasa.es\/fotocasa-life\/wp-json\/wp\/v2\/users\/3"}],"replies":[{"embeddable":true,"href":"https:\/\/www.fotocasa.es\/fotocasa-life\/wp-json\/wp\/v2\/comments?post=23455"}],"version-history":[{"count":0,"href":"https:\/\/www.fotocasa.es\/fotocasa-life\/wp-json\/wp\/v2\/posts\/23455\/revisions"}],"wp:featuredmedia":[{"embeddable":true,"href":"https:\/\/www.fotocasa.es\/fotocasa-life\/wp-json\/wp\/v2\/media\/23458"}],"wp:attachment":[{"href":"https:\/\/www.fotocasa.es\/fotocasa-life\/wp-json\/wp\/v2\/media?parent=23455"}],"wp:term":[{"taxonomy":"category","embeddable":true,"href":"https:\/\/www.fotocasa.es\/fotocasa-life\/wp-json\/wp\/v2\/categories?post=23455"},{"taxonomy":"post_tag","embeddable":true,"href":"https:\/\/www.fotocasa.es\/fotocasa-life\/wp-json\/wp\/v2\/tags?post=23455"}],"curies":[{"name":"wp","href":"https:\/\/api.w.org\/{rel}","templated":true}]}}