{"id":23445,"date":"2017-08-24T17:23:21","date_gmt":"2017-08-24T15:23:21","guid":{"rendered":"https:\/\/www.fotocasa.es\/fotocasa-life\/?p=23445"},"modified":"2020-11-27T13:41:09","modified_gmt":"2020-11-27T12:41:09","slug":"el-gobierno-revisara-al-alza-la-prevision-de-pib-para-2017-y-cree-que-atentados-no-tendran-gran-impacto","status":"publish","type":"post","link":"https:\/\/www.fotocasa.es\/fotocasa-life\/hipotecas-finanzas\/el-gobierno-revisara-al-alza-la-prevision-de-pib-para-2017-y-cree-que-atentados-no-tendran-gran-impacto\/","title":{"rendered":"El Gobierno revisar\u00e1 al alza la previsi\u00f3n de PIB para 2017 y cree que atentados no tendr\u00e1n gran impacto"},"content":{"rendered":"<p><strong>El Gobierno revisar\u00e1 al alza la previsi\u00f3n de crecimiento del PIB para este a\u00f1o<\/strong>, actualmente establecida en el 3%, tras confirmar el Instituto Nacional de Estad\u00edstica (INE) que la econom\u00eda espa\u00f1ola aceler\u00f3 su avance trimestral al 0,9% en el segundo trimestre.<\/p>\n<p>As\u00ed lo ha anunciado en rueda de prensa el ministro de Econom\u00eda y Competitividad, <a href=\"https:\/\/www.fotocasa.es\/fotocasa-life\/hipotecas-finanzas\/guindos-defiende-buen-funcionamiento-mercado-hipotecario\/\">Luis de Guindos<\/a>, quien ha explicado que esta revisi\u00f3n se producir\u00e1 en el cuadro macroecon\u00f3mico que acompa\u00f1ar\u00e1 a los <strong>Presupuestos Generales del Estado (PGE) para 2018.<\/strong><\/p>\n<p>Guindos ha recordado que<strong> el consenso del mercado apunta a que el crecimiento del PIB superar\u00e1 el 3% previsto por el Gobierno<\/strong> para este a\u00f1o y ha se\u00f1alado que, dentro de la prudencia que caracteriza las estimaciones del Ejecutivo, se debe intentar que la previsi\u00f3n de PIB sea \u00ablo m\u00e1s realista posible\u00bb, raz\u00f3n por la que ser\u00e1 revisada al alza.<\/p>\n<p>El ministro ha destacado que los datos del primer semestre, anualizados,<strong> apuntan a un crecimiento \u00abmuy fuerte\u00bb del PIB, pr\u00f3ximo al 3,5%,<\/strong> \u00abequilibrado\u00bb y con una aceleraci\u00f3n respecto a 2016 y un crecimiento \u00abdiferencial\u00bb con Europa a pesar del \u00abviento de cola\u00bb que supone para la econom\u00eda espa\u00f1ola el hecho de que la econom\u00eda europea tambi\u00e9n est\u00e9 creciendo.<\/p>\n<p>Preguntado por si los atentados de Barcelona tendr\u00e1n alg\u00fan impacto en el PIB, Guindos ha indicado que la informaci\u00f3n disponible apunta a que,<strong> desde el punto de vista tur\u00edstico, \u00abel impacto no est\u00e1 siendo especialmente relevante\u00bb.<\/strong><\/p>\n<p>No obstante, a un nivel econ\u00f3mico m\u00e1s global, el ministro ha recordado que otros atentados graves, como el ocurrido el 11 de marzo en Madrid en 2004, <strong>\u00abtuvo un cierto impacto, pero la econom\u00eda r\u00e1pidamente se recuper\u00f3\u00bb<\/strong>.<\/p>\n","protected":false},"excerpt":{"rendered":"<p>Guindos afirma que revisar\u00e1 al alza la previsi\u00f3n del PIB. Preguntado por el impacto de los atentados en Barcelona, se\u00f1ala que no ser\u00e1 significativo.<\/p>\n","protected":false},"author":3,"featured_media":20495,"comment_status":"open","ping_status":"closed","sticky":false,"template":"","format":"standard","meta":{"_lmt_disableupdate":"yes","_lmt_disable":"","footnotes":""},"categories":[6],"tags":[449,713,195],"class_list":["post-23445","post","type-post","status-publish","format-standard","has-post-thumbnail","hentry","category-hipotecas-finanzas","tag-gobierno-de-espana","tag-luis-de-guindos","tag-pib"],"modified_by":"Albert PC","_links":{"self":[{"href":"https:\/\/www.fotocasa.es\/fotocasa-life\/wp-json\/wp\/v2\/posts\/23445","targetHints":{"allow":["GET"]}}],"collection":[{"href":"https:\/\/www.fotocasa.es\/fotocasa-life\/wp-json\/wp\/v2\/posts"}],"about":[{"href":"https:\/\/www.fotocasa.es\/fotocasa-life\/wp-json\/wp\/v2\/types\/post"}],"author":[{"embeddable":true,"href":"https:\/\/www.fotocasa.es\/fotocasa-life\/wp-json\/wp\/v2\/users\/3"}],"replies":[{"embeddable":true,"href":"https:\/\/www.fotocasa.es\/fotocasa-life\/wp-json\/wp\/v2\/comments?post=23445"}],"version-history":[{"count":0,"href":"https:\/\/www.fotocasa.es\/fotocasa-life\/wp-json\/wp\/v2\/posts\/23445\/revisions"}],"wp:featuredmedia":[{"embeddable":true,"href":"https:\/\/www.fotocasa.es\/fotocasa-life\/wp-json\/wp\/v2\/media\/20495"}],"wp:attachment":[{"href":"https:\/\/www.fotocasa.es\/fotocasa-life\/wp-json\/wp\/v2\/media?parent=23445"}],"wp:term":[{"taxonomy":"category","embeddable":true,"href":"https:\/\/www.fotocasa.es\/fotocasa-life\/wp-json\/wp\/v2\/categories?post=23445"},{"taxonomy":"post_tag","embeddable":true,"href":"https:\/\/www.fotocasa.es\/fotocasa-life\/wp-json\/wp\/v2\/tags?post=23445"}],"curies":[{"name":"wp","href":"https:\/\/api.w.org\/{rel}","templated":true}]}}