{"id":23437,"date":"2017-08-24T16:58:22","date_gmt":"2017-08-24T14:58:22","guid":{"rendered":"https:\/\/www.fotocasa.es\/fotocasa-life\/?p=23437"},"modified":"2020-11-27T13:41:10","modified_gmt":"2020-11-27T12:41:10","slug":"el-pib-acelera-su-crecimiento-al-09-en-el-segundo-trimestre-por-el-empuje-del-consumo","status":"publish","type":"post","link":"https:\/\/www.fotocasa.es\/fotocasa-life\/hipotecas-finanzas\/el-pib-acelera-su-crecimiento-al-09-en-el-segundo-trimestre-por-el-empuje-del-consumo\/","title":{"rendered":"El PIB acelera su crecimiento al 0,9% en el segundo trimestre por el empuje del consumo"},"content":{"rendered":"<p><strong>La econom\u00eda espa\u00f1ola creci\u00f3 un 0,9% en el segundo trimestre<\/strong>, una d\u00e9cima m\u00e1s que en el trimestre anterior y la tasa trimestral m\u00e1s alta desde el tercer trimestre de 2015, gracias al consumo de los hogares y de las instituciones sin fines de lucro, que aceleraron su crecimiento trimestral hasta el 0,7% y el 0,2%, respectivamente. El gasto p\u00fablico, por su parte, moder\u00f3 su avance trimestral al 0,2% y la inversi\u00f3n, al 0,8%.<\/p>\n<p><strong>La tasa interanual del PIB, por su parte, se aceler\u00f3 una d\u00e9cima, hasta el 3,1%<\/strong>, despu\u00e9s de dos trimestres consecutivos creciendo a tasas del 3%, seg\u00fan la Contabilidad Nacional Trimestral publicada este jueves por el Instituto Nacional de Estad\u00edstica (INE), en la que se confirman los datos avanzados a finales de julio.<\/p>\n<p>Con el crecimiento trimestral del 0,9% registrado entre abril y junio<strong> se acumulan ya 15 trimestres consecutivos de avances<\/strong>. La tasa interanual, por su parte, acumula 14 trimestres en positivo, los \u00faltimos nueve registrando valores superiores al 3%.<\/p>\n<p>El INE ha explicado que <strong>la demanda nacional contribuy\u00f3 con 2,4 puntos al crecimiento interanual del PIB<\/strong>, una d\u00e9cima m\u00e1s que en el trimestre anterior, mientras que la demanda externa aport\u00f3 siete d\u00e9cimas, tasa similar a la del primer trimestre.<\/p>\n<p>&nbsp;<\/p>\n<p><strong>Las exportaciones ralentizan su crecimiento<\/strong><\/p>\n<p>Entrando m\u00e1s al detalle, <strong>los hogares aumentaron su gasto en consumo un 0,7% en el segundo trimestre<\/strong>, tres d\u00e9cimas m\u00e1s que en el trimestre anterior. Asimismo, el gasto en consumo de las instituciones sin fines de lucro al servicio de los hogares avanz\u00f3 un 0,2% entre abril y junio, en contraste con el retroceso del 0,7% experimentado en el trimestre anterior.<\/p>\n<p>Por el contrario, <strong>el gasto p\u00fablico ech\u00f3 un poco el freno en el segundo trimestre<\/strong> y aument\u00f3 un 0,2%, seis d\u00e9cimas menos de lo que lo hizo en el primer trimestre.<\/p>\n<p>La formaci\u00f3n bruta de capital fijo, por su lado, tambi\u00e9n <strong>desaceler\u00f3 su crecimiento en el segundo trimestre al crecer un 0,8% en relaci\u00f3n al trimestre anterior<\/strong>, frente al notable aumento del 2,1% que experiment\u00f3 en el primer trimestre del a\u00f1o.<\/p>\n<p>El repunte de la inversi\u00f3n entre abril y junio fue consecuencia del <strong>crecimiento en un 1,1% de la inversi\u00f3n en construcci\u00f3n<\/strong> (la misma tasa que en el primer trimestre), y del aumento de la inversi\u00f3n en bienes de equipo en un 0,5%, tres puntos por debajo del incremento que se registr\u00f3 entre enero y marzo.<\/p>\n<p>En el segundo trimestre del a\u00f1o, las<strong> exportaciones recortaron m\u00e1s de dos puntos su ritmo de crecimiento trimestral,<\/strong> desde el 3% del primer trimestre al 0,7% en el segundo. Las importaciones, por su parte, cambiaron de signo y retrocedieron un 0,2% respecto al trimestre anterior, frente al avance del 3,1% que experimentaron en el trimestre previo.<\/p>\n<p>&nbsp;<\/p>\n<p><strong>El consumo acelera su crecimiento anual, la inversi\u00f3n lo frena<\/strong><\/p>\n<p>En tasa interanual, la econom\u00eda espa\u00f1ola<strong> creci\u00f3 en el segundo trimestre un 3,1%, una d\u00e9cima m\u00e1s que en los dos trimestres anteriores.<\/strong> Los dos principales componentes de la demanda nacional (consumo e inversi\u00f3n) mostraron un comportamiento desigual, pero positivo: mientras que el consumo aceler\u00f3 en t\u00e9rminos generales su crecimiento respecto al trimestre anterior, desde el 2% al 2,2%, la inversi\u00f3n lo desaceler\u00f3 desde el 3,9% al 3,4%.<\/p>\n<p>En concreto, <strong>el consumo de los hogares subi\u00f3 un 2,5% en tasa interanual<\/strong>, la misma tasa que en el trimestre anterior, y el de las instituciones sin fines de lucro aument\u00f3 un 1,9%, siete d\u00e9cimas m\u00e1s. El gasto p\u00fablico tambi\u00e9n pis\u00f3 el acelerador, con un aumento del 1,3% interanual, frente al crecimiento del 0,5% del trimestre previo.<\/p>\n<p>Por su lado, la inversi\u00f3n registr\u00f3 un crecimiento interanual del 3,4%, tasa cinco d\u00e9cimas inferior a la del trimestre anterior, <strong>con un repunte de la inversi\u00f3n en construcci\u00f3n del 3%<\/strong> (2,9% en el trimestre anterior) y un avance de la inversi\u00f3n en bienes de equipo del 4,1%, tasa 1,4 puntos inferior a la del primer trimestre.<\/p>\n<p>En el segundo trimestre, la<strong> contribuci\u00f3n positiva de la demanda exterior neta fue de 0,7 puntos<\/strong>. Las exportaciones desaceleraron casi tres puntos su crecimiento interanual, desde el 7,3% al 4,5%. Las importaciones tambi\u00e9n avanzaron a un ritmo inferior al del trimestre anterior, un 2,8% frente al 5,7% del primer trimestre.<\/p>\n<p>Desde la \u00f3ptica de la oferta,<strong> la construcci\u00f3n present\u00f3 en el segundo trimestre del a\u00f1o un mejor comportamiento interanual<\/strong> que en el trimestre previo, al contrario que la agricultura y la industria, que desaceleraron tres y dos d\u00e9cimas su valor a\u00f1adido bruto, hasta tasas del 4,1% y del 2,6%, respectivamente.<\/p>\n<p>Por el contrario, <strong>la construcci\u00f3n mejor\u00f3 cuatro d\u00e9cimas su tasa interanual<\/strong>, hasta el 4,8%, mientras que los servicios mantuvieron su ritmo de avance interanual en el 2,8%.<\/p>\n<p>&nbsp;<\/p>\n<p><strong>480.000 empleos m\u00e1s en un a\u00f1o<\/strong><\/p>\n<p>En cuanto al empleo, el INE asegura que esta variable, medida en t\u00e9rminos de puestos de trabajo equivalentes a tiempo completo, <strong>creci\u00f3 entre abril y junio un 0,9%<\/strong>, dos d\u00e9cimas m\u00e1s que en el trimestre anterior.<\/p>\n<p>En tasa interanual, <strong>el empleo registr\u00f3 un avance del 2,8%<\/strong>, tres d\u00e9cimas m\u00e1s que en el trimestre anterior, lo que supone la creaci\u00f3n neta de 480.000 empleos equivalentes a tiempo completo en un a\u00f1o.<\/p>\n<p>Este comportamiento, junto con la variaci\u00f3n experimentada por la jornada media, dan como resultado la desaceleraci\u00f3n en una <strong>d\u00e9cima de la tasa anual de horas efectivamente trabajadas<\/strong> (desde el 1,8% al 1,7%).<\/p>\n<p>En el segundo trimestre, todos los sectores aceleraron sus tasas anuales de empleo respecto al trimestre anterior. As\u00ed, los servicios <strong>mostraron un crecimiento interanual de la ocupaci\u00f3n del 2,4%<\/strong> (una d\u00e9cima m\u00e1s); la agricultura del 5,5% (seis d\u00e9cimas m\u00e1s); la industria del 2,9% (cuatro d\u00e9cimas m\u00e1s), y la construcci\u00f3n del 5,1% (medio punto m\u00e1s).<\/p>\n<p>&nbsp;<\/p>\n<p><strong>La remuneraci\u00f3n de los asalariados crece, pero menos<\/strong><\/p>\n<p>El empleo asalariado, por su parte, <strong>creci\u00f3 un 3% interanual en el segundo trimestre<\/strong>, tres d\u00e9cimas m\u00e1s que en el trimestre anterior.<\/p>\n<p><strong>La productividad aparente por puesto de trabajo equivalente retrocedi\u00f3 dos d\u00e9cimas<\/strong>, hasta el 0,3%, mientras que el crecimiento de la productividad aparente por hora efectivamente trabajada subi\u00f3 una d\u00e9cima, hasta el 1,3%.<\/p>\n<p>En este contexto, la<strong> remuneraci\u00f3n de los asalariados desaceler\u00f3 dos d\u00e9cimas su crecimiento<\/strong>, hasta el 2,9%, por el mayor crecimiento del n\u00famero de asalariados (del 2,7% al 3%) y por el retroceso en un 0,1% de la remuneraci\u00f3n media por asalariado, en contraste con el avance del 0,4% del primer trimestre.<\/p>\n<p>As\u00ed, el <strong>crecimiento del coste laboral por unidad de producto<\/strong> (CLU) se situ\u00f3 en el -0,4%, tasa siete d\u00e9cimas inferior a la variaci\u00f3n experimentada por el deflactor impl\u00edcito de la econom\u00eda (0,3%).<\/p>\n","protected":false},"excerpt":{"rendered":"<p>El empuje del consumo han acelerado el crecimiento del PIB durante el segundo trimestre del a\u00f1o. Lo ha hecho a un 0,9 por ciento. <\/p>\n","protected":false},"author":3,"featured_media":22469,"comment_status":"open","ping_status":"closed","sticky":false,"template":"","format":"standard","meta":{"_lmt_disableupdate":"yes","_lmt_disable":"","footnotes":""},"categories":[6],"tags":[195],"class_list":["post-23437","post","type-post","status-publish","format-standard","has-post-thumbnail","hentry","category-hipotecas-finanzas","tag-pib"],"modified_by":"fotocasa","_links":{"self":[{"href":"https:\/\/www.fotocasa.es\/fotocasa-life\/wp-json\/wp\/v2\/posts\/23437","targetHints":{"allow":["GET"]}}],"collection":[{"href":"https:\/\/www.fotocasa.es\/fotocasa-life\/wp-json\/wp\/v2\/posts"}],"about":[{"href":"https:\/\/www.fotocasa.es\/fotocasa-life\/wp-json\/wp\/v2\/types\/post"}],"author":[{"embeddable":true,"href":"https:\/\/www.fotocasa.es\/fotocasa-life\/wp-json\/wp\/v2\/users\/3"}],"replies":[{"embeddable":true,"href":"https:\/\/www.fotocasa.es\/fotocasa-life\/wp-json\/wp\/v2\/comments?post=23437"}],"version-history":[{"count":0,"href":"https:\/\/www.fotocasa.es\/fotocasa-life\/wp-json\/wp\/v2\/posts\/23437\/revisions"}],"wp:featuredmedia":[{"embeddable":true,"href":"https:\/\/www.fotocasa.es\/fotocasa-life\/wp-json\/wp\/v2\/media\/22469"}],"wp:attachment":[{"href":"https:\/\/www.fotocasa.es\/fotocasa-life\/wp-json\/wp\/v2\/media?parent=23437"}],"wp:term":[{"taxonomy":"category","embeddable":true,"href":"https:\/\/www.fotocasa.es\/fotocasa-life\/wp-json\/wp\/v2\/categories?post=23437"},{"taxonomy":"post_tag","embeddable":true,"href":"https:\/\/www.fotocasa.es\/fotocasa-life\/wp-json\/wp\/v2\/tags?post=23437"}],"curies":[{"name":"wp","href":"https:\/\/api.w.org\/{rel}","templated":true}]}}