{"id":23427,"date":"2017-08-22T16:27:26","date_gmt":"2017-08-22T14:27:26","guid":{"rendered":"https:\/\/www.fotocasa.es\/fotocasa-life\/?p=23427"},"modified":"2020-11-27T13:41:16","modified_gmt":"2020-11-27T12:41:16","slug":"los-menores-de-25-anos-tienen-mas-problemas-tienen-para-llegar-a-fin-de-mes-y-recurren-mas-a-su-familia","status":"publish","type":"post","link":"https:\/\/www.fotocasa.es\/fotocasa-life\/hipotecas-finanzas\/los-menores-de-25-anos-tienen-mas-problemas-tienen-para-llegar-a-fin-de-mes-y-recurren-mas-a-su-familia\/","title":{"rendered":"Los menores de 25 a\u00f1os tienen m\u00e1s problemas tienen para llegar a fin de mes y recurren m\u00e1s a su familia"},"content":{"rendered":"<p>Las <strong><a href=\"https:\/\/www.fotocasa.es\/fotocasa-life\/compraventa\/la-vivienda-da-la-espalda-los-compradores-jovenes\/\">personas que tienen menos de 25 a\u00f1os<\/a> son el colectivo que m\u00e1s problemas tiene para llegar a fin de mes<\/strong> y que m\u00e1s recurre a la familia en caso de pasar un apuro econ\u00f3mico, seg\u00fan refleja una encuesta sobre h\u00e1bitos bancarios elaborada por el comparador de productos financieros Target-Empirica.<\/p>\n<p>Seg\u00fan esta encuesta, que en su quinta edici\u00f3n ha contado con la participaci\u00f3n de 4.461 usuarios del portal, las personas <strong>recurren menos al n\u00facleo familiar para sobrellevar apuros econ\u00f3micos<\/strong> a medida que se van cumpliendo a\u00f1os.<\/p>\n<p>As\u00ed, un 48,21% de los encuestados de entre 18 y 24 a\u00f1os asegur\u00f3 que<strong> solicitaba ayuda a familiares si, por el motivo que fuera, no llegaba a final de mes,<\/strong> mientras que entre 25 y 34 a\u00f1os el porcentaje bajaba al 40,16%, y al 29,61% entre las personas de entre 35 a 44 a\u00f1os. Entre los 45 a 54 a\u00f1os descend\u00eda al 27,28%, entre 55 a 64 a\u00f1os, al 18,09%, y entre los mayores de 65 a\u00f1os, al 11,17%.<\/p>\n<p>En cuanto a los meses con dificultad para llegar a final de mes, ha habido bastante consenso entre los encuestados que efectivamente han afirmado tener alg\u00fan problema, y<strong> ninguna franja de edad ha superado los tres meses<\/strong>.<\/p>\n<p>Concretamente, <strong>en los menores de 25 a\u00f1os la media ha sido de 2,8 meses<\/strong>; entre 25 y 34 a\u00f1os, 2,76 meses; entre 35 y 44 a\u00f1os, 2,7 meses; entre 45 y 54 meses, 2,93 meses, entre 55 y 64 a\u00f1os, 2,28 meses, y los mayores de 65 a\u00f1os, 1,57 meses.<\/p>\n<p>&nbsp;<\/p>\n<p><strong>Primera medida: no gastar<\/strong><\/p>\n<p>Respecto a los motivos que dificultan m\u00e1s llegar a fin de mes, los encuestados respondieron mayoritariamente a la <strong>categor\u00eda de imprevistos<\/strong> (49,69%), alg\u00fan gasto extra (25,60%) y una bajada en los ingresos que entran en el hogar (22,14%).<\/p>\n<p>Ante c\u00f3mo se hace frente a los problemas, hay variaciones en funci\u00f3n de la edad y se da m\u00e1s o menos importancia a seg\u00fan qu\u00e9 soluciones. As\u00ed, <strong>todas las franjas de edad se\u00f1alan como primera medida no gastar<\/strong>, si bien es entre los m\u00e1s j\u00f3venes y las personas de mediana edad cuando m\u00e1s se repite.<\/p>\n<p>Entre 25 y 34 a\u00f1os, por ejemplo, lo afirmaron el 74,57% de los encuestados mientras que entre los mayores de 65 a\u00f1os lo repitieron en un 66,50% de los casos.<\/p>\n<p>Otra soluci\u00f3n para intentar hacer frente a un aprieto econ\u00f3mico es<strong> adquirir productos de marca blanca<\/strong>. Sobre todo aplican esta opci\u00f3n las personas entre 25 y 54 a\u00f1os, que la han respondido m\u00e1s de 7 de cada 10.<\/p>\n","protected":false},"excerpt":{"rendered":"<p>Llegar a fin de mes es un problema que suele afectar en mayor medida a los j\u00f3venes de menos de 25 a\u00f1os. Suelen recurrir a la familia para superar el bache.<\/p>\n","protected":false},"author":3,"featured_media":23431,"comment_status":"open","ping_status":"closed","sticky":false,"template":"","format":"standard","meta":{"_lmt_disableupdate":"yes","_lmt_disable":"","footnotes":""},"categories":[6],"tags":[118,313],"class_list":["post-23427","post","type-post","status-publish","format-standard","has-post-thumbnail","hentry","category-hipotecas-finanzas","tag-economia","tag-jovenes-emancipados"],"modified_by":"Albert PC","_links":{"self":[{"href":"https:\/\/www.fotocasa.es\/fotocasa-life\/wp-json\/wp\/v2\/posts\/23427","targetHints":{"allow":["GET"]}}],"collection":[{"href":"https:\/\/www.fotocasa.es\/fotocasa-life\/wp-json\/wp\/v2\/posts"}],"about":[{"href":"https:\/\/www.fotocasa.es\/fotocasa-life\/wp-json\/wp\/v2\/types\/post"}],"author":[{"embeddable":true,"href":"https:\/\/www.fotocasa.es\/fotocasa-life\/wp-json\/wp\/v2\/users\/3"}],"replies":[{"embeddable":true,"href":"https:\/\/www.fotocasa.es\/fotocasa-life\/wp-json\/wp\/v2\/comments?post=23427"}],"version-history":[{"count":0,"href":"https:\/\/www.fotocasa.es\/fotocasa-life\/wp-json\/wp\/v2\/posts\/23427\/revisions"}],"wp:featuredmedia":[{"embeddable":true,"href":"https:\/\/www.fotocasa.es\/fotocasa-life\/wp-json\/wp\/v2\/media\/23431"}],"wp:attachment":[{"href":"https:\/\/www.fotocasa.es\/fotocasa-life\/wp-json\/wp\/v2\/media?parent=23427"}],"wp:term":[{"taxonomy":"category","embeddable":true,"href":"https:\/\/www.fotocasa.es\/fotocasa-life\/wp-json\/wp\/v2\/categories?post=23427"},{"taxonomy":"post_tag","embeddable":true,"href":"https:\/\/www.fotocasa.es\/fotocasa-life\/wp-json\/wp\/v2\/tags?post=23427"}],"curies":[{"name":"wp","href":"https:\/\/api.w.org\/{rel}","templated":true}]}}