{"id":23394,"date":"2017-08-18T00:11:15","date_gmt":"2017-08-17T22:11:15","guid":{"rendered":"https:\/\/www.fotocasa.es\/fotocasa-life\/?p=23394"},"modified":"2020-11-27T13:41:18","modified_gmt":"2020-11-27T12:41:18","slug":"la-inflacion-de-la-zona-euro-se-mantiene-en-julio-en-el-minimo-anual-del-13","status":"publish","type":"post","link":"https:\/\/www.fotocasa.es\/fotocasa-life\/hipotecas-finanzas\/la-inflacion-de-la-zona-euro-se-mantiene-en-julio-en-el-minimo-anual-del-13\/","title":{"rendered":"La inflaci\u00f3n de la zona euro se mantiene en julio en el m\u00ednimo anual del 1,3%"},"content":{"rendered":"<p><strong>La tasa de inflaci\u00f3n de la zona euro se ha situado en julio en el 1,3%<\/strong>, con lo que se mantiene en el mismo nivel que el registrado en el mes de junio y en su nivel m\u00e1s bajo en lo que va de a\u00f1o, seg\u00fan la segunda estimaci\u00f3n del dato publicada por la oficina estad\u00edstica europea, Eurostat.<\/p>\n<p>En el conjunto de la Uni\u00f3n Europea (UE), <strong>la tasa de <a href=\"https:\/\/www.fotocasa.es\/fotocasa-life\/hipotecas-finanzas\/la-inflacion-de-la-eurozona-se-modera-al-02-en-junio\/\">inflaci\u00f3n<\/a> interanual se situ\u00f3 en julio en el 1,5%<\/strong>, en l\u00ednea con el dato del mes anterior.<\/p>\n<p>Entre los<strong> pa\u00edses de la UE cuyos datos estaban disponibles<\/strong>, las mayores subidas de precios se observaron en Lituania (4,1%), Estonia (3,9%) y Reino Unido (2,6%), mientras los precios bajaron en Irlanda (-0,2%) y Chipre (-0,1%).<\/p>\n<p>En el caso de Espa\u00f1a, el \u00cdndice de Precios de Consumo Armonizado (IPCA<strong>) se situ\u00f3 en el 1,7% en tasa interanual,<\/strong> lo que supone una d\u00e9cima m\u00e1s que el mes anterior. De este modo, el diferencial de precios desfavorable a Espa\u00f1a respecto a la eurozona aumentar\u00eda hasta las cuatro d\u00e9cimas.<\/p>\n<p>&nbsp;<\/p>\n<p><strong>Repunta la inflaci\u00f3n subyacente<\/strong><\/p>\n<p>Entre los principales componentes del \u00edndice de precios de la zona euro, Eurostat se\u00f1ala que<strong> la energ\u00eda se encareci\u00f3 en julio un 2,2% interanual,<\/strong> frente a la subida del 1,9% del mes anterior, mientras los precios los servicios subieron un 1,6%, en l\u00ednea con el dato de junio, y los bienes industriales no energ\u00e9ticos aumentaron un 0,5%, una d\u00e9cima m\u00e1s que el mes anterior.<\/p>\n<p>Por su parte,<strong> los precios de los alimentos, el alcohol y el tabaco aumentaron en tasa interanual<\/strong> un 1,4% por segundo mes consecutivo, despu\u00e9s de que el incremento de tres d\u00e9cimas en tasa interanual del alcohol, el tabaco y la comida procesada (+1,9%) fuera compensado por la menor subida de los alimentos frescos, que se encarecieron un 0,6% en vez del 1% de junio.<\/p>\n<p>De este modo, al excluir el <strong>impacto de la evoluci\u00f3n de los precios de la energ\u00eda<\/strong>, los precios subieron un 1,2%, en l\u00ednea con el dato de junio, mientras que la inflaci\u00f3n subyacente, que tampoco tiene en cuenta los precios de los alimentos frescos, repunt\u00f3 al 1,3%, su mayor nivel desde agosto de 2013 e igualando la lectura del dato de inflaci\u00f3n general por primera vez desde el pasado mes de noviembre.<\/p>\n","protected":false},"excerpt":{"rendered":"<p>La inflaci\u00f3n de la zona euro se mantiene durante el mes de julio. Seg\u00fan la estimaci\u00f3n de Eurostat, estar\u00edamos en el m\u00ednimo anual del 1,3%<\/p>\n","protected":false},"author":3,"featured_media":18624,"comment_status":"open","ping_status":"closed","sticky":false,"template":"","format":"standard","meta":{"_lmt_disableupdate":"yes","_lmt_disable":"","footnotes":""},"categories":[6],"tags":[1021,336],"class_list":["post-23394","post","type-post","status-publish","format-standard","has-post-thumbnail","hentry","category-hipotecas-finanzas","tag-economia-zona-euro","tag-inflacion"],"modified_by":"Albert PC","_links":{"self":[{"href":"https:\/\/www.fotocasa.es\/fotocasa-life\/wp-json\/wp\/v2\/posts\/23394","targetHints":{"allow":["GET"]}}],"collection":[{"href":"https:\/\/www.fotocasa.es\/fotocasa-life\/wp-json\/wp\/v2\/posts"}],"about":[{"href":"https:\/\/www.fotocasa.es\/fotocasa-life\/wp-json\/wp\/v2\/types\/post"}],"author":[{"embeddable":true,"href":"https:\/\/www.fotocasa.es\/fotocasa-life\/wp-json\/wp\/v2\/users\/3"}],"replies":[{"embeddable":true,"href":"https:\/\/www.fotocasa.es\/fotocasa-life\/wp-json\/wp\/v2\/comments?post=23394"}],"version-history":[{"count":0,"href":"https:\/\/www.fotocasa.es\/fotocasa-life\/wp-json\/wp\/v2\/posts\/23394\/revisions"}],"wp:featuredmedia":[{"embeddable":true,"href":"https:\/\/www.fotocasa.es\/fotocasa-life\/wp-json\/wp\/v2\/media\/18624"}],"wp:attachment":[{"href":"https:\/\/www.fotocasa.es\/fotocasa-life\/wp-json\/wp\/v2\/media?parent=23394"}],"wp:term":[{"taxonomy":"category","embeddable":true,"href":"https:\/\/www.fotocasa.es\/fotocasa-life\/wp-json\/wp\/v2\/categories?post=23394"},{"taxonomy":"post_tag","embeddable":true,"href":"https:\/\/www.fotocasa.es\/fotocasa-life\/wp-json\/wp\/v2\/tags?post=23394"}],"curies":[{"name":"wp","href":"https:\/\/api.w.org\/{rel}","templated":true}]}}