{"id":23391,"date":"2017-08-16T13:39:52","date_gmt":"2017-08-16T11:39:52","guid":{"rendered":"https:\/\/www.fotocasa.es\/fotocasa-life\/?p=23391"},"modified":"2020-11-27T13:41:18","modified_gmt":"2020-11-27T12:41:18","slug":"el-pib-de-la-eurozona-acelera-su-expansion-al-06-en-el-segundo-trimestre","status":"publish","type":"post","link":"https:\/\/www.fotocasa.es\/fotocasa-life\/hipotecas-finanzas\/el-pib-de-la-eurozona-acelera-su-expansion-al-06-en-el-segundo-trimestre\/","title":{"rendered":"El PIB de la eurozona acelera su expansi\u00f3n al 0,6% en el segundo trimestre"},"content":{"rendered":"<p>La econom\u00eda de la zona euro experiment\u00f3 un <strong>crecimiento del 0,6% en el segundo trimestre del a\u00f1o,<\/strong> una d\u00e9cima por encima de la expansi\u00f3n registrada en los tres primeros meses de 2017, mientras que en comparaci\u00f3n con el mismo periodo del a\u00f1o pasado el crecimiento del <a href=\"https:\/\/www.fotocasa.es\/fotocasa-life\/general\/el-pib-acelera-su-crecimiento-al-09-en-el-segundo-trimestre-y-eleva-la-tasa-interanual-al-31\/\">PIB de la eurozona<\/a> fue del 2,2%, seg\u00fan la segunda estimaci\u00f3n del dato publicada por Eurostat.<\/p>\n<p>En el conjunto de la Uni\u00f3n Europea (UE), <strong>el crecimiento del PIB en el segundo trimestre fue del 0,6%, frente al 0,5%<\/strong> del trimestre anterior, mientras que el crecimiento interanual alcanz\u00f3 el 2,3%.<\/p>\n<p>De este modo, el crecimiento de la eurozona entre abril y junio<strong> iguala el ritmo de expansi\u00f3n registrado por la econom\u00eda estadounidense<\/strong> (+0,6%), aunque queda por debajo del 1% experimentado por Jap\u00f3n.<\/p>\n<p>Entre los pa\u00edses de la UE cuyos datos estaban disponibles,<strong> la mayor expansi\u00f3n del PIB en el segundo trimestre<\/strong> correspondi\u00f3 a la Rep\u00fablica Checa (2,3%), por delante de Suecia (1,7%) y Ruman\u00eda (1,6%), mientras que la peor evoluci\u00f3n del PIB se observ\u00f3 en Finlandia (-0,5%), Portugal (0,2%) y Reino Unido (0,3%).<\/p>\n<p>Espa\u00f1a, con una expansi\u00f3n del 0,9% en el segundo trimestre, volvi\u00f3 a situarse<strong> entre las econom\u00edas con mayor crecimiento de la zona euro<\/strong>, solo por detr\u00e1s de Pa\u00edses Bajos (1,5%) y Letonia (1,3%) y al mismo nivel que Chipre y Austria.<\/p>\n","protected":false},"excerpt":{"rendered":"<p>En el segundo trimestre del a\u00f1o, el PIB de la eurozona acelera la expansi\u00f3n hasta en un 0,6%, seg\u00fan la segunda estimaci\u00f3n del dato publicada por Eurostat.<\/p>\n","protected":false},"author":37,"featured_media":19293,"comment_status":"open","ping_status":"closed","sticky":false,"template":"","format":"standard","meta":{"_lmt_disableupdate":"yes","_lmt_disable":"","footnotes":""},"categories":[6],"tags":[318,195],"class_list":["post-23391","post","type-post","status-publish","format-standard","has-post-thumbnail","hentry","category-hipotecas-finanzas","tag-eurozona","tag-pib"],"modified_by":"Albert PC","_links":{"self":[{"href":"https:\/\/www.fotocasa.es\/fotocasa-life\/wp-json\/wp\/v2\/posts\/23391","targetHints":{"allow":["GET"]}}],"collection":[{"href":"https:\/\/www.fotocasa.es\/fotocasa-life\/wp-json\/wp\/v2\/posts"}],"about":[{"href":"https:\/\/www.fotocasa.es\/fotocasa-life\/wp-json\/wp\/v2\/types\/post"}],"author":[{"embeddable":true,"href":"https:\/\/www.fotocasa.es\/fotocasa-life\/wp-json\/wp\/v2\/users\/37"}],"replies":[{"embeddable":true,"href":"https:\/\/www.fotocasa.es\/fotocasa-life\/wp-json\/wp\/v2\/comments?post=23391"}],"version-history":[{"count":0,"href":"https:\/\/www.fotocasa.es\/fotocasa-life\/wp-json\/wp\/v2\/posts\/23391\/revisions"}],"wp:featuredmedia":[{"embeddable":true,"href":"https:\/\/www.fotocasa.es\/fotocasa-life\/wp-json\/wp\/v2\/media\/19293"}],"wp:attachment":[{"href":"https:\/\/www.fotocasa.es\/fotocasa-life\/wp-json\/wp\/v2\/media?parent=23391"}],"wp:term":[{"taxonomy":"category","embeddable":true,"href":"https:\/\/www.fotocasa.es\/fotocasa-life\/wp-json\/wp\/v2\/categories?post=23391"},{"taxonomy":"post_tag","embeddable":true,"href":"https:\/\/www.fotocasa.es\/fotocasa-life\/wp-json\/wp\/v2\/tags?post=23391"}],"curies":[{"name":"wp","href":"https:\/\/api.w.org\/{rel}","templated":true}]}}