{"id":23382,"date":"2017-08-16T13:20:03","date_gmt":"2017-08-16T11:20:03","guid":{"rendered":"https:\/\/www.fotocasa.es\/fotocasa-life\/?p=23382"},"modified":"2020-11-27T13:41:19","modified_gmt":"2020-11-27T12:41:19","slug":"el-ipc-se-mantuvo-en-el-15-en-julio-por-los-precios-de-los-alimentos-y-la-luz","status":"publish","type":"post","link":"https:\/\/www.fotocasa.es\/fotocasa-life\/hipotecas-finanzas\/el-ipc-se-mantuvo-en-el-15-en-julio-por-los-precios-de-los-alimentos-y-la-luz\/","title":{"rendered":"El IPC se mantuvo en el 1,5% en julio por los precios de los alimentos y la luz"},"content":{"rendered":"<div id=\"NoticiaPrincipal\">\n<div id=\"CuerpoNoticia\" class=\"NormalTextoNoticia\">\n<p><strong>El \u00cdndice de Precios de Consumo (IPC) se mantuvo en julio en el 1,5% en tasa interanual<\/strong>, su nivel m\u00e1s bajo desde noviembre del a\u00f1o pasado, seg\u00fan los datos definitivos publicados por el Instituto Nacional de Estad\u00edstica (INE).<\/p>\n<p>El organismo estad\u00edstico, que confirma de este modo los datos avanzados a finales del mes pasado, ha explicado que en el comportamiento de la tasa interanual del <a href=\"https:\/\/www.fotocasa.es\/fotocasa-life\/hipotecas-finanzas\/el-ipc-interanual-se-mantiene-en-el-15-en-julio-por-la-estabilidad-de-los-precios-de-los-alimentos\/\">IPC de julio<\/a> <strong>han destacado los precios de los alimentos y bebidas no alcoh\u00f3licas, con una variaci\u00f3n anual del 0,1%<\/strong>, siete d\u00e9cimas por debajo de la de junio, causada por la bajada de los precios de las frutas, frente a la subida que registraron en julio de 2016.<\/p>\n<p><strong>Tambi\u00e9n ha influido la vivienda<\/strong>, que recort\u00f3 cuatro d\u00e9cimas su tasa, hasta el 3,2%, debido a que los precios de la electricidad bajaron este mes, mientras que aumentaron en julio de un a\u00f1o antes.<\/p>\n<p>Por el contrario, en julio destac\u00f3 el ascenso de la tasa interanual del grupo de vestido y calzado en dos d\u00e9cimas, hasta el 0,4%, por la <strong>bajada generalizada de los precios de sus componentes<\/strong>, menores que los registradas el a\u00f1o pasado; y el repunte en seis d\u00e9cimas, hasta el 2,4%, del transporte, debido, fundamentalmente, a que los precios de los carburantes disminuyeron menos de lo que lo hicieron en julio de 2016.<\/p>\n<p><strong>El IPC interanual arranc\u00f3 el a\u00f1o en el 3%, su tasa m\u00e1s alta desde octubre de 2012<\/strong>. En febrero se repiti\u00f3 el mismo porcentaje, pero en marzo, por primera vez en siete meses, la inflaci\u00f3n recort\u00f3 su tasa interanual hasta el 2,3%. En abril volvi\u00f3 a subir, hasta el 2,6%, y en mayo hasta el 1,9%.<\/p>\n<p><strong>En junio volvi\u00f3 a bajar, hasta el 1,5%<\/strong>, y en julio se ha repetido esta tasa, lo que significa que la cesta de la compra es un 1,5% m\u00e1s cara que hace un a\u00f1o. La de julio es la und\u00e9cima tasa positiva que encadena el IPC interanual tras ocho meses en negativo.<\/p>\n<p>En el s\u00e9ptimo mes del a\u00f1o, el \u00cdndice de Precios de Consumo Armonizado (IPCA) aument\u00f3 una d\u00e9cima su tasa interanual, hasta el 1,7%.<strong> En t\u00e9rminos mensuales, el IPC baj\u00f3 un 0,7% respecto a junio<\/strong>, mes en el que se mantuvo sin cambios.<\/p>\n<p>La inflaci\u00f3n subyacente, que no incluye los precios de los productos energ\u00e9ticos ni de los alimentos no elaborados, subi\u00f3 dos d\u00e9cimas en julio, hasta el 1,4%,<strong> situ\u00e1ndose una d\u00e9cima por debajo de la tasa general del IPC<\/strong>.<\/p>\n<p>&nbsp;<\/p>\n<p><strong>Los precios bajan en tasa mensual<\/strong><\/p>\n<p>En t\u00e9rminos mensuales, <strong>el IPC retrocedi\u00f3 un 0,7% respecto a junio<\/strong>. Los grupos con repercusi\u00f3n negativa que m\u00e1s influyeron en este descenso fueron el vestido y calzado, con una tasa del -12,6%, por la temporada de rebajas; el menaje, con una variaci\u00f3n mensual del -1% y la vivienda, con una tasa del -0,2%, por la bajada de los precios de la luz y, en menor medida, del gas\u00f3leo para calefacci\u00f3n.<\/p>\n<p>Por el contrario, <strong>el grupo ocio y cultura, con una tasa del 2,8%, por el alza de los precios de los paquetes tur\u00edsticos<\/strong>, y los hoteles, caf\u00e9s y restaurantes, con una variaci\u00f3n del 0,3% por el alza de los precios de la restauraci\u00f3n y servicios de alojamiento fueron los grupos con mayor repercusi\u00f3n positiva en el IPC.<\/p>\n<p>&nbsp;<\/p>\n<p><strong>La fruta fresca cuesta un 12% menos que hace un a\u00f1o<\/strong><\/p>\n<p>Por r\u00fabricas, las r\u00fabricas que experimentan los <strong>mayores descensos de precios en tasa interanual son la fruta fresca (-12%)<\/strong>, las patatas y sus preparados (-5,7%) y el calzado de ni\u00f1o (-4,4%).<\/p>\n<p>En el lado opuesto, los <strong>mayores ascensos de precios<\/strong> en el \u00faltimo a\u00f1o los experimentan aceites y grasas (+6,1%), calefacci\u00f3n, alumbrado y distribuci\u00f3n de agua (+5,7%) y crust\u00e1ceos, moluscos y preparados de pescado (+4,9%).<\/p>\n<p>La tasa anual del IPC <strong>aument\u00f3 en nueve comunidades aut\u00f3nomas en julio respecto a junio<\/strong>. Los mayores aumentos se produjeron en el Principado de Asturias, Catalu\u00f1a y el Pa\u00eds Vasco, con subidas de dos d\u00e9cimas en todas ellas.<\/p>\n<p>Por su parte, Canarias y Regi\u00f3n de Murcia fueron las <strong>comunidades que m\u00e1s descienden su tasa<\/strong>, situ\u00e1ndola dos d\u00e9cimas por debajo de la del mes pasado.<\/p>\n<\/div>\n<\/div>\n","protected":false},"excerpt":{"rendered":"<p>La luz y el precio de los alimentos hacen que el IPC se mantenga en el mes de julio. Son los \u00faltimos datos publicados por el INE.<\/p>\n","protected":false},"author":3,"featured_media":23385,"comment_status":"open","ping_status":"closed","sticky":false,"template":"","format":"standard","meta":{"_lmt_disableupdate":"yes","_lmt_disable":"","footnotes":""},"categories":[6],"tags":[1373,538],"class_list":["post-23382","post","type-post","status-publish","format-standard","has-post-thumbnail","hentry","category-hipotecas-finanzas","tag-indice-de-precios-de-consumo","tag-ipc"],"modified_by":"Albert PC","_links":{"self":[{"href":"https:\/\/www.fotocasa.es\/fotocasa-life\/wp-json\/wp\/v2\/posts\/23382","targetHints":{"allow":["GET"]}}],"collection":[{"href":"https:\/\/www.fotocasa.es\/fotocasa-life\/wp-json\/wp\/v2\/posts"}],"about":[{"href":"https:\/\/www.fotocasa.es\/fotocasa-life\/wp-json\/wp\/v2\/types\/post"}],"author":[{"embeddable":true,"href":"https:\/\/www.fotocasa.es\/fotocasa-life\/wp-json\/wp\/v2\/users\/3"}],"replies":[{"embeddable":true,"href":"https:\/\/www.fotocasa.es\/fotocasa-life\/wp-json\/wp\/v2\/comments?post=23382"}],"version-history":[{"count":0,"href":"https:\/\/www.fotocasa.es\/fotocasa-life\/wp-json\/wp\/v2\/posts\/23382\/revisions"}],"wp:featuredmedia":[{"embeddable":true,"href":"https:\/\/www.fotocasa.es\/fotocasa-life\/wp-json\/wp\/v2\/media\/23385"}],"wp:attachment":[{"href":"https:\/\/www.fotocasa.es\/fotocasa-life\/wp-json\/wp\/v2\/media?parent=23382"}],"wp:term":[{"taxonomy":"category","embeddable":true,"href":"https:\/\/www.fotocasa.es\/fotocasa-life\/wp-json\/wp\/v2\/categories?post=23382"},{"taxonomy":"post_tag","embeddable":true,"href":"https:\/\/www.fotocasa.es\/fotocasa-life\/wp-json\/wp\/v2\/tags?post=23382"}],"curies":[{"name":"wp","href":"https:\/\/api.w.org\/{rel}","templated":true}]}}