{"id":23169,"date":"2017-07-28T13:15:15","date_gmt":"2017-07-28T11:15:15","guid":{"rendered":"https:\/\/www.fotocasa.es\/fotocasa-life\/?p=23169"},"modified":"2020-11-27T13:41:31","modified_gmt":"2020-11-27T12:41:31","slug":"el-ipc-interanual-se-mantiene-en-el-15-en-julio-por-la-estabilidad-de-los-precios-de-los-alimentos","status":"publish","type":"post","link":"https:\/\/www.fotocasa.es\/fotocasa-life\/hipotecas-finanzas\/el-ipc-interanual-se-mantiene-en-el-15-en-julio-por-la-estabilidad-de-los-precios-de-los-alimentos\/","title":{"rendered":"El IPC interanual se mantiene en el 1,5% en julio por la estabilidad de los precios de los alimentos"},"content":{"rendered":"<p><strong>El \u00cdndice de Precios de Consumo (IPC) retrocedi\u00f3 un 0,7% en julio<\/strong> respecto al mes anterior, pero mantuvo su tasa interanual en el 1,5%, seg\u00fan el indicador adelantado publicado este viernes por el Instituto Nacional de Estad\u00edstica (INE).<\/p>\n<p>El organismo ha apuntado que el mantenimiento de la <a href=\"https:\/\/www.fotocasa.es\/fotocasa-life\/hipotecas-finanzas\/el-ine-confirma-que-el-ipc-bajo-hasta-el-15-en-junio-por-luz-gasolinas-y-algunos-alimentos\/\">tasa interanual del IPC<\/a> se ha debido a <strong>la estabilidad de los precios de los alimentos y bebidas no alcoh\u00f3licas<\/strong>, frente a la subida que experimentaron en julio de 2016.<\/p>\n<p>Tambi\u00e9n influyeron los<strong> carburantes (gasoil y gasolina), cuyos precios han bajado menos<\/strong> este mes que en julio de 2016.<\/p>\n<p>El IPC interanual arranc\u00f3 el a\u00f1o en el 3%, su tasa m\u00e1s alta desde octubre de 2012. En febrero se repiti\u00f3 el mismo porcentaje, pero en marzo, <strong>por primera vez en siete meses, la inflaci\u00f3n recort\u00f3 su tasa interanual hasta el 2,3%.<\/strong><\/p>\n<p>En abril el IPC volvi\u00f3 a subir, hasta el 2,6%, y en mayo cay\u00f3 hasta el 1,9%. En junio volvi\u00f3 a bajar, hasta el 1,5%, y en julio se ha repetido esta tasa, que significa que <strong>la cesta de la compra es hoy un 1,5% m\u00e1s cara que hace un a\u00f1o<\/strong>.<\/p>\n<p>La de julio es la<strong> und\u00e9cima tasa positiva que encadena el IPC interanual<\/strong> tras ocho meses en negativo.<\/p>\n<p>En el s\u00e9ptimo mes del a\u00f1o, el \u00cdndice de Precios de Consumo Armonizado (IPCA) <strong>elev\u00f3 una d\u00e9cima su tasa interanual, hasta el 1,7%.<\/strong><\/p>\n<p>En t\u00e9rminos mensuales, <strong>el IPC baj\u00f3 un 0,7% en julio<\/strong>, el mismo descenso que en julio de 2016.<\/p>\n","protected":false},"excerpt":{"rendered":"<p>El IPC interanual se mantiene en julio gracias a la estabilidad de los precios de los alimentos. Tan solo retrocedi\u00f3 un 0,7% en julio, seg\u00fan datos del INE.<\/p>\n","protected":false},"author":3,"featured_media":19398,"comment_status":"open","ping_status":"closed","sticky":false,"template":"","format":"standard","meta":{"_lmt_disableupdate":"yes","_lmt_disable":"","footnotes":""},"categories":[6],"tags":[157,538],"class_list":["post-23169","post","type-post","status-publish","format-standard","has-post-thumbnail","hentry","category-hipotecas-finanzas","tag-ine","tag-ipc"],"modified_by":"Albert PC","_links":{"self":[{"href":"https:\/\/www.fotocasa.es\/fotocasa-life\/wp-json\/wp\/v2\/posts\/23169","targetHints":{"allow":["GET"]}}],"collection":[{"href":"https:\/\/www.fotocasa.es\/fotocasa-life\/wp-json\/wp\/v2\/posts"}],"about":[{"href":"https:\/\/www.fotocasa.es\/fotocasa-life\/wp-json\/wp\/v2\/types\/post"}],"author":[{"embeddable":true,"href":"https:\/\/www.fotocasa.es\/fotocasa-life\/wp-json\/wp\/v2\/users\/3"}],"replies":[{"embeddable":true,"href":"https:\/\/www.fotocasa.es\/fotocasa-life\/wp-json\/wp\/v2\/comments?post=23169"}],"version-history":[{"count":0,"href":"https:\/\/www.fotocasa.es\/fotocasa-life\/wp-json\/wp\/v2\/posts\/23169\/revisions"}],"wp:featuredmedia":[{"embeddable":true,"href":"https:\/\/www.fotocasa.es\/fotocasa-life\/wp-json\/wp\/v2\/media\/19398"}],"wp:attachment":[{"href":"https:\/\/www.fotocasa.es\/fotocasa-life\/wp-json\/wp\/v2\/media?parent=23169"}],"wp:term":[{"taxonomy":"category","embeddable":true,"href":"https:\/\/www.fotocasa.es\/fotocasa-life\/wp-json\/wp\/v2\/categories?post=23169"},{"taxonomy":"post_tag","embeddable":true,"href":"https:\/\/www.fotocasa.es\/fotocasa-life\/wp-json\/wp\/v2\/tags?post=23169"}],"curies":[{"name":"wp","href":"https:\/\/api.w.org\/{rel}","templated":true}]}}