{"id":23161,"date":"2017-07-28T13:09:08","date_gmt":"2017-07-28T11:09:08","guid":{"rendered":"https:\/\/www.fotocasa.es\/fotocasa-life\/?p=23161"},"modified":"2020-11-27T13:41:31","modified_gmt":"2020-11-27T12:41:31","slug":"el-pib-acelera-su-crecimiento-al-09-en-el-segundo-trimestre-y-eleva-la-tasa-interanual-al-31","status":"publish","type":"post","link":"https:\/\/www.fotocasa.es\/fotocasa-life\/sin-categoria\/el-pib-acelera-su-crecimiento-al-09-en-el-segundo-trimestre-y-eleva-la-tasa-interanual-al-31\/","title":{"rendered":"El PIB acelera su crecimiento al 0,9% en el segundo trimestre y eleva la tasa interanual al 3,1%"},"content":{"rendered":"<p>La econom\u00eda espa\u00f1ola <strong>creci\u00f3 un 0,9% entre abril y junio, una d\u00e9cima m\u00e1s que en el trimestre anterior<\/strong> y la tasa trimestral m\u00e1s alta desde el tercer trimestre de 2015, seg\u00fan el avance de datos de la Contabilidad Nacional Trimestral publicado este viernes por el Instituto Nacional de Estad\u00edstica (INE).<\/p>\n<p><strong>Por su parte, la tasa interanual del <a href=\"https:\/\/www.fotocasa.es\/fotocasa-life\/hipotecas-finanzas\/pib-espanol-creceria-si-aumentase-el-empleo-entre-los-mayores-de-55-anos-segun-pwc\/\">PIB<\/a> se aceler\u00f3 una d\u00e9cima<\/strong>, hasta el 3,1%, desp\u00faes de dos trimestres consecutivos creciendo a tasas del 3%.<\/p>\n<p>La<strong> tasa trimestral del 0,9% registrada entre abril y junio<\/strong> coincide con la estimaci\u00f3n realizada por el Banco de Espa\u00f1a y con las previsiones del ministro de Econom\u00eda, Luis de Guindos.<\/p>\n<p>Estos datos del INE son a\u00fan provisionales y se conocer\u00e1n <strong>a nivel desagregado el pr\u00f3ximo 24 de agosto<\/strong>.<\/p>\n<p>Con el crecimiento del 0,9% registrado en el segundo trimestre se acumulan ya <strong>15 trimestres consecutivos de avances.<\/strong> La tasa interanual, por su parte, acumula 14 trimestres en positivo, los \u00faltimos nueve registrando valores superiores al 3%.<\/p>\n<p>&nbsp;<\/p>\n<p><strong>El consumo tira del PIB<\/strong><\/p>\n<p>En su \u00faltimo bolet\u00edn econ\u00f3mico, el Banco de Espa\u00f1a estimaba que el PIB hab\u00eda crecido un 0,9% en el segundo trimestre del a\u00f1o apoyado en el consumo privado. La instituci\u00f3n destacaba adem\u00e1s que <strong>el ritmo de avance de la actividad \u00abse ha intensificado a lo largo de la primera mitad del a\u00f1o\u00bb.<\/strong><\/p>\n<p>Tras la p\u00e9rdida de empuje observada en los primeros meses del a\u00f1o, el Banco de Espa\u00f1a se\u00f1alaba que el consumo privado<strong> \u00abhabr\u00eda recuperado un mayor vigor durante la primavera\u00bb<\/strong>, apoyado en la continuaci\u00f3n del proceso de generaci\u00f3n de puestos de trabajo y en la prolongaci\u00f3n de condiciones financieras favorables.<\/p>\n<p>Adem\u00e1s, estimaba que la inversi\u00f3n en construcci\u00f3n habr\u00eda acentuado en el segundo trimetre el tono positivo mostrado en el primero. Por el contrario, <strong>calculaba que el gasto en bienes de equipo moder\u00f3 su ritmo de avance,<\/strong> hasta el entorno del 1,5%, tras mostrar un crecimiento muy elevado (+3%) al comienzo del a\u00f1o.<\/p>\n<p>Asimismo, seg\u00fan el Banco de Espa\u00f1a, <strong>el crecimiento del gasto en consumo de los hogares se habr\u00eda situado en el 0,7% en el segundo trimestre<\/strong>, frente al 0,4% del trimestre anterior, si bien el consumo habr\u00eda mostrado una \u00abevoluci\u00f3n \u00abm\u00e1s moderada\u00bb entre enero y junio de este a\u00f1o que en la segunda mitad de 2016.<\/p>\n<p>De esta forma, calculaba que la <strong>contribuci\u00f3n de la demanda nacional habr\u00eda sido del 0,8%<\/strong> en el segundo trimestre (dos d\u00e9cimas m\u00e1s que en el primer trimestre), frente al 0,1% de la demanda exterior neta (una d\u00e9cima menos que en el primer trimestre).<\/p>\n","protected":false},"excerpt":{"rendered":"<p>Seg\u00fan datos del Banco de Espa\u00f1a, el PIB ha acelerado su crecimiento en el segundo trimestre del a\u00f1o. La tasa interanual se eleva al 3,1%.<\/p>\n","protected":false},"author":3,"featured_media":23164,"comment_status":"open","ping_status":"closed","sticky":false,"template":"","format":"standard","meta":{"_lmt_disableupdate":"yes","_lmt_disable":"","footnotes":""},"categories":[1],"tags":[29,195],"class_list":["post-23161","post","type-post","status-publish","format-standard","has-post-thumbnail","hentry","category-sin-categoria","tag-banco-de-espana","tag-pib"],"modified_by":"Albert PC","_links":{"self":[{"href":"https:\/\/www.fotocasa.es\/fotocasa-life\/wp-json\/wp\/v2\/posts\/23161","targetHints":{"allow":["GET"]}}],"collection":[{"href":"https:\/\/www.fotocasa.es\/fotocasa-life\/wp-json\/wp\/v2\/posts"}],"about":[{"href":"https:\/\/www.fotocasa.es\/fotocasa-life\/wp-json\/wp\/v2\/types\/post"}],"author":[{"embeddable":true,"href":"https:\/\/www.fotocasa.es\/fotocasa-life\/wp-json\/wp\/v2\/users\/3"}],"replies":[{"embeddable":true,"href":"https:\/\/www.fotocasa.es\/fotocasa-life\/wp-json\/wp\/v2\/comments?post=23161"}],"version-history":[{"count":0,"href":"https:\/\/www.fotocasa.es\/fotocasa-life\/wp-json\/wp\/v2\/posts\/23161\/revisions"}],"wp:featuredmedia":[{"embeddable":true,"href":"https:\/\/www.fotocasa.es\/fotocasa-life\/wp-json\/wp\/v2\/media\/23164"}],"wp:attachment":[{"href":"https:\/\/www.fotocasa.es\/fotocasa-life\/wp-json\/wp\/v2\/media?parent=23161"}],"wp:term":[{"taxonomy":"category","embeddable":true,"href":"https:\/\/www.fotocasa.es\/fotocasa-life\/wp-json\/wp\/v2\/categories?post=23161"},{"taxonomy":"post_tag","embeddable":true,"href":"https:\/\/www.fotocasa.es\/fotocasa-life\/wp-json\/wp\/v2\/tags?post=23161"}],"curies":[{"name":"wp","href":"https:\/\/api.w.org\/{rel}","templated":true}]}}