{"id":23123,"date":"2017-07-28T11:13:01","date_gmt":"2017-07-28T09:13:01","guid":{"rendered":"https:\/\/www.fotocasa.es\/fotocasa-life\/?p=23123"},"modified":"2020-11-27T13:41:31","modified_gmt":"2020-11-27T12:41:31","slug":"abanca-preve-finalizar-el-proceso-de-clausulas-suelo-este-ano-y-llegar-a-acuerdos-en-la-mayoria-de-casos","status":"publish","type":"post","link":"https:\/\/www.fotocasa.es\/fotocasa-life\/hipotecas-finanzas\/abanca-preve-finalizar-el-proceso-de-clausulas-suelo-este-ano-y-llegar-a-acuerdos-en-la-mayoria-de-casos\/","title":{"rendered":"Abanca prev\u00e9 finalizar el proceso de cl\u00e1usulas suelo este a\u00f1o y llegar a acuerdos en la mayor\u00eda de casos"},"content":{"rendered":"<div id=\"NoticiaPrincipal\">\n<div id=\"CuerpoNoticia\" class=\"NormalTextoNoticia\">\n<p>El presidente de Abanca, Juan Carlos Escotet, ha avanzado que la entidad <strong>prev\u00e9 finalizar este a\u00f1o el proceso abierto por las reclamaciones de clientes con <a href=\"https:\/\/www.fotocasa.es\/fotocasa-life\/sin-categoria\/bancos-deberan-informar-antes-del-6-de-noviembre-sobre-las-reclamaciones-recibidas-por-clausulas-suelo\">cl\u00e1usulas suelo<\/a><\/strong>, y ha considerado que ser\u00e1n \u00abcapaces de llegar a acuerdos en la mayor\u00eda de casos\u00bb.<\/p>\n<p>Al ser cuestionado por este tema durante una rueda de prensa celebrada este jueves en Vigo, Escotet ha apuntado que este tema \u00abha tenido cero ruido en -esta- zona\u00bb, y ha remarcado que <strong>se han atendido \u00abtodas las solicitudes que han llegado, con normalidad\u00bb.<\/strong><\/p>\n<p>En relaci\u00f3n con esto, ha explicado que <strong>se han analizado los casos \u00abuno a uno, no pod\u00eda ser una barra libre; y todo con rigor y respeto a los reales decretos y la normativa sobre esta materia\u00bb<\/strong>. \u00abDesde ya, adelanto que con absoluta y total normalidad\u00bb, ha apostillado.<\/p>\n<p>Tras ello, ha manifestado que \u00abde aqu\u00ed a final de a\u00f1o el proceso estar\u00e1 totalmente concluido\u00bb y ha considerado que ser\u00e1n \u00abcapaces de llegar a acuerdos en la mayor\u00eda de casos\u00bb. <strong>\u00abDe haber alguna demanda ser\u00e1 en magnitud marginal\u00bb, ha adelantado el presidente de este banco<\/strong>, que, por el acuerdo de compraventa con el FROB, asumir\u00e1 un 15% de las cuant\u00edas y el FROB el 85 restante.<\/p>\n<\/div>\n<\/div>\n","protected":false},"excerpt":{"rendered":"<p>Abanca concluir\u00e1 el procedimiento de devoluci\u00f3n de cl\u00e1usulas suelo a finales de este mismo a\u00f1o, habiendo llegado a acuerdos en la mayor\u00eda de casos.<\/p>\n","protected":false},"author":3,"featured_media":21863,"comment_status":"open","ping_status":"closed","sticky":false,"template":"","format":"standard","meta":{"_lmt_disableupdate":"yes","_lmt_disable":"","footnotes":""},"categories":[6],"tags":[46,47],"class_list":["post-23123","post","type-post","status-publish","format-standard","has-post-thumbnail","hentry","category-hipotecas-finanzas","tag-clausulas-abusivas","tag-clausulas-suelo"],"modified_by":"fotocasa","_links":{"self":[{"href":"https:\/\/www.fotocasa.es\/fotocasa-life\/wp-json\/wp\/v2\/posts\/23123","targetHints":{"allow":["GET"]}}],"collection":[{"href":"https:\/\/www.fotocasa.es\/fotocasa-life\/wp-json\/wp\/v2\/posts"}],"about":[{"href":"https:\/\/www.fotocasa.es\/fotocasa-life\/wp-json\/wp\/v2\/types\/post"}],"author":[{"embeddable":true,"href":"https:\/\/www.fotocasa.es\/fotocasa-life\/wp-json\/wp\/v2\/users\/3"}],"replies":[{"embeddable":true,"href":"https:\/\/www.fotocasa.es\/fotocasa-life\/wp-json\/wp\/v2\/comments?post=23123"}],"version-history":[{"count":0,"href":"https:\/\/www.fotocasa.es\/fotocasa-life\/wp-json\/wp\/v2\/posts\/23123\/revisions"}],"wp:featuredmedia":[{"embeddable":true,"href":"https:\/\/www.fotocasa.es\/fotocasa-life\/wp-json\/wp\/v2\/media\/21863"}],"wp:attachment":[{"href":"https:\/\/www.fotocasa.es\/fotocasa-life\/wp-json\/wp\/v2\/media?parent=23123"}],"wp:term":[{"taxonomy":"category","embeddable":true,"href":"https:\/\/www.fotocasa.es\/fotocasa-life\/wp-json\/wp\/v2\/categories?post=23123"},{"taxonomy":"post_tag","embeddable":true,"href":"https:\/\/www.fotocasa.es\/fotocasa-life\/wp-json\/wp\/v2\/tags?post=23123"}],"curies":[{"name":"wp","href":"https:\/\/api.w.org\/{rel}","templated":true}]}}