{"id":23082,"date":"2017-07-26T09:54:25","date_gmt":"2017-07-26T07:54:25","guid":{"rendered":"https:\/\/www.fotocasa.es\/fotocasa-life\/?p=23082"},"modified":"2020-11-27T13:41:32","modified_gmt":"2020-11-27T12:41:32","slug":"la-comision-de-seguimiento-de-las-clausulas-suelo-se-reune-hoy-por-primera-vez","status":"publish","type":"post","link":"https:\/\/www.fotocasa.es\/fotocasa-life\/hipotecas-finanzas\/la-comision-de-seguimiento-de-las-clausulas-suelo-se-reune-hoy-por-primera-vez\/","title":{"rendered":"La comisi\u00f3n de seguimiento de las cl\u00e1usulas suelo se re\u00fane hoy por primera vez"},"content":{"rendered":"<p>La comisi\u00f3n de seguimiento encargada de evaluar el grado de cumplimiento del mecanismo extrajudicial para la devoluci\u00f3n de las cantidades indebidamente cobradas en concepto de <a href=\"https:\/\/www.fotocasa.es\/fotocasa-life\/hipotecas-finanzas\/el-primer-fallo-del-juzgado-especial-de-barcelona-de-clausulas-suelo-condena-a-sabadell-a-devolver-lo-cobrado\/\">cl\u00e1usulas suelo<\/a> establecido por el Gobierno<strong> se re\u00fane por primera vez este mi\u00e9rcoles, 26 de julio.<\/strong><\/p>\n<p><strong>El secretario general del Banco de Espa\u00f1a<\/strong>, Francisco Javier Priego, ha sido nombrado secretario de esta comisi\u00f3n, que estar\u00e1 presidida por el subgobernador del Banco de Espa\u00f1a, Javier Alonso, como se dio a conocer en el momento de la aprobaci\u00f3n de la misma. El secretario suplente es Julio Gil, perteneciente a la Secretar\u00eda General de la instituci\u00f3n. El secretario acude a la reuni\u00f3n con voz, pero sin voto.<\/p>\n<p>La reuni\u00f3n de hoy,<strong> la primera desde que el Gobierno aprobara la puesta en marcha de esta comisi\u00f3n el pasado 26 de mayo<\/strong>, contar\u00e1 con la presencia del Ministerio de Econom\u00eda, Industria y Competitividad a trav\u00e9s del secretario general t\u00e9cnico Alejandro Rubio.<\/p>\n<p><strong>Por parte del Ministerio de Justicia<\/strong> acudir\u00e1 el director general de Relaciones con la Administraci\u00f3n de Justicia, Joaqu\u00edn Delgado Mart\u00edn, y el Consejo General del Poder Judicial, por su parte, estar\u00e1 representado por el vocal del mismo, Gerardo Mart\u00ednez.<\/p>\n<p><strong>El Ministerio de Sanidad, Servicios Sociales e Igualdad<\/strong> estar\u00e1 presente a trav\u00e9s de Teresa Robledo de Dios, directora ejecutiva de la Agencia Espa\u00f1ola de Consumo, Seguridad Alimentaria y Nutrici\u00f3n.<\/p>\n<p><strong>Como representante del Consejo de Consumidores y Usuarios<\/strong> acudir\u00e1 el presidente de Adicae, Manuel Pardos, y el del Consejo General de la Abogac\u00eda Espa\u00f1ola ser\u00e1 el decano del Colegio de Abogados de Elche Vicente Pascual. Por \u00faltimo, Santos Gonz\u00e1lez acudir\u00e1 en nombre de la Asociaci\u00f3n Hipotecaria Espa\u00f1ola.<\/p>\n<p>&nbsp;<\/p>\n<p><strong>La comisi\u00f3n publicar\u00e1 un informe semestral<\/strong><\/p>\n<p>Esta comisi\u00f3n tiene el encargo de <strong>recabar y evaluar la informaci\u00f3n que le traslade el Banco de Espa\u00f1a obtenida de las entidades de cr\u00e9dito<\/strong> y publicar con periocididad semestral un informe en el que eval\u00fae el grado de cumplimiento del mecanismo extrajudicial.<\/p>\n<p>Concretamente, las entidades deber\u00e1n remitir al supervisor informaci\u00f3n sobre el n\u00famero de <strong>solicitudes presentadas para la devoluci\u00f3n de lo cobrado en concepto de cl\u00e1usulas suelo<\/strong> y, de ellas, las que han terminado en acuerdo y las que no, as\u00ed como los motivos.<\/p>\n<p>Tambi\u00e9n deber\u00e1n informar del <strong>importe correspondiente a las solicitudes presentadas<\/strong>; el n\u00famero e importe de las medidas compensatorias que se hayan establecido en lugar de la devoluci\u00f3n del efectivo y el sistema que se haya implantado para garantizar la comunicaci\u00f3n previa a los consumidores con cl\u00e1usulas suelo en sus contratos.<\/p>\n<p>Adem\u00e1s, la comisi\u00f3n podr\u00e1 solicitar al Ministerio de Justicia <strong>informaci\u00f3n sobre procedimientos judiciales en los que se ejerciten acciones individuales<\/strong> sobre condiciones generales de la contrataci\u00f3n incluidas en contratos de financiaci\u00f3n con garant\u00edas reales inmobiliarias y cuyo prestatario sea una persona f\u00edsica.<\/p>\n","protected":false},"excerpt":{"rendered":"<p>Hoy mi\u00e9rcoles se celebrar\u00e1 la primera reuni\u00f3n de la comisi\u00f3n de seguimiento de las cl\u00e1usulas suelo. En esta se rendir\u00e1n cuentas por primera vez.<\/p>\n","protected":false},"author":3,"featured_media":18990,"comment_status":"open","ping_status":"closed","sticky":false,"template":"","format":"standard","meta":{"_lmt_disableupdate":"yes","_lmt_disable":"","footnotes":""},"categories":[6],"tags":[47,1286],"class_list":["post-23082","post","type-post","status-publish","format-standard","has-post-thumbnail","hentry","category-hipotecas-finanzas","tag-clausulas-suelo","tag-organo-de-control-de-clausulas-abusivas"],"modified_by":"Albert PC","_links":{"self":[{"href":"https:\/\/www.fotocasa.es\/fotocasa-life\/wp-json\/wp\/v2\/posts\/23082","targetHints":{"allow":["GET"]}}],"collection":[{"href":"https:\/\/www.fotocasa.es\/fotocasa-life\/wp-json\/wp\/v2\/posts"}],"about":[{"href":"https:\/\/www.fotocasa.es\/fotocasa-life\/wp-json\/wp\/v2\/types\/post"}],"author":[{"embeddable":true,"href":"https:\/\/www.fotocasa.es\/fotocasa-life\/wp-json\/wp\/v2\/users\/3"}],"replies":[{"embeddable":true,"href":"https:\/\/www.fotocasa.es\/fotocasa-life\/wp-json\/wp\/v2\/comments?post=23082"}],"version-history":[{"count":0,"href":"https:\/\/www.fotocasa.es\/fotocasa-life\/wp-json\/wp\/v2\/posts\/23082\/revisions"}],"wp:featuredmedia":[{"embeddable":true,"href":"https:\/\/www.fotocasa.es\/fotocasa-life\/wp-json\/wp\/v2\/media\/18990"}],"wp:attachment":[{"href":"https:\/\/www.fotocasa.es\/fotocasa-life\/wp-json\/wp\/v2\/media?parent=23082"}],"wp:term":[{"taxonomy":"category","embeddable":true,"href":"https:\/\/www.fotocasa.es\/fotocasa-life\/wp-json\/wp\/v2\/categories?post=23082"},{"taxonomy":"post_tag","embeddable":true,"href":"https:\/\/www.fotocasa.es\/fotocasa-life\/wp-json\/wp\/v2\/tags?post=23082"}],"curies":[{"name":"wp","href":"https:\/\/api.w.org\/{rel}","templated":true}]}}