{"id":22648,"date":"2017-07-14T09:09:03","date_gmt":"2017-07-14T07:09:03","guid":{"rendered":"https:\/\/www.fotocasa.es\/fotocasa-life\/?p=22648"},"modified":"2020-11-27T13:41:46","modified_gmt":"2020-11-27T12:41:46","slug":"ideas-decorar-la-terraza","status":"publish","type":"post","link":"https:\/\/www.fotocasa.es\/fotocasa-life\/hogar\/ideas-decorar-la-terraza\/","title":{"rendered":"Ideas para decorar la terraza m\u00e1s veraniega"},"content":{"rendered":"<h2>La terraza se convertir\u00e1 en el epicentro de tu casa para ti y tus amigos gracias a estos cinco consejos b\u00e1sicos de decoraci\u00f3n barata y muy veraniega.<\/h2>\n<p><strong>La terraza<\/strong> en verano apetece. \u00c9sta estancia vuelve a convertirse en la estancia preferida de la casa. Las noches estivales invitan a estar al aire libre y a disfrutar de cenas y comidas con nuestros amigos y familiares. Por eso, ha llegado el momento de ponernos manos a la obra en <a href=\"https:\/\/www.fotocasa.es\/fotocasa-life\/alquiler\/terrazas-ensueno-disfrutar-del-verano\/\">nuestras terrazas<\/a>, <a href=\"https:\/\/www.fotocasa.es\/fotocasa-life\/hogar\/decoracion\/pon-apunto-los-muebles-exterior-verano\/\">quitar el polvo del <strong>mobiliario exterior<\/strong> <\/a>y volver a darle vida al espacio abandonado durante los meses de invierno.<\/p>\n<p>Atento, vamos a proponeros varias opciones que pueden resucitar tu terraza y darle el toque perfecto para disfrutar de las mejores veladas de verano.<\/p>\n<p>&nbsp;<\/p>\n<h3><strong>Guirnaldas<\/strong><\/h3>\n<p>Solemos darle mucha importancia a la elecci\u00f3n de los muebles para la terraza, y s\u00ed, son muy importantes. No obstante, si s\u00f3lo pusieras los muebles, sin nada m\u00e1s, tendr\u00edas esa sensaci\u00f3n de que est\u00e1 vac\u00eda de personalidad. Eso demuestra la importancia que tienen los detalles y los accesorios a la hora de completar ese espacio tan deseado de la casa. As\u00ed que, apuesta por los <strong>elementos decorativos como las \u00a0guirnaldas<\/strong>, que tienen un coste econ\u00f3mico bajo y nos permiten dar un aire verbenero de alegr\u00eda y buen que necesita nuestra terraza. Con \u00e9sto no nos estamos refiriendo a los banderines baratos de pl\u00e1stico, sino que hablamos de guirnaldas con estilo. Puedes comprarlas en cualquier tienda o bien hacerlas tu mismo con telas, papel scrapbooking, materiales reciclables, etc.<\/p>\n<p><\/p>\n<div id=\"attachment_22650\" style=\"width: 560px\" class=\"wp-caption aligncenter\"><img loading=\"lazy\" decoding=\"async\" aria-describedby=\"caption-attachment-22650\" class=\"wp-image-22650 size-full\" src=\"https:\/\/www.fotocasa.es\/fotocasa-life\/wp-content\/uploads\/2017\/07\/b05329b1cb14b8b0555737bd49b0e10c.jpg\" alt=\"No es necesario gastar mucho dinero para decorar la terraza.\" width=\"550\" height=\"550\" title=\"-\" srcset=\"https:\/\/www.fotocasa.es\/fotocasa-life\/wp-content\/uploads\/2017\/07\/b05329b1cb14b8b0555737bd49b0e10c.jpg 550w, https:\/\/www.fotocasa.es\/fotocasa-life\/wp-content\/uploads\/2017\/07\/b05329b1cb14b8b0555737bd49b0e10c-300x300.jpg 300w, https:\/\/www.fotocasa.es\/fotocasa-life\/wp-content\/uploads\/2017\/07\/b05329b1cb14b8b0555737bd49b0e10c-150x150.jpg 150w\" sizes=\"auto, (max-width: 550px) 100vw, 550px\" \/><p id=\"caption-attachment-22650\" class=\"wp-caption-text\">Foto: Pinterest<\/p><\/div>\n<h3><strong>Luces<\/strong><\/h3>\n<p>Cuando baja el calor y el sol empieza a esconderse es cuando la terraza cobra valor y se exprimen las horas en ella. Eso significa que deber\u00e1s prever un sistema de iluminaci\u00f3n que se adec\u00fae a tus necesidades y al espacio para crear <a href=\"https:\/\/www.fotocasa.es\/fotocasa-life\/hogar\/decoracion\/como-dar-intimidad-los-espacios-exteriores\/\">un ambiente m\u00e1s acogedor, \u00edntimo y rom\u00e1ntico<\/a>. <strong>Las guirnaldas de luces<\/strong> son un recurso ideal para crearlo. Es un m\u00e9todo econ\u00f3mico, r\u00e1pido y con un resultado incre\u00edble.<\/p>\n<p>Puedes comprar unas nuevas o bien <strong>aprovechar las luces de Navidad<\/strong> y transformarlas. Hacerlo es m\u00e1s f\u00e1cil de lo que parece con vasitos desechables de colores o con el papel que recubre las magdalenas. Tan solo haz un agujerito para pasar la lucecita y tendr\u00e1s una guirnalda DIY de lo m\u00e1s veraniega.<\/p>\n<p><\/p>\n<div id=\"attachment_22651\" style=\"width: 700px\" class=\"wp-caption aligncenter\"><img loading=\"lazy\" decoding=\"async\" aria-describedby=\"caption-attachment-22651\" class=\"wp-image-22651\" src=\"https:\/\/www.fotocasa.es\/fotocasa-life\/wp-content\/uploads\/2017\/07\/7300010a28bebeff40d018fac7ae4f3b.jpg\" alt=\"La terraza cobra valor cuando el sol desaparece, dec\u00f3rala de forma simple y barata.\" width=\"690\" height=\"690\" title=\"-\" srcset=\"https:\/\/www.fotocasa.es\/fotocasa-life\/wp-content\/uploads\/2017\/07\/7300010a28bebeff40d018fac7ae4f3b.jpg 400w, https:\/\/www.fotocasa.es\/fotocasa-life\/wp-content\/uploads\/2017\/07\/7300010a28bebeff40d018fac7ae4f3b-300x300.jpg 300w, https:\/\/www.fotocasa.es\/fotocasa-life\/wp-content\/uploads\/2017\/07\/7300010a28bebeff40d018fac7ae4f3b-150x150.jpg 150w\" sizes=\"auto, (max-width: 690px) 100vw, 690px\" \/><p id=\"caption-attachment-22651\" class=\"wp-caption-text\">Foto: Pinterest<\/p><\/div>\n<h3><strong>Mobiliario con <\/strong><strong>pal\u00e9ts<\/strong><\/h3>\n<p>El tema del \u2018sello personal\u2019 a la hora de decorar un espacio est\u00e1 cobrando fuerza en las redes sociales. S\u00famate a la moda y crea un conjunto de terraza hecho con palets, marcar\u00e1s la diferencia. Es una ideal genial y muy original para amueblar el exterior de tu casa con un coste muy inferior de cualquier otro mobiliario de terraza que puedes adquirir en tiendas. Dada <strong>la resistencia de este material<\/strong> y el aire r\u00fastico que le aporta a los muebles, no tendr\u00e1s problema para que resistan vientos y otras inclemencias meteorol\u00f3gicas.<\/p>\n<p><\/p>\n<div id=\"attachment_22652\" style=\"width: 374px\" class=\"wp-caption aligncenter\"><img loading=\"lazy\" decoding=\"async\" aria-describedby=\"caption-attachment-22652\" class=\"wp-image-22652 size-full\" src=\"https:\/\/www.fotocasa.es\/fotocasa-life\/wp-content\/uploads\/2017\/07\/591b4618e4840f5c7147d3b99c4ced34.jpg\" alt=\"La terraza decorada con palets triunfar\u00e1 entre tus amigos.\" width=\"364\" height=\"400\" title=\"-\" srcset=\"https:\/\/www.fotocasa.es\/fotocasa-life\/wp-content\/uploads\/2017\/07\/591b4618e4840f5c7147d3b99c4ced34.jpg 364w, https:\/\/www.fotocasa.es\/fotocasa-life\/wp-content\/uploads\/2017\/07\/591b4618e4840f5c7147d3b99c4ced34-273x300.jpg 273w, https:\/\/www.fotocasa.es\/fotocasa-life\/wp-content\/uploads\/2017\/07\/591b4618e4840f5c7147d3b99c4ced34-137x150.jpg 137w\" sizes=\"auto, (max-width: 364px) 100vw, 364px\" \/><p id=\"caption-attachment-22652\" class=\"wp-caption-text\">Foto: Pinterest<\/p><\/div>\n<h3><strong>Sistema de sombreado<\/strong><\/h3>\n<p>Tomar el sol en casa y c\u00f3modamente es uno de los principales lujos y objetivos de quien tiene una terraza, pero no hay que olvidarse de que la sombra es igual de necesaria. Hay sistemas de sombreado para todos los gustos y para todos los bolsillos. Desde una sencilla <strong>sombrilla de pie<\/strong> a una <strong>p\u00e9rgola<\/strong>, pasando por los t<strong>echos de ca\u00f1izo<\/strong> o los <strong>toldos<\/strong> de toda la vida. Lo importante es que cuentes con alg\u00fan sistema que te permita refugiarte del sol y poder seguir disfrutando de tu terraza, aunque puedas fre\u00edr un huevo en el cent\u00edmetro de baldosa desprotegida del sol.<\/p>\n<p><\/p>\n<div id=\"attachment_22653\" style=\"width: 565px\" class=\"wp-caption aligncenter\"><img loading=\"lazy\" decoding=\"async\" aria-describedby=\"caption-attachment-22653\" class=\"wp-image-22653 size-full\" src=\"https:\/\/www.fotocasa.es\/fotocasa-life\/wp-content\/uploads\/2017\/07\/b81a5e6c92621b557410493a19defed7.jpg\" alt=\"Cualquier soluci\u00f3n es buena para tapar el sol de la terraza durante las horas centrales del d\u00eda.\" width=\"555\" height=\"833\" title=\"-\" srcset=\"https:\/\/www.fotocasa.es\/fotocasa-life\/wp-content\/uploads\/2017\/07\/b81a5e6c92621b557410493a19defed7.jpg 555w, https:\/\/www.fotocasa.es\/fotocasa-life\/wp-content\/uploads\/2017\/07\/b81a5e6c92621b557410493a19defed7-200x300.jpg 200w, https:\/\/www.fotocasa.es\/fotocasa-life\/wp-content\/uploads\/2017\/07\/b81a5e6c92621b557410493a19defed7-100x150.jpg 100w\" sizes=\"auto, (max-width: 555px) 100vw, 555px\" \/><p id=\"caption-attachment-22653\" class=\"wp-caption-text\">Foto: Pinterest<\/p><\/div>\n<h3><strong>Mesas decoradas<\/strong><\/h3>\n<p>La clave para decorar la mesa reside en colocar un mantel o un camino de mesa alegres. Aunque si prefieres optar por tonos m\u00e1s neutros, entonces puedes aportar color con <strong>flores frescas<\/strong> y poniendo vasos de colores a modo de decoraci\u00f3n. Para tus fiestas, puedes marcar el lugar de cada invitado con pizarritas, es un detalle que seguro que les encantar\u00e1.<\/p>\n<p><\/p>\n","protected":false},"excerpt":{"rendered":"<p>La terraza se convertir\u00e1 en el epicentro de tu casa para ti y tus amigos gracias a estos cinco consejos b\u00e1sicos de decoraci\u00f3n barata y muy veraniega. La terraza en verano apetece. \u00c9sta estancia vuelve a convertirse en la estancia preferida de la casa. Las noches estivales invitan a estar al aire libre y a&#8230;<\/p>\n","protected":false},"author":24,"featured_media":22654,"comment_status":"open","ping_status":"closed","sticky":false,"template":"","format":"standard","meta":{"_lmt_disableupdate":"yes","_lmt_disable":"","footnotes":""},"categories":[2285,4],"tags":[2435,487,2436],"class_list":["post-22648","post","type-post","status-publish","format-standard","has-post-thumbnail","hentry","category-hogar","category-decoracion","tag-decoracion-terraza","tag-terraza","tag-terraza-de-verano"],"modified_by":"Albert PC","_links":{"self":[{"href":"https:\/\/www.fotocasa.es\/fotocasa-life\/wp-json\/wp\/v2\/posts\/22648","targetHints":{"allow":["GET"]}}],"collection":[{"href":"https:\/\/www.fotocasa.es\/fotocasa-life\/wp-json\/wp\/v2\/posts"}],"about":[{"href":"https:\/\/www.fotocasa.es\/fotocasa-life\/wp-json\/wp\/v2\/types\/post"}],"author":[{"embeddable":true,"href":"https:\/\/www.fotocasa.es\/fotocasa-life\/wp-json\/wp\/v2\/users\/24"}],"replies":[{"embeddable":true,"href":"https:\/\/www.fotocasa.es\/fotocasa-life\/wp-json\/wp\/v2\/comments?post=22648"}],"version-history":[{"count":0,"href":"https:\/\/www.fotocasa.es\/fotocasa-life\/wp-json\/wp\/v2\/posts\/22648\/revisions"}],"wp:featuredmedia":[{"embeddable":true,"href":"https:\/\/www.fotocasa.es\/fotocasa-life\/wp-json\/wp\/v2\/media\/22654"}],"wp:attachment":[{"href":"https:\/\/www.fotocasa.es\/fotocasa-life\/wp-json\/wp\/v2\/media?parent=22648"}],"wp:term":[{"taxonomy":"category","embeddable":true,"href":"https:\/\/www.fotocasa.es\/fotocasa-life\/wp-json\/wp\/v2\/categories?post=22648"},{"taxonomy":"post_tag","embeddable":true,"href":"https:\/\/www.fotocasa.es\/fotocasa-life\/wp-json\/wp\/v2\/tags?post=22648"}],"curies":[{"name":"wp","href":"https:\/\/api.w.org\/{rel}","templated":true}]}}